{"id":41403,"date":"2014-01-02T09:16:47","date_gmt":"2014-01-02T12:16:47","guid":{"rendered":"http:\/\/www.eltrabajo.cl\/portal\/?p=41403"},"modified":"2014-01-02T09:16:47","modified_gmt":"2014-01-02T12:16:47","slug":"trabajadores-del-puerto-terrestre-inician-huelga-legal-indefinida","status":"publish","type":"post","link":"https:\/\/eltrabajo.cl\/portal\/trabajadores-del-puerto-terrestre-inician-huelga-legal-indefinida\/","title":{"rendered":"Trabajadores del Puerto Terrestre inician huelga legal indefinida"},"content":{"rendered":"<figure id=\"attachment_41404\" aria-describedby=\"caption-attachment-41404\" style=\"width: 529px\" class=\"wp-caption alignnone\"><a href=\"https:\/\/i0.wp.com\/www.eltrabajo.cl\/portal\/wp-content\/uploads\/2014\/01\/Huelga2.jpg\"><img data-recalc-dims=\"1\" loading=\"lazy\" decoding=\"async\" class=\"size-full wp-image-41404\" title=\"LA HUELGA.- A contar de este 31 de diciembre, se inicia de manera oficial la huelga legal de uno de los tres sindicatos de movilizadores del Puerto Terrestre de Los Andes.\" alt=\"LA HUELGA.- A contar de este 31 de diciembre, se inicia de manera oficial la huelga legal de uno de los tres sindicatos de movilizadores del Puerto Terrestre de Los Andes.\" src=\"https:\/\/i0.wp.com\/www.eltrabajo.cl\/portal\/wp-content\/uploads\/2014\/01\/Huelga2.jpg?resize=529%2C355\" width=\"529\" height=\"355\" srcset=\"https:\/\/i0.wp.com\/eltrabajo.cl\/portal\/wp-content\/uploads\/2014\/01\/Huelga2.jpg?w=529&amp;ssl=1 529w, https:\/\/i0.wp.com\/eltrabajo.cl\/portal\/wp-content\/uploads\/2014\/01\/Huelga2.jpg?resize=200%2C134&amp;ssl=1 200w, https:\/\/i0.wp.com\/eltrabajo.cl\/portal\/wp-content\/uploads\/2014\/01\/Huelga2.jpg?resize=300%2C201&amp;ssl=1 300w, https:\/\/i0.wp.com\/eltrabajo.cl\/portal\/wp-content\/uploads\/2014\/01\/Huelga2.jpg?resize=150%2C100&amp;ssl=1 150w, https:\/\/i0.wp.com\/eltrabajo.cl\/portal\/wp-content\/uploads\/2014\/01\/Huelga2.jpg?resize=400%2C268&amp;ssl=1 400w\" sizes=\"auto, (max-width: 529px) 100vw, 529px\" \/><\/a><figcaption id=\"caption-attachment-41404\" class=\"wp-caption-text\">LA HUELGA.- A contar de este 31 de diciembre, se inicia de manera oficial la huelga legal de uno de los tres sindicatos de movilizadores del Puerto Terrestre de Los Andes.<\/figcaption><\/figure>\n<p><strong>LOS ANDES.<\/strong>&#8211; A contar de este 31 de diciembre, se inici\u00f3 de manera oficial la huelga legal de uno de los tres sindicatos de movilizadores del Puerto Terrestre de Los Andes, luego que fracasaran las gestiones de los buenos oficios ante la Inspecci\u00f3n del Trabajo.<\/p>\n<p>As\u00ed lo anunci\u00f3 el Presidente del Sindicato, Jos\u00e9 Ampuero Hidalgo, quien se\u00f1al\u00f3 que como trabajadores hicieron los m\u00e1ximos esfuerzos para buscar un acuerdo con la administraci\u00f3n, accediendo a rebajar sus pretensiones en algunos puntos, pero en otros la empresa se mantuvo intransigente.<\/p>\n<p>Entre los puntos que trabaron la negociaci\u00f3n, est\u00e1 el incremento del 5% de los salarios para el segundo a\u00f1o de la duraci\u00f3n del convenio colectivo, ya que s\u00f3lo la empresa est\u00e1 ofertando el IPC.<\/p>\n<p>Asimismo, tampoco se logr\u00f3 la nivelaci\u00f3n de remuneraciones entre los movilizadores en un piso de 450.000 pesos. Ampuero afirm\u00f3 que para esta huelga cuentan con el pleno apoyo de la Confederaci\u00f3n de Trabajadores del Cobre a trav\u00e9s de la Federaci\u00f3n de Sindicatos de empresas Contratistas de Andina (Fetramin).<\/p>\n<p>Por otra parte, el dirigente denunci\u00f3 al Gerente de Operaciones del PTLA, H\u00e9ctor Carvacho, de estar llevando adelante pr\u00e1cticas anti-sindicales al estar amedrentando a los trabajadores para que no se sumen a la huelga. Si bien por motivo de las fiestas de fin de a\u00f1o el flujo de camiones es m\u00ednimo, a partir del jueves cuando se normalice el ingreso y salida de veh\u00edculos de carga la situaci\u00f3n podr\u00eda tornarse ca\u00f3tica, ya que los trabajadores impedir\u00e1n el acceso al Puerto Terrestre.<\/p>\n<p>&nbsp;<\/p>\n","protected":false},"excerpt":{"rendered":"<p>LOS ANDES.&#8211; A contar de este 31 de diciembre, se inici\u00f3 de manera oficial la huelga legal de uno de los tres sindicatos de movilizadores del Puerto Terrestre de Los Andes, luego&#8230;<\/p>\n","protected":false},"author":482,"featured_media":41404,"comment_status":"open","ping_status":"closed","sticky":false,"template":"","format":"standard","meta":{"advanced_seo_description":"","jetpack_seo_html_title":"","jetpack_seo_noindex":false,"_jetpack_memberships_contains_paid_content":false,"footnotes":""},"categories":[15],"tags":[],"class_list":["post-41403","post","type-post","status-publish","format-standard","has-post-thumbnail","hentry","category-comunidad"],"jetpack_featured_media_url":"https:\/\/i0.wp.com\/eltrabajo.cl\/portal\/wp-content\/uploads\/2014\/01\/Huelga2.jpg?fit=529%2C355&ssl=1","jetpack_sharing_enabled":true,"jetpack_likes_enabled":true,"jetpack-related-posts":[],"_links":{"self":[{"href":"https:\/\/eltrabajo.cl\/portal\/wp-json\/wp\/v2\/posts\/41403","targetHints":{"allow":["GET"]}}],"collection":[{"href":"https:\/\/eltrabajo.cl\/portal\/wp-json\/wp\/v2\/posts"}],"about":[{"href":"https:\/\/eltrabajo.cl\/portal\/wp-json\/wp\/v2\/types\/post"}],"author":[{"embeddable":true,"href":"https:\/\/eltrabajo.cl\/portal\/wp-json\/wp\/v2\/users\/482"}],"replies":[{"embeddable":true,"href":"https:\/\/eltrabajo.cl\/portal\/wp-json\/wp\/v2\/comments?post=41403"}],"version-history":[{"count":0,"href":"https:\/\/eltrabajo.cl\/portal\/wp-json\/wp\/v2\/posts\/41403\/revisions"}],"wp:featuredmedia":[{"embeddable":true,"href":"https:\/\/eltrabajo.cl\/portal\/wp-json\/wp\/v2\/media\/41404"}],"wp:attachment":[{"href":"https:\/\/eltrabajo.cl\/portal\/wp-json\/wp\/v2\/media?parent=41403"}],"wp:term":[{"taxonomy":"category","embeddable":true,"href":"https:\/\/eltrabajo.cl\/portal\/wp-json\/wp\/v2\/categories?post=41403"},{"taxonomy":"post_tag","embeddable":true,"href":"https:\/\/eltrabajo.cl\/portal\/wp-json\/wp\/v2\/tags?post=41403"}],"curies":[{"name":"wp","href":"https:\/\/api.w.org\/{rel}","templated":true}]}}