{"id":41406,"date":"2014-01-02T09:22:28","date_gmt":"2014-01-02T12:22:28","guid":{"rendered":"http:\/\/www.eltrabajo.cl\/portal\/?p=41406"},"modified":"2014-01-02T09:22:28","modified_gmt":"2014-01-02T12:22:28","slug":"campeones-regionales-de-cueca-bailan-por-dinero-para-ir-al-nacional","status":"publish","type":"post","link":"https:\/\/eltrabajo.cl\/portal\/campeones-regionales-de-cueca-bailan-por-dinero-para-ir-al-nacional\/","title":{"rendered":"Campeones regionales de cueca bailan por dinero para ir al Nacional"},"content":{"rendered":"<figure id=\"attachment_41407\" aria-describedby=\"caption-attachment-41407\" style=\"width: 423px\" class=\"wp-caption alignleft\"><a href=\"https:\/\/i0.wp.com\/www.eltrabajo.cl\/portal\/wp-content\/uploads\/2014\/01\/Genesis-BORQUEZ.jpg\"><img data-recalc-dims=\"1\" loading=\"lazy\" decoding=\"async\" class=\" wp-image-41407  \" title=\"G\u00e9nesis B\u00f3rquez y Daniel Gonz\u00e1lez.\" alt=\"G\u00e9nesis B\u00f3rquez y Daniel Gonz\u00e1lez.\" src=\"https:\/\/i0.wp.com\/www.eltrabajo.cl\/portal\/wp-content\/uploads\/2014\/01\/Genesis-BORQUEZ.jpg?resize=423%2C403\" width=\"423\" height=\"403\" srcset=\"https:\/\/i0.wp.com\/eltrabajo.cl\/portal\/wp-content\/uploads\/2014\/01\/Genesis-BORQUEZ.jpg?w=529&amp;ssl=1 529w, https:\/\/i0.wp.com\/eltrabajo.cl\/portal\/wp-content\/uploads\/2014\/01\/Genesis-BORQUEZ.jpg?resize=157%2C150&amp;ssl=1 157w, https:\/\/i0.wp.com\/eltrabajo.cl\/portal\/wp-content\/uploads\/2014\/01\/Genesis-BORQUEZ.jpg?resize=300%2C285&amp;ssl=1 300w, https:\/\/i0.wp.com\/eltrabajo.cl\/portal\/wp-content\/uploads\/2014\/01\/Genesis-BORQUEZ.jpg?resize=150%2C142&amp;ssl=1 150w, https:\/\/i0.wp.com\/eltrabajo.cl\/portal\/wp-content\/uploads\/2014\/01\/Genesis-BORQUEZ.jpg?resize=400%2C381&amp;ssl=1 400w\" sizes=\"auto, (max-width: 423px) 100vw, 423px\" \/><\/a><figcaption id=\"caption-attachment-41407\" class=\"wp-caption-text\">G\u00e9nesis B\u00f3rquez y Daniel Gonz\u00e1lez.<\/figcaption><\/figure>\n<p>Los Campeones Regionales de Cueca del Campeonato Espiga de Arroz de Parral, G\u00e9nesis B\u00f3rquez y Daniel Gonz\u00e1lez, se encuentran bailando en plena plaza de San Felipe recaudando dinero para participar en el campeonato nacional de dicho certamen. Esta pareja, acompa\u00f1ada de sus padres, familiares y amigos todos los d\u00edas se instala desde las 19:00 horas y hasta pasadas las 21:00 horas, en la esquina de la plaza de San Felipe frente al municipio, y despu\u00e9s de cancelar $3.000 para que un lustrabotas les convide corriente, instalan un equipo musical, comienzan a bailar la cueca e instalan algunas cajas donde los transe\u00fantes dejan sus monedas y en algunos escasos billetes.<\/p>\n<p>Fuimos testigos privilegiados la tarde de este lunes, de c\u00f3mo G\u00e9nesis y Daniel a pesar de la alta temperatura, bailaban la cueca como si estuvieran participando en un campeonato m\u00e1s, con la misma pasi\u00f3n, elegancia y ganas que bailan nuestra danza nacional, donde recib\u00edan el aplauso de quienes se deten\u00edan a mirar este hermoso baile.<\/p>\n<figure id=\"attachment_41408\" aria-describedby=\"caption-attachment-41408\" style=\"width: 423px\" class=\"wp-caption alignright\"><a href=\"https:\/\/i0.wp.com\/www.eltrabajo.cl\/portal\/wp-content\/uploads\/2014\/01\/bailan-genesis-borquez.jpg\"><img data-recalc-dims=\"1\" loading=\"lazy\" decoding=\"async\" class=\" wp-image-41408 \" title=\"CON GANAS.- G\u00e9nesis B\u00f3rquez y Daniel Gonz\u00e1lez siguen bailando cueca para recaudar fondos y poder ir al Nacional.\" alt=\"CON GANAS.- G\u00e9nesis B\u00f3rquez y Daniel Gonz\u00e1lez siguen bailando cueca para recaudar fondos y poder ir al Nacional.\" src=\"https:\/\/i0.wp.com\/www.eltrabajo.cl\/portal\/wp-content\/uploads\/2014\/01\/bailan-genesis-borquez.jpg?resize=423%2C282\" width=\"423\" height=\"282\" srcset=\"https:\/\/i0.wp.com\/eltrabajo.cl\/portal\/wp-content\/uploads\/2014\/01\/bailan-genesis-borquez.jpg?w=529&amp;ssl=1 529w, https:\/\/i0.wp.com\/eltrabajo.cl\/portal\/wp-content\/uploads\/2014\/01\/bailan-genesis-borquez.jpg?resize=200%2C133&amp;ssl=1 200w, https:\/\/i0.wp.com\/eltrabajo.cl\/portal\/wp-content\/uploads\/2014\/01\/bailan-genesis-borquez.jpg?resize=300%2C200&amp;ssl=1 300w, https:\/\/i0.wp.com\/eltrabajo.cl\/portal\/wp-content\/uploads\/2014\/01\/bailan-genesis-borquez.jpg?resize=150%2C100&amp;ssl=1 150w, https:\/\/i0.wp.com\/eltrabajo.cl\/portal\/wp-content\/uploads\/2014\/01\/bailan-genesis-borquez.jpg?resize=400%2C266&amp;ssl=1 400w\" sizes=\"auto, (max-width: 423px) 100vw, 423px\" \/><\/a><figcaption id=\"caption-attachment-41408\" class=\"wp-caption-text\">CON GANAS.- G\u00e9nesis B\u00f3rquez y Daniel Gonz\u00e1lez siguen bailando cueca para recaudar fondos y poder ir al Nacional.<\/figcaption><\/figure>\n<p>Daniel Gonz\u00e1lez dijo que esta es la segunda vez que realizan esta actividad, y que poco a poco perdieron la verg\u00fcenza, ya que bailar la cueca no importa el lugar, para ellos es algo maravilloso y que afortunadamente en las dos horas y algo que est\u00e1n en la plaza, logran recaudar casi $25.000 diarios, que esperan ocupar para comprar por ejemplo zapatos, que tal como lo muestran las fotograf\u00edas, ya pr\u00e1cticamente est\u00e1n inservibles, adem\u00e1s de poder juntar dinero para participar en el campeonato nacional que se desarrollar\u00e1 en la ciudad de Parral del 31 de enero al 3 de febrero.<\/p>\n<p>Valeska Arenas, madre de Daniel Gonz\u00e1lez, agradeci\u00f3 p\u00fablicamente el constante apoyo del municipio y el Alcalde Guillermo Reyes, quienes ya financian el traslado hasta la ciudad de Parral de los campeones regionales y de una peque\u00f1a delegaci\u00f3n, agregando que su hijo junto a G\u00e9nesis hacen esto con mucho esfuerzo y con ganas para juntar peso a peso, comprar la indumentaria, el calzado y representar dignamente a al quinta regi\u00f3n, aunque se\u00f1al\u00f3 que a pesar de haber pedido ayuda al municipio de San Felipe, nunca recibieron respuesta, pero que de todas formas bailar en la plaza pidiendo dinero es algo que lejos de sentir verg\u00fcenza lo hacen con mucho orgullo y con mucho amor.<\/p>\n<figure id=\"attachment_41409\" aria-describedby=\"caption-attachment-41409\" style=\"width: 370px\" class=\"wp-caption alignleft\"><a href=\"https:\/\/i0.wp.com\/www.eltrabajo.cl\/portal\/wp-content\/uploads\/2014\/01\/Zapato1.jpg\"><img data-recalc-dims=\"1\" loading=\"lazy\" decoding=\"async\" class=\" wp-image-41409 \" title=\"INSERVIBLES.- Con estos zapatos baila nuestro Campe\u00f3n Regional de Cueca. Nosotros les podemos ayudar a salir adelante en este proyecto familiar y cultural.\" alt=\"INSERVIBLES.- Con estos zapatos baila nuestro Campe\u00f3n Regional de Cueca. Nosotros les podemos ayudar a salir adelante en este proyecto familiar y cultural.\" src=\"https:\/\/i0.wp.com\/www.eltrabajo.cl\/portal\/wp-content\/uploads\/2014\/01\/Zapato1.jpg?resize=370%2C247\" width=\"370\" height=\"247\" srcset=\"https:\/\/i0.wp.com\/eltrabajo.cl\/portal\/wp-content\/uploads\/2014\/01\/Zapato1.jpg?w=529&amp;ssl=1 529w, https:\/\/i0.wp.com\/eltrabajo.cl\/portal\/wp-content\/uploads\/2014\/01\/Zapato1.jpg?resize=200%2C133&amp;ssl=1 200w, https:\/\/i0.wp.com\/eltrabajo.cl\/portal\/wp-content\/uploads\/2014\/01\/Zapato1.jpg?resize=300%2C200&amp;ssl=1 300w, https:\/\/i0.wp.com\/eltrabajo.cl\/portal\/wp-content\/uploads\/2014\/01\/Zapato1.jpg?resize=150%2C100&amp;ssl=1 150w, https:\/\/i0.wp.com\/eltrabajo.cl\/portal\/wp-content\/uploads\/2014\/01\/Zapato1.jpg?resize=400%2C266&amp;ssl=1 400w\" sizes=\"auto, (max-width: 370px) 100vw, 370px\" \/><\/a><figcaption id=\"caption-attachment-41409\" class=\"wp-caption-text\">INSERVIBLES.- Con estos zapatos baila nuestro Campe\u00f3n Regional de Cueca. Nosotros les podemos ayudar a salir adelante en este proyecto familiar y cultural.<\/figcaption><\/figure>\n<p>Los campeones regionales que son de Putaendo y que una vez m\u00e1s muestran su vocaci\u00f3n por la danza nacional, hoy tambi\u00e9n dan una muestra de esfuerzo y de mucha perseverancia en un ejemplo digno de imitar. A diario tambi\u00e9n a Daniel y G\u00e9nesis le acompa\u00f1a Tiare Herrera y Benjam\u00edn Parra, campeones de la categor\u00eda Min- infantil Cuecas al viento de Llay Llay, que tambi\u00e9n bailan en la plaza mientras los campeones regionales hacen un peque\u00f1o descanso, en un trabajo que merece todo nuestro reconocimiento y apoyo.<\/p>\n<p>Patricio Gallardo M.<\/p>\n<p>&nbsp;<\/p>\n","protected":false},"excerpt":{"rendered":"<p>Los Campeones Regionales de Cueca del Campeonato Espiga de Arroz de Parral, G\u00e9nesis B\u00f3rquez y Daniel Gonz\u00e1lez, se encuentran bailando en plena plaza de San Felipe recaudando dinero para participar en el&#8230;<\/p>\n","protected":false},"author":482,"featured_media":41407,"comment_status":"open","ping_status":"closed","sticky":false,"template":"","format":"standard","meta":{"advanced_seo_description":"","jetpack_seo_html_title":"","jetpack_seo_noindex":false,"_jetpack_memberships_contains_paid_content":false,"footnotes":""},"categories":[15],"tags":[],"class_list":["post-41406","post","type-post","status-publish","format-standard","has-post-thumbnail","hentry","category-comunidad"],"jetpack_featured_media_url":"https:\/\/i0.wp.com\/eltrabajo.cl\/portal\/wp-content\/uploads\/2014\/01\/Genesis-BORQUEZ.jpg?fit=529%2C504&ssl=1","jetpack_sharing_enabled":true,"jetpack_likes_enabled":true,"jetpack-related-posts":[],"_links":{"self":[{"href":"https:\/\/eltrabajo.cl\/portal\/wp-json\/wp\/v2\/posts\/41406","targetHints":{"allow":["GET"]}}],"collection":[{"href":"https:\/\/eltrabajo.cl\/portal\/wp-json\/wp\/v2\/posts"}],"about":[{"href":"https:\/\/eltrabajo.cl\/portal\/wp-json\/wp\/v2\/types\/post"}],"author":[{"embeddable":true,"href":"https:\/\/eltrabajo.cl\/portal\/wp-json\/wp\/v2\/users\/482"}],"replies":[{"embeddable":true,"href":"https:\/\/eltrabajo.cl\/portal\/wp-json\/wp\/v2\/comments?post=41406"}],"version-history":[{"count":0,"href":"https:\/\/eltrabajo.cl\/portal\/wp-json\/wp\/v2\/posts\/41406\/revisions"}],"wp:featuredmedia":[{"embeddable":true,"href":"https:\/\/eltrabajo.cl\/portal\/wp-json\/wp\/v2\/media\/41407"}],"wp:attachment":[{"href":"https:\/\/eltrabajo.cl\/portal\/wp-json\/wp\/v2\/media?parent=41406"}],"wp:term":[{"taxonomy":"category","embeddable":true,"href":"https:\/\/eltrabajo.cl\/portal\/wp-json\/wp\/v2\/categories?post=41406"},{"taxonomy":"post_tag","embeddable":true,"href":"https:\/\/eltrabajo.cl\/portal\/wp-json\/wp\/v2\/tags?post=41406"}],"curies":[{"name":"wp","href":"https:\/\/api.w.org\/{rel}","templated":true}]}}