{"id":41412,"date":"2014-01-02T09:24:06","date_gmt":"2014-01-02T12:24:06","guid":{"rendered":"http:\/\/www.eltrabajo.cl\/portal\/?p=41412"},"modified":"2014-01-02T09:24:06","modified_gmt":"2014-01-02T12:24:06","slug":"municipalidad-de-calle-larga-firma-convenio-psbc-con-gendarmeria","status":"publish","type":"post","link":"https:\/\/eltrabajo.cl\/portal\/municipalidad-de-calle-larga-firma-convenio-psbc-con-gendarmeria\/","title":{"rendered":"Municipalidad de Calle Larga firma Convenio PSBC con Gendarmer\u00eda"},"content":{"rendered":"<figure id=\"attachment_41413\" aria-describedby=\"caption-attachment-41413\" style=\"width: 370px\" class=\"wp-caption alignleft\"><a href=\"https:\/\/i0.wp.com\/www.eltrabajo.cl\/portal\/wp-content\/uploads\/2014\/01\/Convenio1.jpg\"><img data-recalc-dims=\"1\" loading=\"lazy\" decoding=\"async\" class=\" wp-image-41413 \" title=\"VIGENTE.- La Municipalidad de Calle Larga en conjunto con Gendarmer\u00eda, firmaron un convenio que permitir\u00e1 implementar en la comuna, la Pena de Prestaci\u00f3n de Servicios en Beneficio de la Comunidad PSBC.\" alt=\"VIGENTE.- La Municipalidad de Calle Larga en conjunto con Gendarmer\u00eda, firmaron un convenio que permitir\u00e1 implementar en la comuna, la Pena de Prestaci\u00f3n de Servicios en Beneficio de la Comunidad PSBC.\" src=\"https:\/\/i0.wp.com\/www.eltrabajo.cl\/portal\/wp-content\/uploads\/2014\/01\/Convenio1.jpg?resize=370%2C295\" width=\"370\" height=\"295\" srcset=\"https:\/\/i0.wp.com\/eltrabajo.cl\/portal\/wp-content\/uploads\/2014\/01\/Convenio1.jpg?w=529&amp;ssl=1 529w, https:\/\/i0.wp.com\/eltrabajo.cl\/portal\/wp-content\/uploads\/2014\/01\/Convenio1.jpg?resize=188%2C150&amp;ssl=1 188w, https:\/\/i0.wp.com\/eltrabajo.cl\/portal\/wp-content\/uploads\/2014\/01\/Convenio1.jpg?resize=300%2C238&amp;ssl=1 300w, https:\/\/i0.wp.com\/eltrabajo.cl\/portal\/wp-content\/uploads\/2014\/01\/Convenio1.jpg?resize=150%2C119&amp;ssl=1 150w, https:\/\/i0.wp.com\/eltrabajo.cl\/portal\/wp-content\/uploads\/2014\/01\/Convenio1.jpg?resize=400%2C318&amp;ssl=1 400w\" sizes=\"auto, (max-width: 370px) 100vw, 370px\" \/><\/a><figcaption id=\"caption-attachment-41413\" class=\"wp-caption-text\">VIGENTE.- La Municipalidad de Calle Larga en conjunto con Gendarmer\u00eda, firmaron un convenio que permitir\u00e1 implementar en la comuna, la Pena de Prestaci\u00f3n de Servicios en Beneficio de la Comunidad PSBC.<\/figcaption><\/figure>\n<p><strong>CALLE LARGA<\/strong>.- En el marco de la plena vigencia de la Ley 20.603 -que comenz\u00f3 a aplicarse el viernes 27 de diciembre- y que modifica la ley que establece medias alternativas a las penas privativas o restrictivas de libertad, la Municipalidad de Calle Larga en conjunto con Gendarmer\u00eda, firmaron un convenio que permitir\u00e1 implementar en la comuna, la Pena de Prestaci\u00f3n de Servicios en Beneficio de la Comunidad PSBC.<\/p>\n<p>Con este convenio, personas condenadas a penas privativas de libertad iguales o inferiores a trescientos d\u00edas o quienes sean condenados a multas, podr\u00e1n cumplir la pena realizando actividades voluntarias, no remuneradas a favor de la colectividad o en beneficio de personas en situaci\u00f3n de precariedad. Estas tareas ser\u00e1n coordinadas por un delegado de Prestaci\u00f3n de Servicios en Beneficio de la Comunidad de Gendarmer\u00eda de Chile.<\/p>\n<p>Esta es una nueva forma de cumplir condena, por medio de trabajos en plazas otorgadas por instituciones p\u00fablicas o privadas, sin fines de lucro previa firma de Convenio de Colaboraci\u00f3n entre la instituci\u00f3n y Gendarmer\u00eda de Chile. En el Valle de Aconcagua, Calle Larga es la primera comuna que firma este convenio con la instituci\u00f3n, permitiendo as\u00ed a las personas condenadas reinsertarse de mejor forma a la sociedad.<\/p>\n<p>El Director Regional de Gendarmer\u00eda, Juan Carlos Manr\u00edquez, destac\u00f3 los beneficios sociales de este nuevo sistema.<\/p>\n<p>\u00abEste convenio de prestaci\u00f3n de servicios no remunerados es un aporte sustantivo para que las personas que deben cumplir penas menores a trescientos d\u00edas, no pasen en prisi\u00f3n. De esta forma su familia no pague los efectos de una prisi\u00f3n y adem\u00e1s que efectivamente esta persona, de acuerdo a sus conocimientos u oficio, pueda prestar servicios efectivos a la comunidad, espec\u00edficamente en este caso a la municipalidad de calle larga y pueda hacer una reparaci\u00f3n efectiva del da\u00f1o causado\u00bb.<\/p>\n<p>Por su parte el Alcalde Nelson Venegas, coment\u00f3 que \u00abla firma de este convenio traer\u00e1 muchos beneficios a la comuna ya que se podr\u00e1n realizar diversas tareas en beneficio de todas y todos y, a la vez, se contribuir\u00e1 a la reinserci\u00f3n de ciudadanos que pueden haber cometidos errores cuyas penalidades no son mayores. Hay que dejar en claro que ac\u00e1 no habr\u00e1n violadores realizando estas labores, sino que personas que han sido condenados a penas iguales o inferiores a trescientos d\u00edas\u00bb.<\/p>\n<p>&nbsp;<\/p>\n","protected":false},"excerpt":{"rendered":"<p>CALLE LARGA.- En el marco de la plena vigencia de la Ley 20.603 -que comenz\u00f3 a aplicarse el viernes 27 de diciembre- y que modifica la ley que establece medias alternativas a&#8230;<\/p>\n","protected":false},"author":482,"featured_media":41413,"comment_status":"open","ping_status":"closed","sticky":false,"template":"","format":"standard","meta":{"advanced_seo_description":"","jetpack_seo_html_title":"","jetpack_seo_noindex":false,"_jetpack_memberships_contains_paid_content":false,"footnotes":""},"categories":[1],"tags":[],"class_list":["post-41412","post","type-post","status-publish","format-standard","has-post-thumbnail","hentry","category-cronica"],"jetpack_featured_media_url":"https:\/\/i0.wp.com\/eltrabajo.cl\/portal\/wp-content\/uploads\/2014\/01\/Convenio1.jpg?fit=529%2C421&ssl=1","jetpack_sharing_enabled":true,"jetpack_likes_enabled":true,"jetpack-related-posts":[],"_links":{"self":[{"href":"https:\/\/eltrabajo.cl\/portal\/wp-json\/wp\/v2\/posts\/41412","targetHints":{"allow":["GET"]}}],"collection":[{"href":"https:\/\/eltrabajo.cl\/portal\/wp-json\/wp\/v2\/posts"}],"about":[{"href":"https:\/\/eltrabajo.cl\/portal\/wp-json\/wp\/v2\/types\/post"}],"author":[{"embeddable":true,"href":"https:\/\/eltrabajo.cl\/portal\/wp-json\/wp\/v2\/users\/482"}],"replies":[{"embeddable":true,"href":"https:\/\/eltrabajo.cl\/portal\/wp-json\/wp\/v2\/comments?post=41412"}],"version-history":[{"count":0,"href":"https:\/\/eltrabajo.cl\/portal\/wp-json\/wp\/v2\/posts\/41412\/revisions"}],"wp:featuredmedia":[{"embeddable":true,"href":"https:\/\/eltrabajo.cl\/portal\/wp-json\/wp\/v2\/media\/41413"}],"wp:attachment":[{"href":"https:\/\/eltrabajo.cl\/portal\/wp-json\/wp\/v2\/media?parent=41412"}],"wp:term":[{"taxonomy":"category","embeddable":true,"href":"https:\/\/eltrabajo.cl\/portal\/wp-json\/wp\/v2\/categories?post=41412"},{"taxonomy":"post_tag","embeddable":true,"href":"https:\/\/eltrabajo.cl\/portal\/wp-json\/wp\/v2\/tags?post=41412"}],"curies":[{"name":"wp","href":"https:\/\/api.w.org\/{rel}","templated":true}]}}