{"id":41416,"date":"2014-01-02T09:25:29","date_gmt":"2014-01-02T12:25:29","guid":{"rendered":"http:\/\/www.eltrabajo.cl\/portal\/?p=41416"},"modified":"2014-01-02T09:25:29","modified_gmt":"2014-01-02T12:25:29","slug":"positivo-balance-realizo-carabineros-tras-las-celebraciones-de-ano-nuevo-en-putaendo","status":"publish","type":"post","link":"https:\/\/eltrabajo.cl\/portal\/positivo-balance-realizo-carabineros-tras-las-celebraciones-de-ano-nuevo-en-putaendo\/","title":{"rendered":"Positivo balance realiz\u00f3 Carabineros tras las celebraciones de A\u00f1o Nuevo en Putaendo"},"content":{"rendered":"<figure id=\"attachment_41417\" aria-describedby=\"caption-attachment-41417\" style=\"width: 317px\" class=\"wp-caption alignleft\"><a href=\"https:\/\/i0.wp.com\/www.eltrabajo.cl\/portal\/wp-content\/uploads\/2014\/01\/Campos-Garay.jpg\"><img data-recalc-dims=\"1\" loading=\"lazy\" decoding=\"async\" class=\" wp-image-41417 \" title=\"El Suboficial Luis Campos Garay realiz\u00f3 un positivo balance tras las celebraciones de bienvenida al a\u00f1o 2014.\" alt=\"El Suboficial Luis Campos Garay realiz\u00f3 un positivo balance tras las celebraciones de bienvenida al a\u00f1o 2014.\" src=\"https:\/\/i0.wp.com\/www.eltrabajo.cl\/portal\/wp-content\/uploads\/2014\/01\/Campos-Garay.jpg?resize=317%2C229\" width=\"317\" height=\"229\" srcset=\"https:\/\/i0.wp.com\/eltrabajo.cl\/portal\/wp-content\/uploads\/2014\/01\/Campos-Garay.jpg?w=529&amp;ssl=1 529w, https:\/\/i0.wp.com\/eltrabajo.cl\/portal\/wp-content\/uploads\/2014\/01\/Campos-Garay.jpg?resize=200%2C144&amp;ssl=1 200w, https:\/\/i0.wp.com\/eltrabajo.cl\/portal\/wp-content\/uploads\/2014\/01\/Campos-Garay.jpg?resize=300%2C216&amp;ssl=1 300w, https:\/\/i0.wp.com\/eltrabajo.cl\/portal\/wp-content\/uploads\/2014\/01\/Campos-Garay.jpg?resize=150%2C108&amp;ssl=1 150w, https:\/\/i0.wp.com\/eltrabajo.cl\/portal\/wp-content\/uploads\/2014\/01\/Campos-Garay.jpg?resize=400%2C288&amp;ssl=1 400w\" sizes=\"auto, (max-width: 317px) 100vw, 317px\" \/><\/a><figcaption id=\"caption-attachment-41417\" class=\"wp-caption-text\">El Suboficial Luis Campos Garay realiz\u00f3 un positivo balance tras las celebraciones de bienvenida al a\u00f1o 2014.<\/figcaption><\/figure>\n<p><strong>PUTAENDO.<\/strong>&#8211; Carabineros de Putaendo a trav\u00e9s del Suboficial Luis Campos Garay (foto portada) hizo un positivo balance tras las celebraciones de bienvenida al a\u00f1o 2014.<\/p>\n<p>El oficial policial dijo que hasta las 14:00 horas de este mi\u00e9rcoles 1 de enero y desde que comenzaron las celebraciones la noche del 31 de diciembre del a\u00f1o reci\u00e9n pasado, no se han registrado hechos de connotaci\u00f3n policial en la comuna y destac\u00f3 que tras los intensos controles vehiculares que fueron realizados en distintos sectores de la comuna y sobre todo en horas de la madrugada, no fueron sorprendidos conductores guiando sus veh\u00edculos en estado de ebriedad y que afortunadamente no hubo accidentes de tr\u00e1nsito con da\u00f1os o con personas lesionadas.<\/p>\n<p>Campos Garay resalt\u00f3 la responsabilidad de quienes salieron a celebrar y buscaron a otras personas para que condujeran los veh\u00edculos y as\u00ed poder disfrutar de una fiesta con alegr\u00eda y sin tener que lamentar hechos graves. El Suboficial Luis Campos Garay, hizo un llamado a los vecinos para que est\u00e9n atentos, sobre todo si salen desde sus viviendas para continuar las celebraciones de la llegada del nuevo a\u00f1o y a mantener sus domicilios con las medidas de seguridad para evitar ser v\u00edctimas de alg\u00fan robo.<\/p>\n<p>Patricio Gallardo M.<\/p>\n<p>&nbsp;<\/p>\n","protected":false},"excerpt":{"rendered":"<p>PUTAENDO.&#8211; Carabineros de Putaendo a trav\u00e9s del Suboficial Luis Campos Garay (foto portada) hizo un positivo balance tras las celebraciones de bienvenida al a\u00f1o 2014. El oficial policial dijo que hasta las&#8230;<\/p>\n","protected":false},"author":482,"featured_media":41417,"comment_status":"open","ping_status":"closed","sticky":false,"template":"","format":"standard","meta":{"advanced_seo_description":"","jetpack_seo_html_title":"","jetpack_seo_noindex":false,"_jetpack_memberships_contains_paid_content":false,"footnotes":""},"categories":[1],"tags":[],"class_list":["post-41416","post","type-post","status-publish","format-standard","has-post-thumbnail","hentry","category-cronica"],"jetpack_featured_media_url":"https:\/\/i0.wp.com\/eltrabajo.cl\/portal\/wp-content\/uploads\/2014\/01\/Campos-Garay.jpg?fit=529%2C382&ssl=1","jetpack_sharing_enabled":true,"jetpack_likes_enabled":true,"jetpack-related-posts":[],"_links":{"self":[{"href":"https:\/\/eltrabajo.cl\/portal\/wp-json\/wp\/v2\/posts\/41416","targetHints":{"allow":["GET"]}}],"collection":[{"href":"https:\/\/eltrabajo.cl\/portal\/wp-json\/wp\/v2\/posts"}],"about":[{"href":"https:\/\/eltrabajo.cl\/portal\/wp-json\/wp\/v2\/types\/post"}],"author":[{"embeddable":true,"href":"https:\/\/eltrabajo.cl\/portal\/wp-json\/wp\/v2\/users\/482"}],"replies":[{"embeddable":true,"href":"https:\/\/eltrabajo.cl\/portal\/wp-json\/wp\/v2\/comments?post=41416"}],"version-history":[{"count":0,"href":"https:\/\/eltrabajo.cl\/portal\/wp-json\/wp\/v2\/posts\/41416\/revisions"}],"wp:featuredmedia":[{"embeddable":true,"href":"https:\/\/eltrabajo.cl\/portal\/wp-json\/wp\/v2\/media\/41417"}],"wp:attachment":[{"href":"https:\/\/eltrabajo.cl\/portal\/wp-json\/wp\/v2\/media?parent=41416"}],"wp:term":[{"taxonomy":"category","embeddable":true,"href":"https:\/\/eltrabajo.cl\/portal\/wp-json\/wp\/v2\/categories?post=41416"},{"taxonomy":"post_tag","embeddable":true,"href":"https:\/\/eltrabajo.cl\/portal\/wp-json\/wp\/v2\/tags?post=41416"}],"curies":[{"name":"wp","href":"https:\/\/api.w.org\/{rel}","templated":true}]}}