{"id":41420,"date":"2014-01-02T09:27:54","date_gmt":"2014-01-02T12:27:54","guid":{"rendered":"http:\/\/www.eltrabajo.cl\/portal\/?p=41420"},"modified":"2014-01-02T09:27:54","modified_gmt":"2014-01-02T12:27:54","slug":"proponen-implementar-sistema-obtencion-horas-medicas-por-telefono","status":"publish","type":"post","link":"https:\/\/eltrabajo.cl\/portal\/proponen-implementar-sistema-obtencion-horas-medicas-por-telefono\/","title":{"rendered":"Proponen implementar sistema obtenci\u00f3n horas m\u00e9dicas por tel\u00e9fono"},"content":{"rendered":"<figure id=\"attachment_41421\" aria-describedby=\"caption-attachment-41421\" style=\"width: 317px\" class=\"wp-caption alignleft\"><a href=\"https:\/\/i0.wp.com\/www.eltrabajo.cl\/portal\/wp-content\/uploads\/2014\/01\/Basilio-Muena-4.jpg\"><img data-recalc-dims=\"1\" loading=\"lazy\" decoding=\"async\" class=\" wp-image-41421 \" title=\"Basilio Muena, Concejal DC de San Felipe.\" alt=\"Basilio Muena, Concejal DC de San Felipe.\" src=\"https:\/\/i0.wp.com\/www.eltrabajo.cl\/portal\/wp-content\/uploads\/2014\/01\/Basilio-Muena-4.jpg?resize=317%2C322\" width=\"317\" height=\"322\" srcset=\"https:\/\/i0.wp.com\/eltrabajo.cl\/portal\/wp-content\/uploads\/2014\/01\/Basilio-Muena-4.jpg?w=529&amp;ssl=1 529w, https:\/\/i0.wp.com\/eltrabajo.cl\/portal\/wp-content\/uploads\/2014\/01\/Basilio-Muena-4.jpg?resize=148%2C150&amp;ssl=1 148w, https:\/\/i0.wp.com\/eltrabajo.cl\/portal\/wp-content\/uploads\/2014\/01\/Basilio-Muena-4.jpg?resize=296%2C300&amp;ssl=1 296w, https:\/\/i0.wp.com\/eltrabajo.cl\/portal\/wp-content\/uploads\/2014\/01\/Basilio-Muena-4.jpg?resize=400%2C405&amp;ssl=1 400w\" sizes=\"auto, (max-width: 317px) 100vw, 317px\" \/><\/a><figcaption id=\"caption-attachment-41421\" class=\"wp-caption-text\">Basilio Muena, Concejal DC de San Felipe.<\/figcaption><\/figure>\n<p>El Concejal Basilio Muena, visit\u00f3 el Servicio de Salud Aconcagua, con la finalidad de conocer el detalle de la iniciativa desarrollada por el Cesfam San Felipe El Real, que depende de ese organismo ministerial, para mediante un sistema telef\u00f3nico, otorgar horas de atenci\u00f3n en el establecimiento. La idea del concejal, es homologar la iniciativa en los centros de salud de dependencia municipal, favoreciendo a una gran cantidad de personas que actualmente debe amanecerse en los Cesfam Segismundo Iturra y Curim\u00f3n, para alcanzar una hora de atenci\u00f3n m\u00e9dica.<\/p>\n<p>Seg\u00fan dijo, este proyecto representa una inversi\u00f3n importante de recursos, lo que a su juicio se justifica bastante, considerando el beneficio que implica para la comunidad usuaria de los centros de salud familiar de dependencia municipal.<\/p>\n<p>A juicio del edil, \u00abno puede existir dos tipos de salud primaria en la comuna, hay que intentar homologar, por eso he propuesto en el concejo, la posibilidad de invertir en la tecnolog\u00eda necesaria para homologar la entrega de horas m\u00e9dicas, como se hace en el Cesfam San Felipe El Real, lo que significar\u00eda un ahorro tremendo para la ciudadan\u00eda\u00bb.<\/p>\n<p>A\u00f1adi\u00f3 que \u00abhoy en d\u00eda las personas tienen que levantarse muy temprano para sacar n\u00famero, volver a sus casas y regresar nuevamente al Cesfam, para ser atendidos. En cambio, la realidad del Cesfam San Felipe El Real, es que los usuarios desde la comodidad de sus propias casas, piden la hora por tel\u00e9fono y luego asisten para ser atendidos\u00bb.<\/p>\n<p>El edil sugiri\u00f3 al Alcalde Patricio Freire que se estudie aplicar este mecanismo a fin de facilitar el acceso a la salud de las vecinas y vecinos. Esto en definitiva permite rebajarles un costo muchas veces econ\u00f3mico ya que el vecino va a sacar la hora, luego regresa a su casa y despu\u00e9s vuelve para ser atendido. A su juicio, esta acci\u00f3n impactar\u00eda favorablemente a los usuarios.<\/p>\n<p>\u00abEsto se va a evaluar, sabemos que es una inversi\u00f3n alta, pero se justifica por el positivo impacto que tendr\u00e1 en toda la gente, en todos los usuarios de los centros de salud familiar dependientes de la municipalidad\u00bb, se\u00f1al\u00f3 Muena.<\/p>\n<p>&nbsp;<\/p>\n","protected":false},"excerpt":{"rendered":"<p>El Concejal Basilio Muena, visit\u00f3 el Servicio de Salud Aconcagua, con la finalidad de conocer el detalle de la iniciativa desarrollada por el Cesfam San Felipe El Real, que depende de ese&#8230;<\/p>\n","protected":false},"author":482,"featured_media":41421,"comment_status":"open","ping_status":"closed","sticky":false,"template":"","format":"standard","meta":{"advanced_seo_description":"","jetpack_seo_html_title":"","jetpack_seo_noindex":false,"_jetpack_memberships_contains_paid_content":false,"footnotes":""},"categories":[1],"tags":[],"class_list":["post-41420","post","type-post","status-publish","format-standard","has-post-thumbnail","hentry","category-cronica"],"jetpack_featured_media_url":"https:\/\/i0.wp.com\/eltrabajo.cl\/portal\/wp-content\/uploads\/2014\/01\/Basilio-Muena-4.jpg?fit=529%2C536&ssl=1","jetpack_sharing_enabled":true,"jetpack_likes_enabled":true,"jetpack-related-posts":[],"_links":{"self":[{"href":"https:\/\/eltrabajo.cl\/portal\/wp-json\/wp\/v2\/posts\/41420","targetHints":{"allow":["GET"]}}],"collection":[{"href":"https:\/\/eltrabajo.cl\/portal\/wp-json\/wp\/v2\/posts"}],"about":[{"href":"https:\/\/eltrabajo.cl\/portal\/wp-json\/wp\/v2\/types\/post"}],"author":[{"embeddable":true,"href":"https:\/\/eltrabajo.cl\/portal\/wp-json\/wp\/v2\/users\/482"}],"replies":[{"embeddable":true,"href":"https:\/\/eltrabajo.cl\/portal\/wp-json\/wp\/v2\/comments?post=41420"}],"version-history":[{"count":0,"href":"https:\/\/eltrabajo.cl\/portal\/wp-json\/wp\/v2\/posts\/41420\/revisions"}],"wp:featuredmedia":[{"embeddable":true,"href":"https:\/\/eltrabajo.cl\/portal\/wp-json\/wp\/v2\/media\/41421"}],"wp:attachment":[{"href":"https:\/\/eltrabajo.cl\/portal\/wp-json\/wp\/v2\/media?parent=41420"}],"wp:term":[{"taxonomy":"category","embeddable":true,"href":"https:\/\/eltrabajo.cl\/portal\/wp-json\/wp\/v2\/categories?post=41420"},{"taxonomy":"post_tag","embeddable":true,"href":"https:\/\/eltrabajo.cl\/portal\/wp-json\/wp\/v2\/tags?post=41420"}],"curies":[{"name":"wp","href":"https:\/\/api.w.org\/{rel}","templated":true}]}}