{"id":41424,"date":"2014-01-02T09:29:31","date_gmt":"2014-01-02T12:29:31","guid":{"rendered":"http:\/\/www.eltrabajo.cl\/portal\/?p=41424"},"modified":"2014-01-02T09:29:31","modified_gmt":"2014-01-02T12:29:31","slug":"servicio-de-salud-aconcagua-firma-contrato-con-la-empresa-pixels","status":"publish","type":"post","link":"https:\/\/eltrabajo.cl\/portal\/servicio-de-salud-aconcagua-firma-contrato-con-la-empresa-pixels\/","title":{"rendered":"Servicio de Salud Aconcagua firma contrato con la empresa Pixels"},"content":{"rendered":"<figure id=\"attachment_41425\" aria-describedby=\"caption-attachment-41425\" style=\"width: 529px\" class=\"wp-caption alignnone\"><a href=\"https:\/\/i0.wp.com\/www.eltrabajo.cl\/portal\/wp-content\/uploads\/2014\/01\/Salud1.jpg\"><img data-recalc-dims=\"1\" loading=\"lazy\" decoding=\"async\" class=\"size-full wp-image-41425\" title=\"OPTIMISMO.- Autoridades de Salud y del Pinell, posan para las c\u00e1maras de Diario El Trabajo.\" alt=\"OPTIMISMO.- Autoridades de Salud y del Pinell, posan para las c\u00e1maras de Diario El Trabajo.\" src=\"https:\/\/i0.wp.com\/www.eltrabajo.cl\/portal\/wp-content\/uploads\/2014\/01\/Salud1.jpg?resize=529%2C265\" width=\"529\" height=\"265\" srcset=\"https:\/\/i0.wp.com\/eltrabajo.cl\/portal\/wp-content\/uploads\/2014\/01\/Salud1.jpg?w=529&amp;ssl=1 529w, https:\/\/i0.wp.com\/eltrabajo.cl\/portal\/wp-content\/uploads\/2014\/01\/Salud1.jpg?resize=200%2C100&amp;ssl=1 200w, https:\/\/i0.wp.com\/eltrabajo.cl\/portal\/wp-content\/uploads\/2014\/01\/Salud1.jpg?resize=300%2C150&amp;ssl=1 300w, https:\/\/i0.wp.com\/eltrabajo.cl\/portal\/wp-content\/uploads\/2014\/01\/Salud1.jpg?resize=150%2C75&amp;ssl=1 150w, https:\/\/i0.wp.com\/eltrabajo.cl\/portal\/wp-content\/uploads\/2014\/01\/Salud1.jpg?resize=400%2C200&amp;ssl=1 400w\" sizes=\"auto, (max-width: 529px) 100vw, 529px\" \/><\/a><figcaption id=\"caption-attachment-41425\" class=\"wp-caption-text\">OPTIMISMO.- Autoridades de Salud y del Pinell, posan para las c\u00e1maras de Diario El Trabajo.<\/figcaption><\/figure>\n<p>Con la presencia de las m\u00e1ximas autoridades del Servicio de Salud Aconcagua y del Hospital Dr. Philippe Pinel, se llev\u00f3 a cabo la firma del contrato entre la entidad de Salud y la empresa Pixels, que ser\u00e1 la responsable de darle un nuevo rostro al establecimiento asistencial, el que sufri\u00f3 importantes da\u00f1os con el terremoto de febrero de 2010.<\/p>\n<p>En la oportunidad, se formaliz\u00f3 el v\u00ednculo entre ambas entidades, lo que se concretar\u00e1 en las obras que comenzar\u00e1n la \u00faltima semana de enero con la entrega de terreno a la empresa contratista, la que cuenta en su equipo con profesionales que han participado de la restauraci\u00f3n de diferentes edificios de alto valor patrimonial, como por ejemplo las iglesias de Chilo\u00e9. Durante los primeros d\u00edas de enero, la empresa se dedicar\u00e1 a buscar la mano de obra para llevar a cabo los trabajos.<\/p>\n<p>\u00abEste es un d\u00eda hist\u00f3rico para quienes sentimos el Hospital Philippe Pinel como parte nuestra, pero adem\u00e1s esta inversi\u00f3n pagar\u00e1 una deuda hist\u00f3rica con la salud mental, ya que son 15.000 millones de pesos que se destinar\u00e1n a recuperar los espacios f\u00edsicos que est\u00e1n a disposici\u00f3n de los enfermos con este tipo de patolog\u00edas, que pueden afectar a cualquier persona y merecen ser tratadas en espacios dignos para usuarios y funcionarios\u00bb, expres\u00f3 la Dra. Iris Boisier, quien se mostr\u00f3 feliz por el futuro que espera al establecimiento.<\/p>\n<p>\u00abEsto pone un gran cierre a un a\u00f1o que ha sido muy exitoso para el Servicio de Salud Aconcagua, en el que hemos bajado las listas de espera y hemos cerrado el \u00e1rea financiera sin deuda. Adem\u00e1s junto con esta obra estamos avanzando fuertemente en los Centros de Salud Familiar de Catemu y Centenario, lo que nos permite cumplir todos los aspectos de nuestro plan de trabajo para el a\u00f1o que finaliza\u00bb, manifest\u00f3 la Directora del Servicio de Salud Aconcagua.<\/p>\n<p>Por su parte, la Directora del Hospital Philippe Pinel, Jeannette de la Barrera, destac\u00f3 que el hospital se ha preparado durante el \u00faltimo trimestre para adaptarse a los cambios que significa esta reconstrucci\u00f3n. \u00abTenemos la ventaja de que partiremos por el costado que hoy no est\u00e1 funcionando, pero de todos modos habr\u00e1 servicios como lavander\u00eda o alimentaci\u00f3n que ser\u00e1n parte de esta primera etapa, lo que nos llevar\u00e1 a adaptarnos. Esto es una enorme satisfacci\u00f3n, que adem\u00e1s se complementa con la llegada de nuevos cargos y con el trabajo que estamos llevando a cabo en gesti\u00f3n del cambio, donde hemos planificado un trabajo profundo junto a una consultora para renovar el esp\u00edritu del Hospital\u00bb, concluy\u00f3 la autoridad hospitalaria.<\/p>\n<p>&nbsp;<\/p>\n","protected":false},"excerpt":{"rendered":"<p>Con la presencia de las m\u00e1ximas autoridades del Servicio de Salud Aconcagua y del Hospital Dr. Philippe Pinel, se llev\u00f3 a cabo la firma del contrato entre la entidad de Salud y&#8230;<\/p>\n","protected":false},"author":482,"featured_media":41425,"comment_status":"open","ping_status":"closed","sticky":false,"template":"","format":"standard","meta":{"advanced_seo_description":"","jetpack_seo_html_title":"","jetpack_seo_noindex":false,"_jetpack_memberships_contains_paid_content":false,"footnotes":""},"categories":[1],"tags":[],"class_list":["post-41424","post","type-post","status-publish","format-standard","has-post-thumbnail","hentry","category-cronica"],"jetpack_featured_media_url":"https:\/\/i0.wp.com\/eltrabajo.cl\/portal\/wp-content\/uploads\/2014\/01\/Salud1.jpg?fit=529%2C265&ssl=1","jetpack_sharing_enabled":true,"jetpack_likes_enabled":true,"jetpack-related-posts":[],"_links":{"self":[{"href":"https:\/\/eltrabajo.cl\/portal\/wp-json\/wp\/v2\/posts\/41424","targetHints":{"allow":["GET"]}}],"collection":[{"href":"https:\/\/eltrabajo.cl\/portal\/wp-json\/wp\/v2\/posts"}],"about":[{"href":"https:\/\/eltrabajo.cl\/portal\/wp-json\/wp\/v2\/types\/post"}],"author":[{"embeddable":true,"href":"https:\/\/eltrabajo.cl\/portal\/wp-json\/wp\/v2\/users\/482"}],"replies":[{"embeddable":true,"href":"https:\/\/eltrabajo.cl\/portal\/wp-json\/wp\/v2\/comments?post=41424"}],"version-history":[{"count":0,"href":"https:\/\/eltrabajo.cl\/portal\/wp-json\/wp\/v2\/posts\/41424\/revisions"}],"wp:featuredmedia":[{"embeddable":true,"href":"https:\/\/eltrabajo.cl\/portal\/wp-json\/wp\/v2\/media\/41425"}],"wp:attachment":[{"href":"https:\/\/eltrabajo.cl\/portal\/wp-json\/wp\/v2\/media?parent=41424"}],"wp:term":[{"taxonomy":"category","embeddable":true,"href":"https:\/\/eltrabajo.cl\/portal\/wp-json\/wp\/v2\/categories?post=41424"},{"taxonomy":"post_tag","embeddable":true,"href":"https:\/\/eltrabajo.cl\/portal\/wp-json\/wp\/v2\/tags?post=41424"}],"curies":[{"name":"wp","href":"https:\/\/api.w.org\/{rel}","templated":true}]}}