{"id":41448,"date":"2014-01-03T09:32:23","date_gmt":"2014-01-03T12:32:23","guid":{"rendered":"http:\/\/www.eltrabajo.cl\/portal\/?p=41448"},"modified":"2014-01-03T09:32:23","modified_gmt":"2014-01-03T12:32:23","slug":"jardines-municipales-realizaran-entretenidas-actividades-durante-todo-el-verano","status":"publish","type":"post","link":"https:\/\/eltrabajo.cl\/portal\/jardines-municipales-realizaran-entretenidas-actividades-durante-todo-el-verano\/","title":{"rendered":"Jardines Municipales realizar\u00e1n entretenidas actividades durante todo el verano"},"content":{"rendered":"<figure id=\"attachment_41449\" aria-describedby=\"caption-attachment-41449\" style=\"width: 529px\" class=\"wp-caption alignnone\"><a href=\"https:\/\/i0.wp.com\/www.eltrabajo.cl\/portal\/wp-content\/uploads\/2014\/01\/jardines-municipales-2.jpg\"><img data-recalc-dims=\"1\" loading=\"lazy\" decoding=\"async\" class=\"size-full wp-image-41449\" title=\"Diferentes actividades estar\u00e1n desarrollando los jardines infantiles municipalizados para entretener a los peque\u00f1os durante el verano.\" alt=\"Diferentes actividades estar\u00e1n desarrollando los jardines infantiles municipalizados para entretener a los peque\u00f1os durante el verano.\" src=\"https:\/\/i0.wp.com\/www.eltrabajo.cl\/portal\/wp-content\/uploads\/2014\/01\/jardines-municipales-2.jpg?resize=529%2C354\" width=\"529\" height=\"354\" srcset=\"https:\/\/i0.wp.com\/eltrabajo.cl\/portal\/wp-content\/uploads\/2014\/01\/jardines-municipales-2.jpg?w=529&amp;ssl=1 529w, https:\/\/i0.wp.com\/eltrabajo.cl\/portal\/wp-content\/uploads\/2014\/01\/jardines-municipales-2.jpg?resize=200%2C133&amp;ssl=1 200w, https:\/\/i0.wp.com\/eltrabajo.cl\/portal\/wp-content\/uploads\/2014\/01\/jardines-municipales-2.jpg?resize=300%2C200&amp;ssl=1 300w, https:\/\/i0.wp.com\/eltrabajo.cl\/portal\/wp-content\/uploads\/2014\/01\/jardines-municipales-2.jpg?resize=150%2C100&amp;ssl=1 150w, https:\/\/i0.wp.com\/eltrabajo.cl\/portal\/wp-content\/uploads\/2014\/01\/jardines-municipales-2.jpg?resize=400%2C267&amp;ssl=1 400w\" sizes=\"auto, (max-width: 529px) 100vw, 529px\" \/><\/a><figcaption id=\"caption-attachment-41449\" class=\"wp-caption-text\">Diferentes actividades estar\u00e1n desarrollando los jardines infantiles municipalizados para entretener a los peque\u00f1os durante el verano.<\/figcaption><\/figure>\n<p>Como una forma de ayudar a las familias que durante el periodo de vacaciones de verano de los ni\u00f1os y ni\u00f1as, tienen la posibilidad de generar recursos econ\u00f3micos a trav\u00e9s de las faenas agr\u00edcolas tan caracter\u00edsticas de la \u00e9poca, es que todos los jardines infantiles municipalizados abrir\u00e1n sus puertas de manera normal durante los meses de enero y febrero de 2014.<\/p>\n<figure id=\"attachment_41450\" aria-describedby=\"caption-attachment-41450\" style=\"width: 422px\" class=\"wp-caption alignright\"><a href=\"https:\/\/i0.wp.com\/www.eltrabajo.cl\/portal\/wp-content\/uploads\/2014\/01\/jardines-municipales-1.jpg\"><img data-recalc-dims=\"1\" loading=\"lazy\" decoding=\"async\" class=\" wp-image-41450 \" title=\"Los jardines infantiles est\u00e1n planificando actividades tales como juegos de agua, relatos de cuentos, competencias, festivales, disfraces, entre otros.\" alt=\"Los jardines infantiles est\u00e1n planificando actividades tales como juegos de agua, relatos de cuentos, competencias, festivales, disfraces, entre otros.\" src=\"https:\/\/i0.wp.com\/www.eltrabajo.cl\/portal\/wp-content\/uploads\/2014\/01\/jardines-municipales-1.jpg?resize=422%2C318\" width=\"422\" height=\"318\" srcset=\"https:\/\/i0.wp.com\/eltrabajo.cl\/portal\/wp-content\/uploads\/2014\/01\/jardines-municipales-1.jpg?w=528&amp;ssl=1 528w, https:\/\/i0.wp.com\/eltrabajo.cl\/portal\/wp-content\/uploads\/2014\/01\/jardines-municipales-1.jpg?resize=200%2C150&amp;ssl=1 200w, https:\/\/i0.wp.com\/eltrabajo.cl\/portal\/wp-content\/uploads\/2014\/01\/jardines-municipales-1.jpg?resize=300%2C225&amp;ssl=1 300w, https:\/\/i0.wp.com\/eltrabajo.cl\/portal\/wp-content\/uploads\/2014\/01\/jardines-municipales-1.jpg?resize=150%2C112&amp;ssl=1 150w, https:\/\/i0.wp.com\/eltrabajo.cl\/portal\/wp-content\/uploads\/2014\/01\/jardines-municipales-1.jpg?resize=400%2C300&amp;ssl=1 400w\" sizes=\"auto, (max-width: 422px) 100vw, 422px\" \/><\/a><figcaption id=\"caption-attachment-41450\" class=\"wp-caption-text\">Los jardines infantiles est\u00e1n planificando actividades tales como juegos de agua, relatos de cuentos, competencias, festivales, disfraces, entre otros.<\/figcaption><\/figure>\n<p>Los horarios de atenci\u00f3n comienzan desde las 08:00 de la ma\u00f1ana hasta las 19:00 Hrs., en horario continuado, en donde se dispondr\u00e1 de desayuno, almuerzo y onces para los menores que requieran de atenci\u00f3n este verano, generando divertidas actividades recreativas extra program\u00e1ticas por parte del personal de cada uno de los centros.<\/p>\n<p>Para lo anterior, los ocho jardines infantiles variar\u00e1n sus actividades normales, con la finalidad de hacer de esta \u00e9poca del a\u00f1o, una alternativa entretenida para los ni\u00f1os y ni\u00f1as de la comuna de San Felipe, planificando actividades tales como juegos de agua, relatos de cuentos, competencias, festivales, disfraces, entre otros.<\/p>\n<p>Adem\u00e1s las actividades contemplan la participaci\u00f3n de padres y apoderados que quieran interactuar con los profesionales, haciendo una invitaci\u00f3n a toda la comunidad a informarse de las diferentes actividades de las cuales tambi\u00e9n podr\u00e1n participar, visitando la p\u00e1gina web www.daemsanfelipe.cl<\/p>\n<p>Los ocho jardines infantiles municipalizados son el Burbujitas de Colores, Castillo de Colores, Ping\u00fcinitos, Conejitos Saltarines de Curim\u00f3n, El Rinc\u00f3n de los Angelitos, Sol Naciente, Almendritas, Las Cuncunitas, siendo \u00e9sta una excelente determinaci\u00f3n adoptada por el municipio sanfelipe\u00f1o, a trav\u00e9s de su alcalde Patricio Freire Canto, quien se\u00f1al\u00f3 que \u201cnuestro compromiso es con la comunidad de San Felipe, y para eso debemos estar en todas las instancias que permitan a nuestros vecinos vivir de la manera m\u00e1s c\u00f3moda posible, y para eso estamos trabajando, en la inclusi\u00f3n y la participaci\u00f3n de todos\u201d.<\/p>\n<p>Por su parte, Iv\u00e1n Silva Padilla, Director de Educaci\u00f3n Municipal, se\u00f1al\u00f3 que \u201cpara llevar adelante estas actividades, se han tomado todas las medidas instruidas por nuestro Alcalde, por lo que el llamado es a las vecinas y vecinos de San Felipe, a confiar en las decisiones adoptadas no solo para este periodo de verano, sino que para todo el a\u00f1o escolar, enfocando todos nuestros esfuerzos para hacer de esta, una educaci\u00f3n de calidad\u201d.<\/p>\n<p>&nbsp;<\/p>\n","protected":false},"excerpt":{"rendered":"<p>Como una forma de ayudar a las familias que durante el periodo de vacaciones de verano de los ni\u00f1os y ni\u00f1as, tienen la posibilidad de generar recursos econ\u00f3micos a trav\u00e9s de las&#8230;<\/p>\n","protected":false},"author":482,"featured_media":41449,"comment_status":"open","ping_status":"closed","sticky":false,"template":"","format":"standard","meta":{"advanced_seo_description":"","jetpack_seo_html_title":"","jetpack_seo_noindex":false,"_jetpack_memberships_contains_paid_content":false,"footnotes":""},"categories":[1],"tags":[],"class_list":["post-41448","post","type-post","status-publish","format-standard","has-post-thumbnail","hentry","category-cronica"],"jetpack_featured_media_url":"https:\/\/i0.wp.com\/eltrabajo.cl\/portal\/wp-content\/uploads\/2014\/01\/jardines-municipales-2.jpg?fit=529%2C354&ssl=1","jetpack_sharing_enabled":true,"jetpack_likes_enabled":true,"jetpack-related-posts":[],"_links":{"self":[{"href":"https:\/\/eltrabajo.cl\/portal\/wp-json\/wp\/v2\/posts\/41448","targetHints":{"allow":["GET"]}}],"collection":[{"href":"https:\/\/eltrabajo.cl\/portal\/wp-json\/wp\/v2\/posts"}],"about":[{"href":"https:\/\/eltrabajo.cl\/portal\/wp-json\/wp\/v2\/types\/post"}],"author":[{"embeddable":true,"href":"https:\/\/eltrabajo.cl\/portal\/wp-json\/wp\/v2\/users\/482"}],"replies":[{"embeddable":true,"href":"https:\/\/eltrabajo.cl\/portal\/wp-json\/wp\/v2\/comments?post=41448"}],"version-history":[{"count":0,"href":"https:\/\/eltrabajo.cl\/portal\/wp-json\/wp\/v2\/posts\/41448\/revisions"}],"wp:featuredmedia":[{"embeddable":true,"href":"https:\/\/eltrabajo.cl\/portal\/wp-json\/wp\/v2\/media\/41449"}],"wp:attachment":[{"href":"https:\/\/eltrabajo.cl\/portal\/wp-json\/wp\/v2\/media?parent=41448"}],"wp:term":[{"taxonomy":"category","embeddable":true,"href":"https:\/\/eltrabajo.cl\/portal\/wp-json\/wp\/v2\/categories?post=41448"},{"taxonomy":"post_tag","embeddable":true,"href":"https:\/\/eltrabajo.cl\/portal\/wp-json\/wp\/v2\/tags?post=41448"}],"curies":[{"name":"wp","href":"https:\/\/api.w.org\/{rel}","templated":true}]}}