{"id":41453,"date":"2014-01-03T09:34:18","date_gmt":"2014-01-03T12:34:18","guid":{"rendered":"http:\/\/www.eltrabajo.cl\/portal\/?p=41453"},"modified":"2014-01-03T09:34:18","modified_gmt":"2014-01-03T12:34:18","slug":"instalaran-boulevard-en-calle-prat-poniente-durante-los-fines-de-semana","status":"publish","type":"post","link":"https:\/\/eltrabajo.cl\/portal\/instalaran-boulevard-en-calle-prat-poniente-durante-los-fines-de-semana\/","title":{"rendered":"Instalar\u00e1n boulevard en calle Prat Poniente durante los fines de semana"},"content":{"rendered":"<figure id=\"attachment_41454\" aria-describedby=\"caption-attachment-41454\" style=\"width: 529px\" class=\"wp-caption alignnone\"><a href=\"https:\/\/i0.wp.com\/www.eltrabajo.cl\/portal\/wp-content\/uploads\/2014\/01\/camara-comercio-boulevard-ptdo-1.jpg\"><img data-recalc-dims=\"1\" loading=\"lazy\" decoding=\"async\" class=\"size-full wp-image-41454\" title=\"En este lugar se instalar\u00e1 el boulevard, en calle Prat Poniente, entre Ambrosio Camus y Manuel Bulnes.\" alt=\"En este lugar se instalar\u00e1 el boulevard, en calle Prat Poniente, entre Ambrosio Camus y Manuel Bulnes.\" src=\"https:\/\/i0.wp.com\/www.eltrabajo.cl\/portal\/wp-content\/uploads\/2014\/01\/camara-comercio-boulevard-ptdo-1.jpg?resize=529%2C353\" width=\"529\" height=\"353\" srcset=\"https:\/\/i0.wp.com\/eltrabajo.cl\/portal\/wp-content\/uploads\/2014\/01\/camara-comercio-boulevard-ptdo-1.jpg?w=529&amp;ssl=1 529w, https:\/\/i0.wp.com\/eltrabajo.cl\/portal\/wp-content\/uploads\/2014\/01\/camara-comercio-boulevard-ptdo-1.jpg?resize=200%2C133&amp;ssl=1 200w, https:\/\/i0.wp.com\/eltrabajo.cl\/portal\/wp-content\/uploads\/2014\/01\/camara-comercio-boulevard-ptdo-1.jpg?resize=300%2C200&amp;ssl=1 300w, https:\/\/i0.wp.com\/eltrabajo.cl\/portal\/wp-content\/uploads\/2014\/01\/camara-comercio-boulevard-ptdo-1.jpg?resize=150%2C100&amp;ssl=1 150w, https:\/\/i0.wp.com\/eltrabajo.cl\/portal\/wp-content\/uploads\/2014\/01\/camara-comercio-boulevard-ptdo-1.jpg?resize=400%2C266&amp;ssl=1 400w\" sizes=\"auto, (max-width: 529px) 100vw, 529px\" \/><\/a><figcaption id=\"caption-attachment-41454\" class=\"wp-caption-text\">En este lugar se instalar\u00e1 el boulevard, en calle Prat Poniente, entre Ambrosio Camus y Manuel Bulnes.<\/figcaption><\/figure>\n<p><strong>PUTAENDO.<\/strong>&#8211; La calle Prat Poniente, entre Ambrosio Camus y Manuel Bulnes, permanecer\u00e1 cerrada durante los fines de semana para instalar un boulevard y juegos para ni\u00f1os con la idea de potenciar la zona c\u00e9ntrica de la comuna de Putaendo.<\/p>\n<p>Esta idea que el Alcalde Guillermo Reyes y el Concejo Municipal ven\u00edan trabajando hace bastante tiempo, se consolid\u00f3 durante la ma\u00f1ana de este jueves en la primera sesi\u00f3n del a\u00f1o de los ediles, luego que asistieran dirigentes de la C\u00e1mara de Comercio y Turismo encabezados por su presidente Hern\u00e1n Araya Sa\u00e1, el secretario Carlos Espinoza y el dirigente \u00cdtalo Garc\u00eda.<\/p>\n<figure id=\"attachment_41455\" aria-describedby=\"caption-attachment-41455\" style=\"width: 370px\" class=\"wp-caption alignright\"><a href=\"https:\/\/i0.wp.com\/www.eltrabajo.cl\/portal\/wp-content\/uploads\/2014\/01\/camara-comercio-boulevard-ptdo-2.jpg\"><img data-recalc-dims=\"1\" loading=\"lazy\" decoding=\"async\" class=\" wp-image-41455 \" title=\"Dirigentes de la C\u00e1mara de Comercio de Putaendo se reunieron con el Concejo Municipal ayer jueves.\" alt=\"Dirigentes de la C\u00e1mara de Comercio de Putaendo se reunieron con el Concejo Municipal ayer jueves.\" src=\"https:\/\/i0.wp.com\/www.eltrabajo.cl\/portal\/wp-content\/uploads\/2014\/01\/camara-comercio-boulevard-ptdo-2.jpg?resize=370%2C221\" width=\"370\" height=\"221\" srcset=\"https:\/\/i0.wp.com\/eltrabajo.cl\/portal\/wp-content\/uploads\/2014\/01\/camara-comercio-boulevard-ptdo-2.jpg?w=529&amp;ssl=1 529w, https:\/\/i0.wp.com\/eltrabajo.cl\/portal\/wp-content\/uploads\/2014\/01\/camara-comercio-boulevard-ptdo-2.jpg?resize=200%2C119&amp;ssl=1 200w, https:\/\/i0.wp.com\/eltrabajo.cl\/portal\/wp-content\/uploads\/2014\/01\/camara-comercio-boulevard-ptdo-2.jpg?resize=300%2C178&amp;ssl=1 300w, https:\/\/i0.wp.com\/eltrabajo.cl\/portal\/wp-content\/uploads\/2014\/01\/camara-comercio-boulevard-ptdo-2.jpg?resize=150%2C89&amp;ssl=1 150w, https:\/\/i0.wp.com\/eltrabajo.cl\/portal\/wp-content\/uploads\/2014\/01\/camara-comercio-boulevard-ptdo-2.jpg?resize=400%2C238&amp;ssl=1 400w\" sizes=\"auto, (max-width: 370px) 100vw, 370px\" \/><\/a><figcaption id=\"caption-attachment-41455\" class=\"wp-caption-text\">Dirigentes de la C\u00e1mara de Comercio de Putaendo se reunieron con el Concejo Municipal ayer jueves.<\/figcaption><\/figure>\n<p>En la instancia se acordaron varios cursos de acci\u00f3n, entre los que destaca que los viernes, s\u00e1bados y domingos desde las 16:00 horas en adelante, la calle Prat Poniente permanecer\u00e1 cerrada para el tr\u00e1nsito vehicular, con el objetivo de instalar un boulevard donde los locales comerciales establecidos en el centro de Putaendo podr\u00e1n colocar sus mesas en la calle para ofrecer sus productos, a excepci\u00f3n de bebidas alcoh\u00f3licas, mientras que en otro sector de esa calle ser\u00e1n instalados juegos inflables y camas el\u00e1sticas, lo que ser\u00e1 potenciado con presentaciones art\u00edsticas y cine al aire libre, todo esto con la idea que las familias putaendinas y quienes visitan nuestra comuna durante el verano, puedan disfrutar de un grato momento, sobre todo en horas de la tarde a un costado de la plaza de Putaendo.<\/p>\n<p>En la reuni\u00f3n la C\u00e1mara de Comercio y Turismo de Putaendo junto con el Concejo Municipal, trataron el tema de los comerciantes ambulantes que se instalan durante los fines de semana a vender productos sin autorizaci\u00f3n, en un hecho que afecta a los comerciantes que pagan patentes municipales y sus permisos. En este sentido el Alcalde Guillermo Reyes dijo que los \u00fanicos autorizados y que pagan permiso especial para funcionar en la plaza de Putaendo, son el carro de mote con huesillos, la cama el\u00e1stica, los \u2018autitos\u2019, el carro de dulces y los artesanos que se instalan los fines de semana en la plaza frente al municipio.<\/p>\n<p>El Alcalde Reyes se\u00f1al\u00f3 que cualquier otra persona que se instale a vender ropa, brochetas, anticuchos u otro tipo de alimentos o enseres, no est\u00e1 autorizada por el municipio, por lo que en conjunto con la C\u00e1mara de Comercio y Turismo pedir\u00e1n a Carabineros mayor fiscalizaci\u00f3n.<\/p>\n<p>Finalmente Guillermo Reyes indic\u00f3 que se realizar\u00e1 una acci\u00f3n de consulta y participaci\u00f3n ciudadana para la remodelaci\u00f3n de la plaza de Putaendo, donde ya la Coordinadora Regional del Consejo de Monumentos Nacionales dio el visto bueno sobre varias modificaciones que ser\u00e1n realizadas, para lo cual ya se comenz\u00f3 con la arborizaci\u00f3n de parte de la plaza de Putaendo, mientras que en el Parque Municipal se construir\u00e1 un circuito de aprendizaje did\u00e1ctico para peque\u00f1os autos que ser\u00e1n ocupados por ni\u00f1os con la intenci\u00f3n que desde peque\u00f1os aprendan a conocer y respetar las leyes de tr\u00e1nsito, proyecto que se encuentra en su etapa de dise\u00f1o y pr\u00f3xima ejecuci\u00f3n.<\/p>\n<p>Patricio Gallardo M.<\/p>\n<p>&nbsp;<\/p>\n","protected":false},"excerpt":{"rendered":"<p>PUTAENDO.&#8211; La calle Prat Poniente, entre Ambrosio Camus y Manuel Bulnes, permanecer\u00e1 cerrada durante los fines de semana para instalar un boulevard y juegos para ni\u00f1os con la idea de potenciar la&#8230;<\/p>\n","protected":false},"author":482,"featured_media":41454,"comment_status":"open","ping_status":"closed","sticky":false,"template":"","format":"standard","meta":{"advanced_seo_description":"","jetpack_seo_html_title":"","jetpack_seo_noindex":false,"_jetpack_memberships_contains_paid_content":false,"footnotes":""},"categories":[1],"tags":[],"class_list":["post-41453","post","type-post","status-publish","format-standard","has-post-thumbnail","hentry","category-cronica"],"jetpack_featured_media_url":"https:\/\/i0.wp.com\/eltrabajo.cl\/portal\/wp-content\/uploads\/2014\/01\/camara-comercio-boulevard-ptdo-1.jpg?fit=529%2C353&ssl=1","jetpack_sharing_enabled":true,"jetpack_likes_enabled":true,"jetpack-related-posts":[],"_links":{"self":[{"href":"https:\/\/eltrabajo.cl\/portal\/wp-json\/wp\/v2\/posts\/41453","targetHints":{"allow":["GET"]}}],"collection":[{"href":"https:\/\/eltrabajo.cl\/portal\/wp-json\/wp\/v2\/posts"}],"about":[{"href":"https:\/\/eltrabajo.cl\/portal\/wp-json\/wp\/v2\/types\/post"}],"author":[{"embeddable":true,"href":"https:\/\/eltrabajo.cl\/portal\/wp-json\/wp\/v2\/users\/482"}],"replies":[{"embeddable":true,"href":"https:\/\/eltrabajo.cl\/portal\/wp-json\/wp\/v2\/comments?post=41453"}],"version-history":[{"count":0,"href":"https:\/\/eltrabajo.cl\/portal\/wp-json\/wp\/v2\/posts\/41453\/revisions"}],"wp:featuredmedia":[{"embeddable":true,"href":"https:\/\/eltrabajo.cl\/portal\/wp-json\/wp\/v2\/media\/41454"}],"wp:attachment":[{"href":"https:\/\/eltrabajo.cl\/portal\/wp-json\/wp\/v2\/media?parent=41453"}],"wp:term":[{"taxonomy":"category","embeddable":true,"href":"https:\/\/eltrabajo.cl\/portal\/wp-json\/wp\/v2\/categories?post=41453"},{"taxonomy":"post_tag","embeddable":true,"href":"https:\/\/eltrabajo.cl\/portal\/wp-json\/wp\/v2\/tags?post=41453"}],"curies":[{"name":"wp","href":"https:\/\/api.w.org\/{rel}","templated":true}]}}