{"id":41458,"date":"2014-01-03T09:35:56","date_gmt":"2014-01-03T12:35:56","guid":{"rendered":"http:\/\/www.eltrabajo.cl\/portal\/?p=41458"},"modified":"2014-01-03T09:35:56","modified_gmt":"2014-01-03T12:35:56","slug":"molestia-genera-en-apoderados-del-liceo-max-salas-intentos-de-directora-por-hacerlos-firmar-compromiso-de-pago-de-financiamiento-compartido","status":"publish","type":"post","link":"https:\/\/eltrabajo.cl\/portal\/molestia-genera-en-apoderados-del-liceo-max-salas-intentos-de-directora-por-hacerlos-firmar-compromiso-de-pago-de-financiamiento-compartido\/","title":{"rendered":"Molestia genera en apoderados del Liceo Max Salas intentos de Directora por hacerlos firmar compromiso de pago de financiamiento compartido"},"content":{"rendered":"<figure id=\"attachment_41459\" aria-describedby=\"caption-attachment-41459\" style=\"width: 317px\" class=\"wp-caption alignleft\"><a href=\"https:\/\/i0.wp.com\/www.eltrabajo.cl\/portal\/wp-content\/uploads\/2014\/01\/carlos-morales.jpg\"><img data-recalc-dims=\"1\" loading=\"lazy\" decoding=\"async\" class=\" wp-image-41459 \" title=\"Carlos Robles, Presidente de la Uni\u00f3n Comunal de Centros de Padres de Los Andes.\" alt=\"Carlos Robles, Presidente de la Uni\u00f3n Comunal de Centros de Padres de Los Andes.\" src=\"https:\/\/i0.wp.com\/www.eltrabajo.cl\/portal\/wp-content\/uploads\/2014\/01\/carlos-morales.jpg?resize=317%2C291\" width=\"317\" height=\"291\" srcset=\"https:\/\/i0.wp.com\/eltrabajo.cl\/portal\/wp-content\/uploads\/2014\/01\/carlos-morales.jpg?w=529&amp;ssl=1 529w, https:\/\/i0.wp.com\/eltrabajo.cl\/portal\/wp-content\/uploads\/2014\/01\/carlos-morales.jpg?resize=163%2C150&amp;ssl=1 163w, https:\/\/i0.wp.com\/eltrabajo.cl\/portal\/wp-content\/uploads\/2014\/01\/carlos-morales.jpg?resize=300%2C275&amp;ssl=1 300w, https:\/\/i0.wp.com\/eltrabajo.cl\/portal\/wp-content\/uploads\/2014\/01\/carlos-morales.jpg?resize=150%2C137&amp;ssl=1 150w, https:\/\/i0.wp.com\/eltrabajo.cl\/portal\/wp-content\/uploads\/2014\/01\/carlos-morales.jpg?resize=400%2C366&amp;ssl=1 400w\" sizes=\"auto, (max-width: 317px) 100vw, 317px\" \/><\/a><figcaption id=\"caption-attachment-41459\" class=\"wp-caption-text\">Carlos Robles, Presidente de la Uni\u00f3n Comunal de Centros de Padres de Los Andes.<\/figcaption><\/figure>\n<ul>\n<li><strong>Por acuerdo de los subcentros de padres con el DAEM, esos dineros no iban a ser cancelados.<\/strong><\/li>\n<\/ul>\n<p><strong>LOS ANDES.<\/strong>&#8211; Airadas y molestas reacciones gener\u00f3 entre los padres y apoderados del Liceo Max Salas de Los Andes, la decisi\u00f3n de la directora del establecimiento, Natalia Fuentealba, de cobrar junto con la matr\u00edcula los dineros del financiamiento compartido del a\u00f1o 2013, pese a que hab\u00eda un acuerdo del DAEM de no hacerlo.<\/p>\n<p>Los apoderados que acudieron a matricular a sus hijos se encontraron con la ingrata sorpresa que para poder hacer el tr\u00e1mite deb\u00edan firmar un compromiso de pago.<\/p>\n<p>Es por ello que los padres exigieron la presencia de la Directora del DAEM, Mar\u00eda Soledad Reinoso, quien tuvo que interceder ante la directora del liceo por esta situaci\u00f3n.<\/p>\n<p>El Presidente de la Uni\u00f3n Comunal de Centros de Padres de Los Andes, Carlos Robles, indic\u00f3 que en noviembre del a\u00f1o pasado se firm\u00f3 este acuerdo de no cancelar el financiamiento compartido hasta que no se presentara un plan de trabajo para saber en qu\u00e9 realmente se est\u00e1n ocupando esos dineros.<\/p>\n<p>\u201cLlegamos a un acuerdo finalmente y se est\u00e1 haciendo todo el proceso de matr\u00edcula por el conducto regular y los apoderados tienen que pagar la matr\u00edcula que son $ 3.500 y no firmar ning\u00fan documento, porque los acuerdos se tienen que respetar y mientras no haya claridad en qu\u00e9 se ocupan las platas del financiamiento compartido, esos dineros no se pagan\u201d, expres\u00f3 el directivo.<\/p>\n<p>Robles dijo que como apoderados est\u00e1n defendiendo y haciendo respetar los acuerdos establecidos con el DAEM, ya que anualmente los apoderados deb\u00edan cancelar 53 mil pesos, pero el pago se tiene que estudiar caso a caso, ya que tambi\u00e9n hay casos sociales, personas con becas y otras de escasos recursos.<\/p>\n<p>\u201cNosotros no estamos en contra de que no se pague el financiamiento compartido, ya que lo que la gente quiere es que haya claridad y transparencia\u201d, afirm\u00f3.<\/p>\n<p>El dirigente dijo que en marzo se tiene que presentar un plan respecto al uso de esos dineros y reci\u00e9n ah\u00ed se va a cobrar a los apoderados.<\/p>\n<p>En tanto, la directora del Liceo, Natalia Fuentealba, precis\u00f3 que en marzo se presentar\u00e1 la propuesta respecto del uso de los dineros del financiamiento compartido para que el consejo escolar lo apruebe, \u201cy lo que nosotros estamos haciendo es el cobro de la matr\u00edcula y hemos hecho la consulta cara a cara respecto a que las personas que ten\u00edan deudas del 2013 estaban dispuestas a cubrirlas este a\u00f1o en forma voluntaria, ya que nosotros no podemos retener matr\u00edcula por esta situaci\u00f3n y s\u00f3lo era una consulta interna, puesto que nosotros hicimos una proyecci\u00f3n de gastos que los apoderados iban a cubrir su financiamiento compartido\u201d.<\/p>\n<p>La directora acus\u00f3 una acci\u00f3n exacerbada del centro de padres del Liceo para polarizar la relaci\u00f3n con la direcci\u00f3n del establecimiento y a ra\u00edz de ello se gener\u00f3 este conflicto, \u201cpor lo tanto nosotros suspendimos esa consulta, los padres tienen que pagar s\u00f3lo la matr\u00edcula y los padres que consideren que es justo pagar lo pod\u00edan hacer, pero no hay ninguna exigencia ni retenci\u00f3n de documentos, ni negaci\u00f3n de matr\u00edcula\u201d.<\/p>\n<p>Expres\u00f3 que comparten el acuerdo con el DAEM en cuanto a la presentaci\u00f3n de una propuesta respecto del uso de estos dineros.<\/p>\n<p>Plante\u00f3 que esta denuncia de los apoderados fue un voladero de luces para ocultar los buenos resultados que tuvo el liceo en cuanto a puntajes PSU, que las obras de ampliaci\u00f3n se terminaron, que los ba\u00f1os est\u00e1n conforme a las normas sanitarias y que el Max Salas es un liceo de excelencia, \u201c y lo dem\u00e1s son ruidos que no ayudan en nada a hacer crecer a una instituci\u00f3n tan prestigiosa e importante como \u00e9sta\u201d.<\/p>\n<p>La directora manifest\u00f3 que son cerca de 27 millones de pesos los que no ingresaron al liceo el a\u00f1o 2013 por este concepto de financiamiento compartido, lo cual genera compromisos que deben ser cancelados con los dineros de este a\u00f1o, \u201cy por decirlo de alguna manera, tendremos que vivir con deudas y cumplir con esos compromisos\u201d.<\/p>\n<p>&nbsp;<\/p>\n","protected":false},"excerpt":{"rendered":"<p>Por acuerdo de los subcentros de padres con el DAEM, esos dineros no iban a ser cancelados. LOS ANDES.&#8211; Airadas y molestas reacciones gener\u00f3 entre los padres y apoderados del Liceo Max&#8230;<\/p>\n","protected":false},"author":482,"featured_media":41459,"comment_status":"open","ping_status":"closed","sticky":false,"template":"","format":"standard","meta":{"advanced_seo_description":"","jetpack_seo_html_title":"","jetpack_seo_noindex":false,"_jetpack_memberships_contains_paid_content":false,"footnotes":""},"categories":[1],"tags":[],"class_list":["post-41458","post","type-post","status-publish","format-standard","has-post-thumbnail","hentry","category-cronica"],"jetpack_featured_media_url":"https:\/\/i0.wp.com\/eltrabajo.cl\/portal\/wp-content\/uploads\/2014\/01\/carlos-morales.jpg?fit=529%2C485&ssl=1","jetpack_sharing_enabled":true,"jetpack_likes_enabled":true,"jetpack-related-posts":[],"_links":{"self":[{"href":"https:\/\/eltrabajo.cl\/portal\/wp-json\/wp\/v2\/posts\/41458","targetHints":{"allow":["GET"]}}],"collection":[{"href":"https:\/\/eltrabajo.cl\/portal\/wp-json\/wp\/v2\/posts"}],"about":[{"href":"https:\/\/eltrabajo.cl\/portal\/wp-json\/wp\/v2\/types\/post"}],"author":[{"embeddable":true,"href":"https:\/\/eltrabajo.cl\/portal\/wp-json\/wp\/v2\/users\/482"}],"replies":[{"embeddable":true,"href":"https:\/\/eltrabajo.cl\/portal\/wp-json\/wp\/v2\/comments?post=41458"}],"version-history":[{"count":0,"href":"https:\/\/eltrabajo.cl\/portal\/wp-json\/wp\/v2\/posts\/41458\/revisions"}],"wp:featuredmedia":[{"embeddable":true,"href":"https:\/\/eltrabajo.cl\/portal\/wp-json\/wp\/v2\/media\/41459"}],"wp:attachment":[{"href":"https:\/\/eltrabajo.cl\/portal\/wp-json\/wp\/v2\/media?parent=41458"}],"wp:term":[{"taxonomy":"category","embeddable":true,"href":"https:\/\/eltrabajo.cl\/portal\/wp-json\/wp\/v2\/categories?post=41458"},{"taxonomy":"post_tag","embeddable":true,"href":"https:\/\/eltrabajo.cl\/portal\/wp-json\/wp\/v2\/tags?post=41458"}],"curies":[{"name":"wp","href":"https:\/\/api.w.org\/{rel}","templated":true}]}}