{"id":41462,"date":"2014-01-03T09:38:22","date_gmt":"2014-01-03T12:38:22","guid":{"rendered":"http:\/\/www.eltrabajo.cl\/portal\/?p=41462"},"modified":"2014-01-03T09:38:22","modified_gmt":"2014-01-03T12:38:22","slug":"despues-de-10-anos-virgen-de-la-ermita-de-los-banos-del-parron-recorrera-rinconada-de-silva","status":"publish","type":"post","link":"https:\/\/eltrabajo.cl\/portal\/despues-de-10-anos-virgen-de-la-ermita-de-los-banos-del-parron-recorrera-rinconada-de-silva\/","title":{"rendered":"Despu\u00e9s de 10 a\u00f1os Virgen de la Ermita de los Ba\u00f1os del Parr\u00f3n recorrer\u00e1 Rinconada de Silva"},"content":{"rendered":"<figure id=\"attachment_41463\" aria-describedby=\"caption-attachment-41463\" style=\"width: 528px\" class=\"wp-caption alignnone\"><a href=\"https:\/\/i0.wp.com\/www.eltrabajo.cl\/portal\/wp-content\/uploads\/2014\/01\/virgen-del-carmen.jpg\"><img data-recalc-dims=\"1\" loading=\"lazy\" decoding=\"async\" class=\"size-full wp-image-41463\" title=\"La imagen de la Virgen del Carmen ubicada en la capilla de la Ermita de los Ba\u00f1os del Parr\u00f3n, despu\u00e9s de 10 a\u00f1os recorrer\u00e1 Rinconada de Silva y otros sectores.\" alt=\"La imagen de la Virgen del Carmen ubicada en la capilla de la Ermita de los Ba\u00f1os del Parr\u00f3n, despu\u00e9s de 10 a\u00f1os recorrer\u00e1 Rinconada de Silva y otros sectores.\" src=\"https:\/\/i0.wp.com\/www.eltrabajo.cl\/portal\/wp-content\/uploads\/2014\/01\/virgen-del-carmen.jpg?resize=528%2C280\" width=\"528\" height=\"280\" srcset=\"https:\/\/i0.wp.com\/eltrabajo.cl\/portal\/wp-content\/uploads\/2014\/01\/virgen-del-carmen.jpg?w=528&amp;ssl=1 528w, https:\/\/i0.wp.com\/eltrabajo.cl\/portal\/wp-content\/uploads\/2014\/01\/virgen-del-carmen.jpg?resize=200%2C106&amp;ssl=1 200w, https:\/\/i0.wp.com\/eltrabajo.cl\/portal\/wp-content\/uploads\/2014\/01\/virgen-del-carmen.jpg?resize=300%2C159&amp;ssl=1 300w, https:\/\/i0.wp.com\/eltrabajo.cl\/portal\/wp-content\/uploads\/2014\/01\/virgen-del-carmen.jpg?resize=150%2C79&amp;ssl=1 150w, https:\/\/i0.wp.com\/eltrabajo.cl\/portal\/wp-content\/uploads\/2014\/01\/virgen-del-carmen.jpg?resize=400%2C212&amp;ssl=1 400w\" sizes=\"auto, (max-width: 528px) 100vw, 528px\" \/><\/a><figcaption id=\"caption-attachment-41463\" class=\"wp-caption-text\">La imagen de la Virgen del Carmen ubicada en la capilla de la Ermita de los Ba\u00f1os del Parr\u00f3n, despu\u00e9s de 10 a\u00f1os recorrer\u00e1 Rinconada de Silva y otros sectores.<\/figcaption><\/figure>\n<p><strong>PUTAENDO.<\/strong>&#8211; El Padre Ricardo G\u00f3mez, p\u00e1rroco de la Iglesia Nuestra Se\u00f1ora del Carmen de Rinconada de Silva, confirm\u00f3 que la imagen de la Virgen del Carmen que est\u00e1 ubicada en la capilla de la Ermita de los Ba\u00f1os del Parr\u00f3n, despu\u00e9s de 10 a\u00f1os recorrer\u00e1 Rinconada de Silva y otros sectores para anunciar el a\u00f1o de las misiones territoriales y para sensibilizar a la serran\u00eda de Rinconada de Silva para que entregue legalmente los terrenos de la Ermita y del Cristo del sector.<\/p>\n<p>El sacerdote dijo que la Virgen, despu\u00e9s de 10 a\u00f1os visitar\u00e1 los 17 sectores que corresponden a la Parroquia de Rinconada de Silva para anunciar el a\u00f1o de la misi\u00f3n territorial, lo que comenzar\u00e1 el domingo 12 de enero cuando la Virgen del Carmen llegue hasta la capilla del sector La Orilla y semana a semana visite las comunidades, en una jornada que se extender\u00e1 a lo menos hasta el mes de mayo, pero que se detendr\u00e1 en el mes de febrero cuando la Virgen nuevamente suba hasta la Ermita de los Ba\u00f1os del Parr\u00f3n para la tradicional fiesta que ah\u00ed se desarrolla a lo largo de m\u00e1s de 109 a\u00f1os.<\/p>\n<p>El Padre Ricardo se\u00f1al\u00f3 que la visita de la Virgen del Carmen tiene un significado muy especial para la comunidad cat\u00f3lica y que adem\u00e1s pedir\u00e1n la intercesi\u00f3n de la Virgen para que la directiva de la serran\u00eda y sus comuneros puedan recapacitar y ceder finalmente los terrenos de la Ermita y el Cristo para que queden a nombre de la Parroquia de Rinconada de Silva, pues asegur\u00f3 que espera que la Virgen le toque el coraz\u00f3n a la directiva y puedan comprender que estos 109 a\u00f1os de historia religiosa y patrimonial son el motivo fundamental para resguardar estos dos hist\u00f3ricos lugares como el Cristo de Madera y La Ermita.<\/p>\n<p>En relaci\u00f3n a este tema, el religioso indic\u00f3 que en diferentes sectores de la comuna se han comenzado a recolectar firmas para apoyar la iniciativa de la parroquia en cuanto a la regularizaci\u00f3n de los dos terrenos y que incluso han recibido firmas desde Santiago, lo que sumado al importante apoyo del Obispo Cristian Contreras, lo tiene esperanzado en que la directiva de la serran\u00eda pueda revertir su negativa para que la Ermita de los Ba\u00f1os del Parr\u00f3n y el Cristo de Madera sean legalmente terrenos de la Parroquia y de los fieles de Rinconada de Silva.<\/p>\n<p>Patricio Gallardo M.<\/p>\n<p>&nbsp;<\/p>\n","protected":false},"excerpt":{"rendered":"<p>PUTAENDO.&#8211; El Padre Ricardo G\u00f3mez, p\u00e1rroco de la Iglesia Nuestra Se\u00f1ora del Carmen de Rinconada de Silva, confirm\u00f3 que la imagen de la Virgen del Carmen que est\u00e1 ubicada en la capilla&#8230;<\/p>\n","protected":false},"author":482,"featured_media":41463,"comment_status":"open","ping_status":"closed","sticky":false,"template":"","format":"standard","meta":{"advanced_seo_description":"","jetpack_seo_html_title":"","jetpack_seo_noindex":false,"_jetpack_memberships_contains_paid_content":false,"footnotes":""},"categories":[1],"tags":[],"class_list":["post-41462","post","type-post","status-publish","format-standard","has-post-thumbnail","hentry","category-cronica"],"jetpack_featured_media_url":"https:\/\/i0.wp.com\/eltrabajo.cl\/portal\/wp-content\/uploads\/2014\/01\/virgen-del-carmen.jpg?fit=528%2C280&ssl=1","jetpack_sharing_enabled":true,"jetpack_likes_enabled":true,"jetpack-related-posts":[],"_links":{"self":[{"href":"https:\/\/eltrabajo.cl\/portal\/wp-json\/wp\/v2\/posts\/41462","targetHints":{"allow":["GET"]}}],"collection":[{"href":"https:\/\/eltrabajo.cl\/portal\/wp-json\/wp\/v2\/posts"}],"about":[{"href":"https:\/\/eltrabajo.cl\/portal\/wp-json\/wp\/v2\/types\/post"}],"author":[{"embeddable":true,"href":"https:\/\/eltrabajo.cl\/portal\/wp-json\/wp\/v2\/users\/482"}],"replies":[{"embeddable":true,"href":"https:\/\/eltrabajo.cl\/portal\/wp-json\/wp\/v2\/comments?post=41462"}],"version-history":[{"count":0,"href":"https:\/\/eltrabajo.cl\/portal\/wp-json\/wp\/v2\/posts\/41462\/revisions"}],"wp:featuredmedia":[{"embeddable":true,"href":"https:\/\/eltrabajo.cl\/portal\/wp-json\/wp\/v2\/media\/41463"}],"wp:attachment":[{"href":"https:\/\/eltrabajo.cl\/portal\/wp-json\/wp\/v2\/media?parent=41462"}],"wp:term":[{"taxonomy":"category","embeddable":true,"href":"https:\/\/eltrabajo.cl\/portal\/wp-json\/wp\/v2\/categories?post=41462"},{"taxonomy":"post_tag","embeddable":true,"href":"https:\/\/eltrabajo.cl\/portal\/wp-json\/wp\/v2\/tags?post=41462"}],"curies":[{"name":"wp","href":"https:\/\/api.w.org\/{rel}","templated":true}]}}