{"id":41465,"date":"2014-01-03T09:44:38","date_gmt":"2014-01-03T12:44:38","guid":{"rendered":"http:\/\/www.eltrabajo.cl\/portal\/?p=41465"},"modified":"2014-01-03T09:44:38","modified_gmt":"2014-01-03T12:44:38","slug":"roban-250-mil-pesos-a-un-anciano-en-local-de-carniceria-susaron","status":"publish","type":"post","link":"https:\/\/eltrabajo.cl\/portal\/roban-250-mil-pesos-a-un-anciano-en-local-de-carniceria-susaron\/","title":{"rendered":"Roban 250 mil pesos a un anciano en local de Carnicer\u00eda Susaron"},"content":{"rendered":"<figure id=\"attachment_41466\" aria-describedby=\"caption-attachment-41466\" style=\"width: 317px\" class=\"wp-caption alignleft\"><a href=\"https:\/\/i0.wp.com\/www.eltrabajo.cl\/portal\/wp-content\/uploads\/2014\/01\/Juan-Vergara.jpg\"><img data-recalc-dims=\"1\" loading=\"lazy\" decoding=\"async\" class=\" wp-image-41466 \" title=\"LA V\u00cdCTIMA.- Juan Vergara denunci\u00f3 el robo y su malestar con el encargado de Carnicer\u00eda Susaron de San Felipe.\" alt=\"LA V\u00cdCTIMA.- Juan Vergara denunci\u00f3 el robo y su malestar con el encargado de Carnicer\u00eda Susaron de San Felipe.\" src=\"https:\/\/i0.wp.com\/www.eltrabajo.cl\/portal\/wp-content\/uploads\/2014\/01\/Juan-Vergara.jpg?resize=317%2C340\" width=\"317\" height=\"340\" srcset=\"https:\/\/i0.wp.com\/eltrabajo.cl\/portal\/wp-content\/uploads\/2014\/01\/Juan-Vergara.jpg?w=529&amp;ssl=1 529w, https:\/\/i0.wp.com\/eltrabajo.cl\/portal\/wp-content\/uploads\/2014\/01\/Juan-Vergara.jpg?resize=140%2C150&amp;ssl=1 140w, https:\/\/i0.wp.com\/eltrabajo.cl\/portal\/wp-content\/uploads\/2014\/01\/Juan-Vergara.jpg?resize=280%2C300&amp;ssl=1 280w\" sizes=\"auto, (max-width: 317px) 100vw, 317px\" \/><\/a><figcaption id=\"caption-attachment-41466\" class=\"wp-caption-text\">LA V\u00cdCTIMA.- Juan Vergara denunci\u00f3 el robo y su malestar con el encargado de Carnicer\u00eda Susaron de San Felipe.<\/figcaption><\/figure>\n<p>Don Juan Vergara, un vecino de El Algarrobal y quien durante todo 2013 ahorrara moneda tras moneda, billete tras billete para poder comprar a sus seres queridos un regalito de A\u00f1o Nuevo; alguna ropita para sus nietos y hasta unos juguetes para sus peque\u00f1itos, perdi\u00f3 todas esas posibilidades al ser v\u00edctima de tres temidos hampones que le robaron m\u00e1s de un cuarto de mill\u00f3n al interior de la Carnicer\u00eda Susaron, ubicada en la esquina de Merced con Traslavi\u00f1a.<\/p>\n<p><strong>&#8211; \u00bfQu\u00e9 le pas\u00f3 en esa carnicer\u00eda?<\/strong><\/p>\n<p>&#8211; \u00abYo fui a comprar carne para llevar a la casa, la carnicer\u00eda estaba muy llena de gente y decid\u00ed comprar bastante para poder tener un buen asadito tambi\u00e9n, la compra de regalos y ropita para mis nietos la har\u00eda en un rato, de pronto un hombre me tom\u00f3 del hombro, cuando lo volv\u00ed a ver, otro me sac\u00f3 mi billetera de la bolsa de mi camisa, todo esto en cuesti\u00f3n de segundos\u00bb.<\/p>\n<figure id=\"attachment_41467\" aria-describedby=\"caption-attachment-41467\" style=\"width: 423px\" class=\"wp-caption alignright\"><a href=\"https:\/\/i0.wp.com\/www.eltrabajo.cl\/portal\/wp-content\/uploads\/2014\/01\/Carniceria1.jpg\"><img data-recalc-dims=\"1\" loading=\"lazy\" decoding=\"async\" class=\" wp-image-41467 \" title=\"INDIFERENCIA.- Al interior de esta carnicer\u00eda robaron, a uno de sus clientes, m\u00e1s de $250.000, sin embargo la empresa poco inter\u00e9s muestra en querer ayudar al anciano, quien vive de una humilde pensi\u00f3n.\" alt=\"INDIFERENCIA.- Al interior de esta carnicer\u00eda robaron, a uno de sus clientes, m\u00e1s de $250.000, sin embargo la empresa poco inter\u00e9s muestra en querer ayudar al anciano, quien vive de una humilde pensi\u00f3n.\" src=\"https:\/\/i0.wp.com\/www.eltrabajo.cl\/portal\/wp-content\/uploads\/2014\/01\/Carniceria1.jpg?resize=423%2C266\" width=\"423\" height=\"266\" srcset=\"https:\/\/i0.wp.com\/eltrabajo.cl\/portal\/wp-content\/uploads\/2014\/01\/Carniceria1.jpg?w=529&amp;ssl=1 529w, https:\/\/i0.wp.com\/eltrabajo.cl\/portal\/wp-content\/uploads\/2014\/01\/Carniceria1.jpg?resize=200%2C125&amp;ssl=1 200w, https:\/\/i0.wp.com\/eltrabajo.cl\/portal\/wp-content\/uploads\/2014\/01\/Carniceria1.jpg?resize=300%2C188&amp;ssl=1 300w, https:\/\/i0.wp.com\/eltrabajo.cl\/portal\/wp-content\/uploads\/2014\/01\/Carniceria1.jpg?resize=150%2C94&amp;ssl=1 150w, https:\/\/i0.wp.com\/eltrabajo.cl\/portal\/wp-content\/uploads\/2014\/01\/Carniceria1.jpg?resize=400%2C251&amp;ssl=1 400w\" sizes=\"auto, (max-width: 423px) 100vw, 423px\" \/><\/a><figcaption id=\"caption-attachment-41467\" class=\"wp-caption-text\">INDIFERENCIA.- Al interior de esta carnicer\u00eda robaron, a uno de sus clientes, m\u00e1s de $250.000, sin embargo la empresa poco inter\u00e9s muestra en querer ayudar al anciano, quien vive de una humilde pensi\u00f3n.<\/figcaption><\/figure>\n<p><strong>\u00a0<\/strong><\/p>\n<p><strong>&#8211; \u00bfQu\u00e9 hizo usted cuando se percat\u00f3 que lo hab\u00edan robado?<\/strong><\/p>\n<p>&#8211; \u00ab\u00bfQu\u00e9 pude hacer? Pues gritar, pegu\u00e9 un grito, alert\u00e9 a todos, la gente se qued\u00f3 en silencio y un testigo me explic\u00f3 lo que ellos hab\u00edan visto, el truco para distraerme y sacarme el dinero, al poco tiempo lleg\u00f3 Carabineros y los testigos tambi\u00e9n detallaron lo ocurrido a ellos\u00bb.<\/p>\n<p><strong>&#8211; Pero en esa carnicer\u00eda hay c\u00e1maras grabando todo, \u00bfpidi\u00f3 que le ense\u00f1aran los videos?<\/strong><\/p>\n<p>&#8211; \u00abLo peor estaba por venir, para m\u00ed fue como la segunda pu\u00f1alada, pues el encargado de la carnicer\u00eda s\u00f3lo me contest\u00f3, cuando le ped\u00ed que me ayudara con el video de sus c\u00e1maras para que Carabineros hiciera la identificaci\u00f3n, que si yo quer\u00eda ver esos videos, que fuera a Santiago, pues ah\u00ed estaban los due\u00f1os de la empresa y el control de los videos\u00bb.<\/p>\n<p>El robo habr\u00eda sido perpetrado por tres antisociales, uno de ellos obeso y otro con cabello largo y un gorro blanco de lana, seg\u00fan explic\u00f3 el afectado. Diario El Trabajo visit\u00f3 la carnicer\u00eda en cuesti\u00f3n, el mismo encargado confirm\u00f3 lo dicho por el afectado, que \u00abs\u00f3lo en Santiago se puede tener acceso a las grabaciones, adem\u00e1s no dar\u00e9 ninguna respuesta al Diario\u00bb.<\/p>\n<p>Roberto Gonz\u00e1lez Short<\/p>\n<p>rgonzalez@eltrabajo.cl<\/p>\n<p>&nbsp;<\/p>\n","protected":false},"excerpt":{"rendered":"<p>Don Juan Vergara, un vecino de El Algarrobal y quien durante todo 2013 ahorrara moneda tras moneda, billete tras billete para poder comprar a sus seres queridos un regalito de A\u00f1o Nuevo;&#8230;<\/p>\n","protected":false},"author":482,"featured_media":41466,"comment_status":"open","ping_status":"closed","sticky":false,"template":"","format":"standard","meta":{"advanced_seo_description":"","jetpack_seo_html_title":"","jetpack_seo_noindex":false,"_jetpack_memberships_contains_paid_content":false,"footnotes":""},"categories":[15],"tags":[],"class_list":["post-41465","post","type-post","status-publish","format-standard","has-post-thumbnail","hentry","category-comunidad"],"jetpack_featured_media_url":"https:\/\/i0.wp.com\/eltrabajo.cl\/portal\/wp-content\/uploads\/2014\/01\/Juan-Vergara.jpg?fit=529%2C566&ssl=1","jetpack_sharing_enabled":true,"jetpack_likes_enabled":true,"jetpack-related-posts":[],"_links":{"self":[{"href":"https:\/\/eltrabajo.cl\/portal\/wp-json\/wp\/v2\/posts\/41465","targetHints":{"allow":["GET"]}}],"collection":[{"href":"https:\/\/eltrabajo.cl\/portal\/wp-json\/wp\/v2\/posts"}],"about":[{"href":"https:\/\/eltrabajo.cl\/portal\/wp-json\/wp\/v2\/types\/post"}],"author":[{"embeddable":true,"href":"https:\/\/eltrabajo.cl\/portal\/wp-json\/wp\/v2\/users\/482"}],"replies":[{"embeddable":true,"href":"https:\/\/eltrabajo.cl\/portal\/wp-json\/wp\/v2\/comments?post=41465"}],"version-history":[{"count":0,"href":"https:\/\/eltrabajo.cl\/portal\/wp-json\/wp\/v2\/posts\/41465\/revisions"}],"wp:featuredmedia":[{"embeddable":true,"href":"https:\/\/eltrabajo.cl\/portal\/wp-json\/wp\/v2\/media\/41466"}],"wp:attachment":[{"href":"https:\/\/eltrabajo.cl\/portal\/wp-json\/wp\/v2\/media?parent=41465"}],"wp:term":[{"taxonomy":"category","embeddable":true,"href":"https:\/\/eltrabajo.cl\/portal\/wp-json\/wp\/v2\/categories?post=41465"},{"taxonomy":"post_tag","embeddable":true,"href":"https:\/\/eltrabajo.cl\/portal\/wp-json\/wp\/v2\/tags?post=41465"}],"curies":[{"name":"wp","href":"https:\/\/api.w.org\/{rel}","templated":true}]}}