{"id":4147,"date":"2011-09-02T08:32:33","date_gmt":"2011-09-02T12:32:33","guid":{"rendered":"http:\/\/www.eltrabajo.cl\/portal\/?p=4147"},"modified":"2011-12-06T08:53:05","modified_gmt":"2011-12-06T12:53:05","slug":"%e2%80%9cvamos-a-tratar-de-rearmarnos-lo-mas-rapido-para-intentar-llegar-a-los-play-offs%e2%80%9d","status":"publish","type":"post","link":"https:\/\/eltrabajo.cl\/portal\/%e2%80%9cvamos-a-tratar-de-rearmarnos-lo-mas-rapido-para-intentar-llegar-a-los-play-offs%e2%80%9d\/","title":{"rendered":"V\u00edctor Hugo Marchesini: \u201cVamos a tratar de rearmarnos lo m\u00e1s r\u00e1pido para intentar llegar a los Play Offs\u201d"},"content":{"rendered":"<figure id=\"attachment_4148\" aria-describedby=\"caption-attachment-4148\" style=\"width: 600px\" class=\"wp-caption alignnone\"><a href=\"http:\/\/www.eltrabajo.cl\/portal\/?attachment_id=4148\" rel=\"attachment wp-att-4148\"><img data-recalc-dims=\"1\" loading=\"lazy\" decoding=\"async\" class=\"size-full wp-image-4148\" title=\"marchesini 025\" src=\"https:\/\/i0.wp.com\/eltrabajo.cl\/diario\/wp-content\/uploads\/2011\/09\/marchesini-025.jpg?resize=600%2C531\" alt=\"\" width=\"600\" height=\"531\" \/><\/a><figcaption id=\"caption-attachment-4148\" class=\"wp-caption-text\">V\u00edctor Hugo Marchesini lleg\u00f3 esta semana al valle para hacerse cargo hasta el 2012 de Uni\u00f3n San Felipe.<\/figcaption><\/figure>\n<p>La primera impresi\u00f3n que deja el nuevo t\u00e9cnico de Uni\u00f3n San Felipe, V\u00edctor Hugo Marchesini, es la de un tipo muy amable, jovial y por lo dem\u00e1s muy educado. El estratego en su presentaci\u00f3n ante los medios de comunicaci\u00f3n la fr\u00eda ma\u00f1ana del lunes pasado, atendi\u00f3 con la mejor disposici\u00f3n a todos quienes lo requirieron.<\/p>\n<p>El Trabajo Deportivo estuvo presente en esa ocasi\u00f3n y no dej\u00f3 pasar la oportunidad de sostener una conversaci\u00f3n con el estratego para que nuestros lectores y los hinchas del Un\u00ed, puedan conocer al hombre que tiene una dif\u00edcil tarea por delante, porque para nadie es un misterio que el actual cuadro albirrojo no es el mismo del primer semestre, pero as\u00ed y todo Marchesini conf\u00eda en que podr\u00e1 hacer un buen papel en lo que queda del torneo y, por qu\u00e9 no, meterse en los Play Offs.<\/p>\n<p><strong>&#8211; Profesor, \u00bfc\u00f3mo se gesta su llegada a Uni\u00f3n San Felipe?<\/strong><\/p>\n<p>\u00abFue algo muy r\u00e1pido, me llam\u00f3 Ra\u00fal Delgado (due\u00f1o del club), cenamos y al otro d\u00eda arreglamos el contrato\u00bb.<\/p>\n<p><strong>&#8211; \u00bfSab\u00eda algo de Uni\u00f3n San Felipe?<\/strong><\/p>\n<p>\u00abS\u00ed, los t\u00e9cnicos generalmente estamos constantemente observando los torneos de diferentes pa\u00edses. Sab\u00eda del proyecto de Uni\u00f3n San Felipe, adem\u00e1s que conoc\u00eda a los jugadores argentinos que est\u00e1n ac\u00e1, pero ten\u00eda claro de lo que es este club\u00bb.<\/p>\n<p><strong>&#8211; Usted dijo que su meta es superar lo hecho en el primer torneo, \u00bfpero asume que este equipo est\u00e1 despotenciado en relaci\u00f3n al del Apertura?<\/strong><\/p>\n<p>\u00abEs un gran desaf\u00edo si se tiene en cuenta que el torneo ya est\u00e1 avanzado y le restan once fechas, que hay un plantel armado, en todo caso lo que m\u00e1s me preocupa son la gran cantidad de lesionados que est\u00e1n en pleno proceso de recuperaci\u00f3n. Vamos a intentar rearmarnos lo m\u00e1s r\u00e1pido que sea posible para sumar y as\u00ed meternos en los Play Offs, es una tarea muy dif\u00edcil, pero vamos a intentarlo\u00bb.<\/p>\n<p><strong>&#8211; El debut es muy complejo, porque ser\u00e1 con la U, que viene en un momento extraordinario, adem\u00e1s que se jugar\u00e1 de visita, porque en Quillota los universitarios ser\u00e1n pr\u00e1cticamente locales.<\/strong><\/p>\n<p>\u00abNo hay excusas, hay que ir y ganarle a la U. A m\u00ed me gusta jugar en una cancha donde los jugadores se sientan c\u00f3modos, en la cual entrenamos y donde la gente te apoya, pero debemos asumir que en Quillota, somos locales\u00bb.<\/p>\n<p><strong>&#8211; \u00bfLe aproblema el hecho de tener que resignar la local\u00eda?, porque en Quillota, Uni\u00f3n San Felipe casi siempre es visita, ya que poca gente va ese estadio.<\/strong><\/p>\n<p>\u00abSiempre miro el vaso medio lleno, soy un tipo muy optimista, el equipo lleva jugando ya varios partidos en el Lucio Fari\u00f1a, esta semana iremos a entrenar all\u00e1 y la pr\u00f3xima tambi\u00e9n, y te puedo asegurar que as\u00ed lo haremos todas las veces que sea necesario. Ahora tenemos la obligaci\u00f3n de ganarle a todos, independiente del que sea\u00bb.<\/p>\n","protected":false},"excerpt":{"rendered":"<p>La primera impresi\u00f3n que deja el nuevo t\u00e9cnico de Uni\u00f3n San Felipe, V\u00edctor Hugo Marchesini, es la de un tipo muy amable, jovial y por lo dem\u00e1s muy educado. El estratego en&#8230;<\/p>\n","protected":false},"author":1,"featured_media":4346,"comment_status":"open","ping_status":"open","sticky":false,"template":"","format":"standard","meta":{"advanced_seo_description":"","jetpack_seo_html_title":"","jetpack_seo_noindex":false,"_jetpack_memberships_contains_paid_content":false,"footnotes":""},"categories":[19],"tags":[],"class_list":["post-4147","post","type-post","status-publish","format-standard","has-post-thumbnail","hentry","category-deportes"],"jetpack_featured_media_url":"https:\/\/i0.wp.com\/eltrabajo.cl\/portal\/wp-content\/uploads\/2011\/09\/marchesini-0251.jpg?fit=600%2C531&ssl=1","jetpack_sharing_enabled":true,"jetpack_likes_enabled":true,"jetpack-related-posts":[],"_links":{"self":[{"href":"https:\/\/eltrabajo.cl\/portal\/wp-json\/wp\/v2\/posts\/4147","targetHints":{"allow":["GET"]}}],"collection":[{"href":"https:\/\/eltrabajo.cl\/portal\/wp-json\/wp\/v2\/posts"}],"about":[{"href":"https:\/\/eltrabajo.cl\/portal\/wp-json\/wp\/v2\/types\/post"}],"author":[{"embeddable":true,"href":"https:\/\/eltrabajo.cl\/portal\/wp-json\/wp\/v2\/users\/1"}],"replies":[{"embeddable":true,"href":"https:\/\/eltrabajo.cl\/portal\/wp-json\/wp\/v2\/comments?post=4147"}],"version-history":[{"count":0,"href":"https:\/\/eltrabajo.cl\/portal\/wp-json\/wp\/v2\/posts\/4147\/revisions"}],"wp:featuredmedia":[{"embeddable":true,"href":"https:\/\/eltrabajo.cl\/portal\/wp-json\/wp\/v2\/media\/4346"}],"wp:attachment":[{"href":"https:\/\/eltrabajo.cl\/portal\/wp-json\/wp\/v2\/media?parent=4147"}],"wp:term":[{"taxonomy":"category","embeddable":true,"href":"https:\/\/eltrabajo.cl\/portal\/wp-json\/wp\/v2\/categories?post=4147"},{"taxonomy":"post_tag","embeddable":true,"href":"https:\/\/eltrabajo.cl\/portal\/wp-json\/wp\/v2\/tags?post=4147"}],"curies":[{"name":"wp","href":"https:\/\/api.w.org\/{rel}","templated":true}]}}