{"id":41495,"date":"2014-01-03T09:59:12","date_gmt":"2014-01-03T12:59:12","guid":{"rendered":"http:\/\/www.eltrabajo.cl\/portal\/?p=41495"},"modified":"2014-01-03T10:14:11","modified_gmt":"2014-01-03T13:14:11","slug":"juzgado-obliga-al-mixto-a-pagar-5-millones-por-bullying-a-un-alumno","status":"publish","type":"post","link":"https:\/\/eltrabajo.cl\/portal\/juzgado-obliga-al-mixto-a-pagar-5-millones-por-bullying-a-un-alumno\/","title":{"rendered":"Juzgado obliga al Mixto a pagar $5 millones por bullying a un alumno"},"content":{"rendered":"<figure id=\"attachment_41496\" aria-describedby=\"caption-attachment-41496\" style=\"width: 423px\" class=\"wp-caption alignleft\"><a href=\"https:\/\/i0.wp.com\/www.eltrabajo.cl\/portal\/wp-content\/uploads\/2014\/01\/Sentencia1.jpg\"><img data-recalc-dims=\"1\" loading=\"lazy\" decoding=\"async\" class=\" wp-image-41496 \" title=\"LA SENTENCIA.- Evelin Mu\u00f1oz y Pablo Tello muestran a Diario El Trabajo la sentencia en la que el Tribunal de Letras emite el mandato de pagarles $5 millones al Mixto de San Felipe.\" alt=\"LA SENTENCIA.- Evelin Mu\u00f1oz y Pablo Tello muestran a Diario El Trabajo la sentencia en la que el Tribunal de Letras emite el mandato de pagarles $5 millones al Mixto de San Felipe.\" src=\"https:\/\/i0.wp.com\/www.eltrabajo.cl\/portal\/wp-content\/uploads\/2014\/01\/Sentencia1.jpg?resize=423%2C318\" width=\"423\" height=\"318\" srcset=\"https:\/\/i0.wp.com\/eltrabajo.cl\/portal\/wp-content\/uploads\/2014\/01\/Sentencia1.jpg?w=529&amp;ssl=1 529w, https:\/\/i0.wp.com\/eltrabajo.cl\/portal\/wp-content\/uploads\/2014\/01\/Sentencia1.jpg?resize=200%2C150&amp;ssl=1 200w, https:\/\/i0.wp.com\/eltrabajo.cl\/portal\/wp-content\/uploads\/2014\/01\/Sentencia1.jpg?resize=300%2C225&amp;ssl=1 300w, https:\/\/i0.wp.com\/eltrabajo.cl\/portal\/wp-content\/uploads\/2014\/01\/Sentencia1.jpg?resize=150%2C112&amp;ssl=1 150w, https:\/\/i0.wp.com\/eltrabajo.cl\/portal\/wp-content\/uploads\/2014\/01\/Sentencia1.jpg?resize=400%2C300&amp;ssl=1 400w\" sizes=\"auto, (max-width: 423px) 100vw, 423px\" \/><\/a><figcaption id=\"caption-attachment-41496\" class=\"wp-caption-text\">LA SENTENCIA.- Evelin Mu\u00f1oz y Pablo Tello muestran a Diario El Trabajo la sentencia en la que el Tribunal de Letras emite el mandato de pagarles $5 millones al Mixto de San Felipe.<\/figcaption><\/figure>\n<ul>\n<li><strong>Padres de un ex alumno del Liceo Mixto de San Felipe, ganan una demanda por Perjuicios en contra del Liceo Mixto. Aseguran que invertir\u00e1n el dinero en los estudios de sus hijos.<\/strong><\/li>\n<\/ul>\n<p>Luego que el peque\u00f1o \u2018Tom\u00e1s\u2019, estudiante de diez a\u00f1os del Liceo Mixto de San Felipe, se cortara los brazos con una hoja de sacapuntas, auto-agresi\u00f3n generada por el estr\u00e9s provocado por el bullying al que era sometido por sus compa\u00f1eros de clases, y luego tambi\u00e9n que sus padres Evelin Mu\u00f1oz y Pablo Tello lo denunciaran en Diario El Trabajo e interpusieran una denuncia por perjuicios en el Juzgado de Letras en contra de Sociedad Educacional Liceo Particular Mixto San Felipe, el 18 de diciembre esa entidad Civil confirm\u00f3 la sentencia en la que se condena al Liceo Mixto a pagar la suma de $5.000.000 (cinco millones de pesos) a los apoderados del ni\u00f1o.<\/p>\n<figure id=\"attachment_41497\" aria-describedby=\"caption-attachment-41497\" style=\"width: 370px\" class=\"wp-caption alignright\"><a href=\"https:\/\/i0.wp.com\/www.eltrabajo.cl\/portal\/wp-content\/uploads\/2014\/01\/Sentencia2.jpg\"><img data-recalc-dims=\"1\" loading=\"lazy\" decoding=\"async\" class=\" wp-image-41497 \" title=\"CONTUNDENCIA.- Claros y contundentes fueron los profesionales del Tribunal de Letras al momento de redactar este fallo.\" alt=\"CONTUNDENCIA.- Claros y contundentes fueron los profesionales del Tribunal de Letras al momento de redactar este fallo.\" src=\"https:\/\/i0.wp.com\/www.eltrabajo.cl\/portal\/wp-content\/uploads\/2014\/01\/Sentencia2.jpg?resize=370%2C278\" width=\"370\" height=\"278\" srcset=\"https:\/\/i0.wp.com\/eltrabajo.cl\/portal\/wp-content\/uploads\/2014\/01\/Sentencia2.jpg?w=528&amp;ssl=1 528w, https:\/\/i0.wp.com\/eltrabajo.cl\/portal\/wp-content\/uploads\/2014\/01\/Sentencia2.jpg?resize=200%2C150&amp;ssl=1 200w, https:\/\/i0.wp.com\/eltrabajo.cl\/portal\/wp-content\/uploads\/2014\/01\/Sentencia2.jpg?resize=300%2C225&amp;ssl=1 300w, https:\/\/i0.wp.com\/eltrabajo.cl\/portal\/wp-content\/uploads\/2014\/01\/Sentencia2.jpg?resize=150%2C112&amp;ssl=1 150w, https:\/\/i0.wp.com\/eltrabajo.cl\/portal\/wp-content\/uploads\/2014\/01\/Sentencia2.jpg?resize=400%2C300&amp;ssl=1 400w\" sizes=\"auto, (max-width: 370px) 100vw, 370px\" \/><\/a><figcaption id=\"caption-attachment-41497\" class=\"wp-caption-text\">CONTUNDENCIA.- Claros y contundentes fueron los profesionales del Tribunal de Letras al momento de redactar este fallo.<\/figcaption><\/figure>\n<p>La informaci\u00f3n fue suministrada a nuestro medio por los mismos apoderados, quienes visitaron nuestra Sala de Redacci\u00f3n para compartir con nuestros lectores el cierre de la historia, una a la que s\u00f3lo Diario El Trabajo en la parte informativa y el Abogado Sebasti\u00e1n Guerrero en la parte Legal, hicieron frente en aquel momento.<\/p>\n<p>&nbsp;<\/p>\n<p><strong>EL DIARIO\u00a0NOS \u2018APECHUG\u00d3\u2019<\/strong><\/p>\n<p>Nuestro medio habl\u00f3 con Pablo Tello, padre de Tom\u00e1s, quien explic\u00f3 algunos detalles sobre el accionar familiar que han tenido en estos casi tres a\u00f1os.<\/p>\n<figure id=\"attachment_41498\" aria-describedby=\"caption-attachment-41498\" style=\"width: 370px\" class=\"wp-caption alignleft\"><a href=\"https:\/\/i0.wp.com\/www.eltrabajo.cl\/portal\/wp-content\/uploads\/2014\/01\/Heridas1.jpg\"><img data-recalc-dims=\"1\" loading=\"lazy\" decoding=\"async\" class=\" wp-image-41498 \" title=\"LAS HERIDAS.- En su momento, fueron varias las cortaduras en uno de sus brazos los que el peque\u00f1o \u2018Tom\u00e1s\u2019 se inflingi\u00f3 en los ba\u00f1os del Mixto.\" alt=\"LAS HERIDAS.- En su momento, fueron varias las cortaduras en uno de sus brazos los que el peque\u00f1o \u2018Tom\u00e1s\u2019 se inflingi\u00f3 en los ba\u00f1os del Mixto.\" src=\"https:\/\/i0.wp.com\/www.eltrabajo.cl\/portal\/wp-content\/uploads\/2014\/01\/Heridas1.jpg?resize=370%2C296\" width=\"370\" height=\"296\" srcset=\"https:\/\/i0.wp.com\/eltrabajo.cl\/portal\/wp-content\/uploads\/2014\/01\/Heridas1.jpg?w=528&amp;ssl=1 528w, https:\/\/i0.wp.com\/eltrabajo.cl\/portal\/wp-content\/uploads\/2014\/01\/Heridas1.jpg?resize=187%2C150&amp;ssl=1 187w, https:\/\/i0.wp.com\/eltrabajo.cl\/portal\/wp-content\/uploads\/2014\/01\/Heridas1.jpg?resize=300%2C240&amp;ssl=1 300w, https:\/\/i0.wp.com\/eltrabajo.cl\/portal\/wp-content\/uploads\/2014\/01\/Heridas1.jpg?resize=150%2C120&amp;ssl=1 150w, https:\/\/i0.wp.com\/eltrabajo.cl\/portal\/wp-content\/uploads\/2014\/01\/Heridas1.jpg?resize=400%2C320&amp;ssl=1 400w\" sizes=\"auto, (max-width: 370px) 100vw, 370px\" \/><\/a><figcaption id=\"caption-attachment-41498\" class=\"wp-caption-text\">LAS HERIDAS.- En su momento, fueron varias las cortaduras en uno de sus brazos los que el peque\u00f1o \u2018Tom\u00e1s\u2019 se inflingi\u00f3 en los ba\u00f1os del Mixto.<\/figcaption><\/figure>\n<p><strong>&#8211; \u00bfC\u00f3mo empez\u00f3 este problema?<\/strong><\/p>\n<p>&#8211; \u00abEsta situaci\u00f3n se pudo evitar, ya nosotros le hab\u00edamos explicado al Inspector de los cursos, pasaban los d\u00edas ya nada que cambiaban a nuestro hijo a otro curso, fue hasta que \u00e9l atent\u00f3 contra su vida cuando \u00e9l y el mismo director del Mixto tomaron en serio el caso de nuestro ni\u00f1o\u00bb.<\/p>\n<p><strong>&#8211; \u00bfTan mal se sent\u00eda el peque\u00f1ito?<\/strong><\/p>\n<p>&#8211; \u00abEstaba muy mal. Nuestro hijo se hab\u00eda hecho los cortes \u2018para demostrar que \u00e9l era fuerte\u2019, sufr\u00eda mucho, pues era blanco de burlas y maltrato f\u00edsico de parte de un compa\u00f1ero de curso, las que se intensificaron d\u00eda tras d\u00eda\u00bb.<\/p>\n<p><strong>&#8211; \u00bfQui\u00e9nes apoyaron en el proceso?<\/strong><\/p>\n<p>&#8211; \u00abNadie nos quiso apoyar para enfrentar la actitud indiferente del Mixto, pues algunos medios se negaron a publicar contra ese liceo y en cuanto a los abogados, tampoco tuvieron la entereza para enfrentar a los abogados del liceo, s\u00f3lo un abogado y Diario El Trabajo nos \u2018apechugaron\u2019 en denunciar esta situaci\u00f3n y hacerla p\u00fablica\u00bb.<\/p>\n<p>&nbsp;<\/p>\n<p><strong>\u00ab\u00c9L QUER\u00cdA MORIR\u00bb<\/strong><\/p>\n<p>Diario El Trabajo tambi\u00e9n habl\u00f3 con Evelin Mu\u00f1oz, madre del ni\u00f1o, quien asegur\u00f3 que \u00abmi hijo se encontraba en aquellos momentos con una depresi\u00f3n, por lo que fue enviado al Psic\u00f3logo, eran cuatro los ni\u00f1os que lo molestaban, eran del mismo curso, de la misma edad. \u00c9l s\u00f3lo llora, no hace caso, tiene buenas notas, 6.8 de promedio, pero ahora \u00faltimo se ha puesto m\u00e1s agresivo y yo le preguntaba qu\u00e9 le pasaba, pero nunca me dijo eso. Lo que me alert\u00f3 ahora es que \u00e9l quer\u00eda morirse, quer\u00eda matarse, y me dice que estar\u00eda mejor en un caj\u00f3n. Eso para nosotros como pap\u00e1s fue terrible, nosotros somos s\u00faper unidos\u00bb.<\/p>\n<p>Sobre el uso que dar\u00e1n a los cinco millones de pesos, Mu\u00f1oz coment\u00f3 que \u00abno ten\u00edamos planeado el tema econ\u00f3mico, pero lo que llegue, ser\u00e1 usado para la educaci\u00f3n de nuestros hijos, lo que busc\u00e1bamos era sentar precedente del mal trato que a veces en ese liceo reciben nuestros hijos\u00bb, coment\u00f3 la madre del ni\u00f1o vulnerado.<\/p>\n<p>Roberto Gonz\u00e1lez Short<\/p>\n<p>rgonzalez@eltrabajo.cl<\/p>\n","protected":false},"excerpt":{"rendered":"<p>Padres de un ex alumno del Liceo Mixto de San Felipe, ganan una demanda por Perjuicios en contra del Liceo Mixto. Aseguran que invertir\u00e1n el dinero en los estudios de sus hijos&#8230;.<\/p>\n","protected":false},"author":482,"featured_media":41496,"comment_status":"open","ping_status":"closed","sticky":false,"template":"","format":"standard","meta":{"advanced_seo_description":"","jetpack_seo_html_title":"","jetpack_seo_noindex":false,"_jetpack_memberships_contains_paid_content":false,"footnotes":""},"categories":[15],"tags":[],"class_list":["post-41495","post","type-post","status-publish","format-standard","has-post-thumbnail","hentry","category-comunidad"],"jetpack_featured_media_url":"https:\/\/i0.wp.com\/eltrabajo.cl\/portal\/wp-content\/uploads\/2014\/01\/Sentencia1.jpg?fit=529%2C397&ssl=1","jetpack_sharing_enabled":true,"jetpack_likes_enabled":true,"jetpack-related-posts":[],"_links":{"self":[{"href":"https:\/\/eltrabajo.cl\/portal\/wp-json\/wp\/v2\/posts\/41495","targetHints":{"allow":["GET"]}}],"collection":[{"href":"https:\/\/eltrabajo.cl\/portal\/wp-json\/wp\/v2\/posts"}],"about":[{"href":"https:\/\/eltrabajo.cl\/portal\/wp-json\/wp\/v2\/types\/post"}],"author":[{"embeddable":true,"href":"https:\/\/eltrabajo.cl\/portal\/wp-json\/wp\/v2\/users\/482"}],"replies":[{"embeddable":true,"href":"https:\/\/eltrabajo.cl\/portal\/wp-json\/wp\/v2\/comments?post=41495"}],"version-history":[{"count":0,"href":"https:\/\/eltrabajo.cl\/portal\/wp-json\/wp\/v2\/posts\/41495\/revisions"}],"wp:featuredmedia":[{"embeddable":true,"href":"https:\/\/eltrabajo.cl\/portal\/wp-json\/wp\/v2\/media\/41496"}],"wp:attachment":[{"href":"https:\/\/eltrabajo.cl\/portal\/wp-json\/wp\/v2\/media?parent=41495"}],"wp:term":[{"taxonomy":"category","embeddable":true,"href":"https:\/\/eltrabajo.cl\/portal\/wp-json\/wp\/v2\/categories?post=41495"},{"taxonomy":"post_tag","embeddable":true,"href":"https:\/\/eltrabajo.cl\/portal\/wp-json\/wp\/v2\/tags?post=41495"}],"curies":[{"name":"wp","href":"https:\/\/api.w.org\/{rel}","templated":true}]}}