{"id":41516,"date":"2014-01-06T09:28:41","date_gmt":"2014-01-06T12:28:41","guid":{"rendered":"http:\/\/www.eltrabajo.cl\/portal\/?p=41516"},"modified":"2014-01-06T09:28:41","modified_gmt":"2014-01-06T12:28:41","slug":"vecinos-tendran-parque-urbano-en-el-sector-piscina-municipal","status":"publish","type":"post","link":"https:\/\/eltrabajo.cl\/portal\/vecinos-tendran-parque-urbano-en-el-sector-piscina-municipal\/","title":{"rendered":"Vecinos tendr\u00e1n parque urbano en el sector Piscina Municipal"},"content":{"rendered":"<figure id=\"attachment_41517\" aria-describedby=\"caption-attachment-41517\" style=\"width: 529px\" class=\"wp-caption alignnone\"><a href=\"https:\/\/i0.wp.com\/www.eltrabajo.cl\/portal\/wp-content\/uploads\/2014\/01\/parque1.jpg\"><img data-recalc-dims=\"1\" loading=\"lazy\" decoding=\"async\" class=\"size-full wp-image-41517\" title=\"EN DISE\u00d1O.- Esta iniciativa que se instalar\u00eda en este lugar, ya cuenta con la aprobaci\u00f3n del Concejo Municipal y actualmente se encuentra en proceso de Dise\u00f1o.\" alt=\"EN DISE\u00d1O.- Esta iniciativa que se instalar\u00eda en este lugar, ya cuenta con la aprobaci\u00f3n del Concejo Municipal y actualmente se encuentra en proceso de Dise\u00f1o.\" src=\"https:\/\/i0.wp.com\/www.eltrabajo.cl\/portal\/wp-content\/uploads\/2014\/01\/parque1.jpg?resize=529%2C378\" width=\"529\" height=\"378\" srcset=\"https:\/\/i0.wp.com\/eltrabajo.cl\/portal\/wp-content\/uploads\/2014\/01\/parque1.jpg?w=529&amp;ssl=1 529w, https:\/\/i0.wp.com\/eltrabajo.cl\/portal\/wp-content\/uploads\/2014\/01\/parque1.jpg?resize=200%2C142&amp;ssl=1 200w, https:\/\/i0.wp.com\/eltrabajo.cl\/portal\/wp-content\/uploads\/2014\/01\/parque1.jpg?resize=300%2C214&amp;ssl=1 300w, https:\/\/i0.wp.com\/eltrabajo.cl\/portal\/wp-content\/uploads\/2014\/01\/parque1.jpg?resize=150%2C107&amp;ssl=1 150w, https:\/\/i0.wp.com\/eltrabajo.cl\/portal\/wp-content\/uploads\/2014\/01\/parque1.jpg?resize=400%2C285&amp;ssl=1 400w\" sizes=\"auto, (max-width: 529px) 100vw, 529px\" \/><\/a><figcaption id=\"caption-attachment-41517\" class=\"wp-caption-text\">EN DISE\u00d1O.- Esta iniciativa que se instalar\u00eda en este lugar, ya cuenta con la aprobaci\u00f3n del Concejo Municipal y actualmente se encuentra en proceso de Dise\u00f1o.<\/figcaption><\/figure>\n<p><strong>RINCONADA.<\/strong>&#8211; Durante este a\u00f1o, se comenzar\u00e1 la ejecuci\u00f3n del mega proyecto Parque Urbano para Rinconada, este gran complejo estar\u00e1 ubicado en el sector Piscina Municipal, en el centro de la comuna cercano a las villas Renacer, Mirador, Los Jardines, Do\u00f1a Gabriela, entre otras.<\/p>\n<p>La iniciativa ya cuenta con la aprobaci\u00f3n del Concejo Municipal y actualmente se encuentra en proceso de Dise\u00f1o, para as\u00ed posteriormente comenzar su ejecuci\u00f3n luego de ser presentado al Fondo Nacional de Desarrollo Regional, se estima que ser\u00e1n cerca de 4.000 millones de pesos los que se podr\u00edan conseguir a trav\u00e9s de este fondo para la comuna y la realizaci\u00f3n de este anhelado proyecto impulsado por el Alcalde Pedro Caballer\u00eda.<\/p>\n<p>El Parque Urbano de Rinconada constar\u00eda de un teatro; un anfiteatro; sala de uso m\u00faltiple; parque municipal y una piscina temperada, que se unir\u00edan a los recintos ya existentes como la piscina municipal, la eco granja y las multi-canchas. El Alcalde Pedro Caballer\u00eda, se mostr\u00f3 entusiasmado por la realizaci\u00f3n de estos proyectos y afirm\u00f3 que \u00abestoy bastante contento por el apoyo que le ha dado el Concejo a esta moci\u00f3n, son cinco proyectos importantes y vamos a buscar los recursos externos porque estar\u00edamos superando los 4.000 millones de pesos de inversi\u00f3n, queremos adem\u00e1s mejorar las canchas con pasto sint\u00e9tico\u00bb.<\/p>\n<p>Manuel Le\u00f3n, Director de la Secplac Municipal, dijo que \u00abyo espero que el 2014 ya comencemos con uno de los proyectos, y as\u00ed avanzar uno por a\u00f1o, cada uno de los proyectos se va a ir presentando al Fondo Nacional de Desarrollo Regional\u00bb.<\/p>\n<p>&nbsp;<\/p>\n","protected":false},"excerpt":{"rendered":"<p>RINCONADA.&#8211; Durante este a\u00f1o, se comenzar\u00e1 la ejecuci\u00f3n del mega proyecto Parque Urbano para Rinconada, este gran complejo estar\u00e1 ubicado en el sector Piscina Municipal, en el centro de la comuna cercano&#8230;<\/p>\n","protected":false},"author":482,"featured_media":41517,"comment_status":"open","ping_status":"closed","sticky":false,"template":"","format":"standard","meta":{"advanced_seo_description":"","jetpack_seo_html_title":"","jetpack_seo_noindex":false,"_jetpack_memberships_contains_paid_content":false,"footnotes":""},"categories":[1],"tags":[],"class_list":["post-41516","post","type-post","status-publish","format-standard","has-post-thumbnail","hentry","category-cronica"],"jetpack_featured_media_url":"https:\/\/i0.wp.com\/eltrabajo.cl\/portal\/wp-content\/uploads\/2014\/01\/parque1.jpg?fit=529%2C378&ssl=1","jetpack_sharing_enabled":true,"jetpack_likes_enabled":true,"jetpack-related-posts":[],"_links":{"self":[{"href":"https:\/\/eltrabajo.cl\/portal\/wp-json\/wp\/v2\/posts\/41516","targetHints":{"allow":["GET"]}}],"collection":[{"href":"https:\/\/eltrabajo.cl\/portal\/wp-json\/wp\/v2\/posts"}],"about":[{"href":"https:\/\/eltrabajo.cl\/portal\/wp-json\/wp\/v2\/types\/post"}],"author":[{"embeddable":true,"href":"https:\/\/eltrabajo.cl\/portal\/wp-json\/wp\/v2\/users\/482"}],"replies":[{"embeddable":true,"href":"https:\/\/eltrabajo.cl\/portal\/wp-json\/wp\/v2\/comments?post=41516"}],"version-history":[{"count":0,"href":"https:\/\/eltrabajo.cl\/portal\/wp-json\/wp\/v2\/posts\/41516\/revisions"}],"wp:featuredmedia":[{"embeddable":true,"href":"https:\/\/eltrabajo.cl\/portal\/wp-json\/wp\/v2\/media\/41517"}],"wp:attachment":[{"href":"https:\/\/eltrabajo.cl\/portal\/wp-json\/wp\/v2\/media?parent=41516"}],"wp:term":[{"taxonomy":"category","embeddable":true,"href":"https:\/\/eltrabajo.cl\/portal\/wp-json\/wp\/v2\/categories?post=41516"},{"taxonomy":"post_tag","embeddable":true,"href":"https:\/\/eltrabajo.cl\/portal\/wp-json\/wp\/v2\/tags?post=41516"}],"curies":[{"name":"wp","href":"https:\/\/api.w.org\/{rel}","templated":true}]}}