{"id":41519,"date":"2014-01-06T09:30:10","date_gmt":"2014-01-06T12:30:10","guid":{"rendered":"http:\/\/www.eltrabajo.cl\/portal\/?p=41519"},"modified":"2014-01-06T09:30:10","modified_gmt":"2014-01-06T12:30:10","slug":"diputado-marco-antonio-nunez-pinera-dentro-de-su-locura-pretende-inaugurar-embalse-sin-terminar","status":"publish","type":"post","link":"https:\/\/eltrabajo.cl\/portal\/diputado-marco-antonio-nunez-pinera-dentro-de-su-locura-pretende-inaugurar-embalse-sin-terminar\/","title":{"rendered":"Diputado Marco Antonio N\u00fa\u00f1ez: \u00abPi\u00f1era dentro de su locura pretende inaugurar embalse sin terminar\u00bb"},"content":{"rendered":"<figure id=\"attachment_41520\" aria-describedby=\"caption-attachment-41520\" style=\"width: 317px\" class=\"wp-caption alignleft\"><a href=\"https:\/\/i0.wp.com\/www.eltrabajo.cl\/portal\/wp-content\/uploads\/2014\/01\/portadanunez.jpg\"><img data-recalc-dims=\"1\" loading=\"lazy\" decoding=\"async\" class=\" wp-image-41520 \" title=\"Diputado Marco Antonio N\u00fa\u00f1ez.\" alt=\"Diputado Marco Antonio N\u00fa\u00f1ez.\" src=\"https:\/\/i0.wp.com\/www.eltrabajo.cl\/portal\/wp-content\/uploads\/2014\/01\/portadanunez.jpg?resize=317%2C169\" width=\"317\" height=\"169\" srcset=\"https:\/\/i0.wp.com\/eltrabajo.cl\/portal\/wp-content\/uploads\/2014\/01\/portadanunez.jpg?w=529&amp;ssl=1 529w, https:\/\/i0.wp.com\/eltrabajo.cl\/portal\/wp-content\/uploads\/2014\/01\/portadanunez.jpg?resize=200%2C106&amp;ssl=1 200w, https:\/\/i0.wp.com\/eltrabajo.cl\/portal\/wp-content\/uploads\/2014\/01\/portadanunez.jpg?resize=300%2C159&amp;ssl=1 300w, https:\/\/i0.wp.com\/eltrabajo.cl\/portal\/wp-content\/uploads\/2014\/01\/portadanunez.jpg?resize=150%2C79&amp;ssl=1 150w, https:\/\/i0.wp.com\/eltrabajo.cl\/portal\/wp-content\/uploads\/2014\/01\/portadanunez.jpg?resize=400%2C213&amp;ssl=1 400w\" sizes=\"auto, (max-width: 317px) 100vw, 317px\" \/><\/a><figcaption id=\"caption-attachment-41520\" class=\"wp-caption-text\">Diputado Marco Antonio N\u00fa\u00f1ez.<\/figcaption><\/figure>\n<p><strong>PUTAENDO<\/strong>.- El reelecto diputado Marco Antonio N\u00fa\u00f1ez, dijo que el Presidente Sebasti\u00e1n Pi\u00f1era en su locura, pretende inaugurar un embalse a medio terminar, s\u00f3lo por darse un gusto y falt\u00e1ndole el respeto a la presidente electa Michelle Bachelet.<\/p>\n<p>El parlamentario asegur\u00f3 manejar informaci\u00f3n oficial que el Gobierno de Pi\u00f1era pretende inaugurar el Embalse Chacrillas dentro del m\u00e1s breve plazo, lo que calific\u00f3 como inaceptable, pues las obras de construcci\u00f3n a\u00fan est\u00e1n en el 75% y dijo que inaugurar una obra a s\u00f3lo dos meses que asuma la nueva presidente Michelle Bachelet, es una falta de respeto y que Sebasti\u00e1n Pi\u00f1era \u00aben su locura, pretende inaugurar un embalse a medio terminar\u00bb.<\/p>\n<p>N\u00fa\u00f1ez se\u00f1al\u00f3 que las primeras piedras no se retiran ni se esconden y que los embalses no se inauguran cuando a\u00fan faltan obras que terminar e indic\u00f3 que espera que la gobernadora env\u00ede el informe que corresponde se\u00f1alando que el embalse no est\u00e1 listo para su inauguraci\u00f3n, adem\u00e1s dijo que siendo justos, hay que reconocer el importante rol que jug\u00f3 el Presidente Pi\u00f1era en mantener los recursos para la ejecuci\u00f3n del proyecto, pero que no por esa raz\u00f3n se puede apropiar de una obra que naci\u00f3 en los gobiernos anteriores y donde Michelle Bachelet jug\u00f3 un rol fundamental para la construcci\u00f3n del Embalse Chacrillas.<\/p>\n<p>N\u00fa\u00f1ez se\u00f1al\u00f3 que esto habla muy mal del presidente y que por un af\u00e1n pol\u00edtico, se pretende inaugurar a toda prisa una obra cuando la gente sabe que la Presidente Bachelet jug\u00f3 un rol primordial y es justo que ella inaugure el embalse, adem\u00e1s asegur\u00f3 que no le cabe duda que Bachelet invitar\u00e1 a la inauguraci\u00f3n al actual mandatario, por lo que espera que el gobierno desista de inaugurar un embalse a medio terminar. En otro \u00e1mbito, pero relacionado con el rol del Embalse Chacrillas, el legislador dijo que espera que a la DOH lleguen personas con verdadera vocaci\u00f3n de servicio que trabajen por los APR y que solucionen de verdad los problemas de la gente, pues asegur\u00f3 que anunciar que se trabaja 24\/7 es una completa farsa, pues a\u00fan la D.O.H no ha asegurado el agua para beber a los comit\u00e9s de agua potable rural de Putaendo desde el Embalse Chacrillas.<\/p>\n<p>Patricio Gallardo M.<\/p>\n<p>&nbsp;<\/p>\n","protected":false},"excerpt":{"rendered":"<p>PUTAENDO.- El reelecto diputado Marco Antonio N\u00fa\u00f1ez, dijo que el Presidente Sebasti\u00e1n Pi\u00f1era en su locura, pretende inaugurar un embalse a medio terminar, s\u00f3lo por darse un gusto y falt\u00e1ndole el respeto&#8230;<\/p>\n","protected":false},"author":482,"featured_media":41520,"comment_status":"open","ping_status":"closed","sticky":false,"template":"","format":"standard","meta":{"advanced_seo_description":"","jetpack_seo_html_title":"","jetpack_seo_noindex":false,"_jetpack_memberships_contains_paid_content":false,"footnotes":""},"categories":[1],"tags":[],"class_list":["post-41519","post","type-post","status-publish","format-standard","has-post-thumbnail","hentry","category-cronica"],"jetpack_featured_media_url":"https:\/\/i0.wp.com\/eltrabajo.cl\/portal\/wp-content\/uploads\/2014\/01\/portadanunez.jpg?fit=529%2C282&ssl=1","jetpack_sharing_enabled":true,"jetpack_likes_enabled":true,"jetpack-related-posts":[],"_links":{"self":[{"href":"https:\/\/eltrabajo.cl\/portal\/wp-json\/wp\/v2\/posts\/41519","targetHints":{"allow":["GET"]}}],"collection":[{"href":"https:\/\/eltrabajo.cl\/portal\/wp-json\/wp\/v2\/posts"}],"about":[{"href":"https:\/\/eltrabajo.cl\/portal\/wp-json\/wp\/v2\/types\/post"}],"author":[{"embeddable":true,"href":"https:\/\/eltrabajo.cl\/portal\/wp-json\/wp\/v2\/users\/482"}],"replies":[{"embeddable":true,"href":"https:\/\/eltrabajo.cl\/portal\/wp-json\/wp\/v2\/comments?post=41519"}],"version-history":[{"count":0,"href":"https:\/\/eltrabajo.cl\/portal\/wp-json\/wp\/v2\/posts\/41519\/revisions"}],"wp:featuredmedia":[{"embeddable":true,"href":"https:\/\/eltrabajo.cl\/portal\/wp-json\/wp\/v2\/media\/41520"}],"wp:attachment":[{"href":"https:\/\/eltrabajo.cl\/portal\/wp-json\/wp\/v2\/media?parent=41519"}],"wp:term":[{"taxonomy":"category","embeddable":true,"href":"https:\/\/eltrabajo.cl\/portal\/wp-json\/wp\/v2\/categories?post=41519"},{"taxonomy":"post_tag","embeddable":true,"href":"https:\/\/eltrabajo.cl\/portal\/wp-json\/wp\/v2\/tags?post=41519"}],"curies":[{"name":"wp","href":"https:\/\/api.w.org\/{rel}","templated":true}]}}