{"id":41522,"date":"2014-01-06T09:34:17","date_gmt":"2014-01-06T12:34:17","guid":{"rendered":"http:\/\/www.eltrabajo.cl\/portal\/?p=41522"},"modified":"2014-01-06T09:34:17","modified_gmt":"2014-01-06T12:34:17","slug":"bomberos-de-los-andes-inauguro-su-nueva-central-de-comunicaciones","status":"publish","type":"post","link":"https:\/\/eltrabajo.cl\/portal\/bomberos-de-los-andes-inauguro-su-nueva-central-de-comunicaciones\/","title":{"rendered":"Bomberos de Los Andes inaugur\u00f3 su nueva central de comunicaciones"},"content":{"rendered":"<figure id=\"attachment_41523\" aria-describedby=\"caption-attachment-41523\" style=\"width: 529px\" class=\"wp-caption alignnone\"><a href=\"https:\/\/i0.wp.com\/www.eltrabajo.cl\/portal\/wp-content\/uploads\/2014\/01\/cambio-cuerpo5.jpg\"><img data-recalc-dims=\"1\" loading=\"lazy\" decoding=\"async\" class=\"size-full wp-image-41523\" title=\"ALEGR\u00cdA EN EL TRABAJO.- Esta alegre cuartelera de Bomberos de Los Andes, regal\u00f3 una linda sonrisa  a las c\u00e1maras de Diario El Trabajo en sus nuevas oficinas operativas.\" alt=\"ALEGR\u00cdA EN EL TRABAJO.- Esta alegre cuartelera de Bomberos de Los Andes, regal\u00f3 una linda sonrisa  a las c\u00e1maras de Diario El Trabajo en sus nuevas oficinas operativas.\" src=\"https:\/\/i0.wp.com\/www.eltrabajo.cl\/portal\/wp-content\/uploads\/2014\/01\/cambio-cuerpo5.jpg?resize=529%2C353\" width=\"529\" height=\"353\" srcset=\"https:\/\/i0.wp.com\/eltrabajo.cl\/portal\/wp-content\/uploads\/2014\/01\/cambio-cuerpo5.jpg?w=529&amp;ssl=1 529w, https:\/\/i0.wp.com\/eltrabajo.cl\/portal\/wp-content\/uploads\/2014\/01\/cambio-cuerpo5.jpg?resize=200%2C133&amp;ssl=1 200w, https:\/\/i0.wp.com\/eltrabajo.cl\/portal\/wp-content\/uploads\/2014\/01\/cambio-cuerpo5.jpg?resize=300%2C200&amp;ssl=1 300w, https:\/\/i0.wp.com\/eltrabajo.cl\/portal\/wp-content\/uploads\/2014\/01\/cambio-cuerpo5.jpg?resize=150%2C100&amp;ssl=1 150w, https:\/\/i0.wp.com\/eltrabajo.cl\/portal\/wp-content\/uploads\/2014\/01\/cambio-cuerpo5.jpg?resize=400%2C266&amp;ssl=1 400w\" sizes=\"auto, (max-width: 529px) 100vw, 529px\" \/><\/a><figcaption id=\"caption-attachment-41523\" class=\"wp-caption-text\">ALEGR\u00cdA EN EL TRABAJO.- Esta alegre cuartelera de Bomberos de Los Andes, regal\u00f3 una linda sonrisa a las c\u00e1maras de Diario El Trabajo en sus nuevas oficinas operativas.<\/figcaption><\/figure>\n<p><strong>LOS ANDES<\/strong>.- En una sencilla ceremonia, fue inaugurada la nueva central de comunicaciones del Cuerpo de Bomberos de Los Andes, cuya inversi\u00f3n total lleg\u00f3 a m\u00e1s de doce millones de pesos. El Superintendente de Bomberos, Francisco Castillo L\u00f3pez, destac\u00f3 la importancia de contar con esta nueva central que es mucho m\u00e1s moderna en cuanto a equipamiento y tambi\u00e9n es climatizada para mejorar las condiciones de trabajo de los operadores.<\/p>\n<figure id=\"attachment_41524\" aria-describedby=\"caption-attachment-41524\" style=\"width: 423px\" class=\"wp-caption alignright\"><a href=\"https:\/\/i0.wp.com\/www.eltrabajo.cl\/portal\/wp-content\/uploads\/2014\/01\/cambio-cuerpo1.jpg\"><img data-recalc-dims=\"1\" loading=\"lazy\" decoding=\"async\" class=\" wp-image-41524 \" title=\"CLIMATIZADA.- La nueva central de comunicaciones es completamente climatizada  y ya est\u00e1 funcionado con plena normalidad, destac\u00f3 el Directorio del Cuerpo de Bomberos.\" alt=\"CLIMATIZADA.- La nueva central de comunicaciones es completamente climatizada  y ya est\u00e1 funcionado con plena normalidad, destac\u00f3 el Directorio del Cuerpo de Bomberos.\" src=\"https:\/\/i0.wp.com\/www.eltrabajo.cl\/portal\/wp-content\/uploads\/2014\/01\/cambio-cuerpo1.jpg?resize=423%2C282\" width=\"423\" height=\"282\" srcset=\"https:\/\/i0.wp.com\/eltrabajo.cl\/portal\/wp-content\/uploads\/2014\/01\/cambio-cuerpo1.jpg?w=529&amp;ssl=1 529w, https:\/\/i0.wp.com\/eltrabajo.cl\/portal\/wp-content\/uploads\/2014\/01\/cambio-cuerpo1.jpg?resize=200%2C133&amp;ssl=1 200w, https:\/\/i0.wp.com\/eltrabajo.cl\/portal\/wp-content\/uploads\/2014\/01\/cambio-cuerpo1.jpg?resize=300%2C200&amp;ssl=1 300w, https:\/\/i0.wp.com\/eltrabajo.cl\/portal\/wp-content\/uploads\/2014\/01\/cambio-cuerpo1.jpg?resize=150%2C100&amp;ssl=1 150w, https:\/\/i0.wp.com\/eltrabajo.cl\/portal\/wp-content\/uploads\/2014\/01\/cambio-cuerpo1.jpg?resize=400%2C266&amp;ssl=1 400w\" sizes=\"auto, (max-width: 423px) 100vw, 423px\" \/><\/a><figcaption id=\"caption-attachment-41524\" class=\"wp-caption-text\">CLIMATIZADA.- La nueva central de comunicaciones es completamente climatizada y ya est\u00e1 funcionado con plena normalidad, destac\u00f3 el Directorio del Cuerpo de Bomberos.<\/figcaption><\/figure>\n<p>\u00abEsta sala cuenta tambi\u00e9n con cocina, un sistema ergon\u00f3mico, luces de emergencia, luces especiales para trabajar de noche con computadores y es algo acorde que nuestro personal necesitaba\u00bb, expres\u00f3 Castillo.<\/p>\n<figure id=\"attachment_41525\" aria-describedby=\"caption-attachment-41525\" style=\"width: 422px\" class=\"wp-caption alignleft\"><a href=\"https:\/\/i0.wp.com\/www.eltrabajo.cl\/portal\/wp-content\/uploads\/2014\/01\/cambio-cuerpo2.jpg\"><img data-recalc-dims=\"1\" loading=\"lazy\" decoding=\"async\" class=\" wp-image-41525 \" title=\"CABALLEROS DEL FUEGO.- Cientos de uniformados asistieron con orgullo al acto de presentaci\u00f3n de las instalaciones.\" alt=\"CABALLEROS DEL FUEGO.- Cientos de uniformados asistieron con orgullo al acto de presentaci\u00f3n de las instalaciones.\" src=\"https:\/\/i0.wp.com\/www.eltrabajo.cl\/portal\/wp-content\/uploads\/2014\/01\/cambio-cuerpo2.jpg?resize=422%2C192\" width=\"422\" height=\"192\" srcset=\"https:\/\/i0.wp.com\/eltrabajo.cl\/portal\/wp-content\/uploads\/2014\/01\/cambio-cuerpo2.jpg?w=528&amp;ssl=1 528w, https:\/\/i0.wp.com\/eltrabajo.cl\/portal\/wp-content\/uploads\/2014\/01\/cambio-cuerpo2.jpg?resize=200%2C90&amp;ssl=1 200w, https:\/\/i0.wp.com\/eltrabajo.cl\/portal\/wp-content\/uploads\/2014\/01\/cambio-cuerpo2.jpg?resize=300%2C136&amp;ssl=1 300w, https:\/\/i0.wp.com\/eltrabajo.cl\/portal\/wp-content\/uploads\/2014\/01\/cambio-cuerpo2.jpg?resize=150%2C68&amp;ssl=1 150w, https:\/\/i0.wp.com\/eltrabajo.cl\/portal\/wp-content\/uploads\/2014\/01\/cambio-cuerpo2.jpg?resize=400%2C181&amp;ssl=1 400w\" sizes=\"auto, (max-width: 422px) 100vw, 422px\" \/><\/a><figcaption id=\"caption-attachment-41525\" class=\"wp-caption-text\">CABALLEROS DEL FUEGO.- Cientos de uniformados asistieron con orgullo al acto de presentaci\u00f3n de las instalaciones.<\/figcaption><\/figure>\n<p>El Superintendente dijo que con esta sala se cumple tambi\u00e9n con lo establecido en la Ley Laboral, en cuanto a tener instalaciones c\u00f3modas y por sobre todo seguras para el personal. El \u2018mandam\u00e1s\u2019 bomberil resalt\u00f3 que este proyecto fue gestionado por el directorio durante el a\u00f1o 2013 y por ello se mostr\u00f3 complacido de poder seguir a la cabeza del Cuerpo de Bomberos por todo el a\u00f1o 2014. Record\u00f3 que el directorio tiene por misi\u00f3n administrar los recursos y en eso basan los objetivos de este tipo de proyecto.<\/p>\n<p>Por otra parte, el Superintendente inform\u00f3 que este a\u00f1o cambian todos los oficiales generales de la comandancia, destacando el ingreso en la Vicesuperintendente de Selene Covarrubias, Secretario General Guillermo Fern\u00e1ndez, Tesorero General Augusto V\u00edlchez y los Comandantes Jonny Arriaza Pueyes y Luis Aguilar. Francisco Castillo manifest\u00f3 que entre las metas del nuevo alto mando est\u00e1 mantener saneado el estado financiero del Cuerpo y continuar con la modernizaci\u00f3n de las seis compa\u00f1\u00edas y que todas est\u00e9n profesionalmente desarrolladas y bien gestionadas en lo econ\u00f3mico.<\/p>\n<p>&nbsp;<\/p>\n","protected":false},"excerpt":{"rendered":"<p>LOS ANDES.- En una sencilla ceremonia, fue inaugurada la nueva central de comunicaciones del Cuerpo de Bomberos de Los Andes, cuya inversi\u00f3n total lleg\u00f3 a m\u00e1s de doce millones de pesos. El&#8230;<\/p>\n","protected":false},"author":482,"featured_media":41523,"comment_status":"open","ping_status":"closed","sticky":false,"template":"","format":"standard","meta":{"advanced_seo_description":"","jetpack_seo_html_title":"","jetpack_seo_noindex":false,"_jetpack_memberships_contains_paid_content":false,"footnotes":""},"categories":[1],"tags":[],"class_list":["post-41522","post","type-post","status-publish","format-standard","has-post-thumbnail","hentry","category-cronica"],"jetpack_featured_media_url":"https:\/\/i0.wp.com\/eltrabajo.cl\/portal\/wp-content\/uploads\/2014\/01\/cambio-cuerpo5.jpg?fit=529%2C353&ssl=1","jetpack_sharing_enabled":true,"jetpack_likes_enabled":true,"jetpack-related-posts":[],"_links":{"self":[{"href":"https:\/\/eltrabajo.cl\/portal\/wp-json\/wp\/v2\/posts\/41522","targetHints":{"allow":["GET"]}}],"collection":[{"href":"https:\/\/eltrabajo.cl\/portal\/wp-json\/wp\/v2\/posts"}],"about":[{"href":"https:\/\/eltrabajo.cl\/portal\/wp-json\/wp\/v2\/types\/post"}],"author":[{"embeddable":true,"href":"https:\/\/eltrabajo.cl\/portal\/wp-json\/wp\/v2\/users\/482"}],"replies":[{"embeddable":true,"href":"https:\/\/eltrabajo.cl\/portal\/wp-json\/wp\/v2\/comments?post=41522"}],"version-history":[{"count":0,"href":"https:\/\/eltrabajo.cl\/portal\/wp-json\/wp\/v2\/posts\/41522\/revisions"}],"wp:featuredmedia":[{"embeddable":true,"href":"https:\/\/eltrabajo.cl\/portal\/wp-json\/wp\/v2\/media\/41523"}],"wp:attachment":[{"href":"https:\/\/eltrabajo.cl\/portal\/wp-json\/wp\/v2\/media?parent=41522"}],"wp:term":[{"taxonomy":"category","embeddable":true,"href":"https:\/\/eltrabajo.cl\/portal\/wp-json\/wp\/v2\/categories?post=41522"},{"taxonomy":"post_tag","embeddable":true,"href":"https:\/\/eltrabajo.cl\/portal\/wp-json\/wp\/v2\/tags?post=41522"}],"curies":[{"name":"wp","href":"https:\/\/api.w.org\/{rel}","templated":true}]}}