{"id":41533,"date":"2014-01-06T09:39:17","date_gmt":"2014-01-06T12:39:17","guid":{"rendered":"http:\/\/www.eltrabajo.cl\/portal\/?p=41533"},"modified":"2014-01-06T09:39:17","modified_gmt":"2014-01-06T12:39:17","slug":"solo-con-piscina-temperada-partira-este-viernes-temporada-en-san-felipe","status":"publish","type":"post","link":"https:\/\/eltrabajo.cl\/portal\/solo-con-piscina-temperada-partira-este-viernes-temporada-en-san-felipe\/","title":{"rendered":"S\u00f3lo con piscina temperada partir\u00e1 este viernes temporada en San Felipe"},"content":{"rendered":"<figure id=\"attachment_41534\" aria-describedby=\"caption-attachment-41534\" style=\"width: 317px\" class=\"wp-caption alignleft\"><a href=\"https:\/\/i0.wp.com\/www.eltrabajo.cl\/portal\/wp-content\/uploads\/2014\/01\/Danilo-Pena.jpg\"><img data-recalc-dims=\"1\" loading=\"lazy\" decoding=\"async\" class=\" wp-image-41534 \" title=\"Danilo Pe\u00f1a, Encargado de Deportes de la Municipalidad de San Felipe.\" alt=\"Danilo Pe\u00f1a, Encargado de Deportes de la Municipalidad de San Felipe.\" src=\"https:\/\/i0.wp.com\/www.eltrabajo.cl\/portal\/wp-content\/uploads\/2014\/01\/Danilo-Pena.jpg?resize=317%2C238\" width=\"317\" height=\"238\" srcset=\"https:\/\/i0.wp.com\/eltrabajo.cl\/portal\/wp-content\/uploads\/2014\/01\/Danilo-Pena.jpg?w=529&amp;ssl=1 529w, https:\/\/i0.wp.com\/eltrabajo.cl\/portal\/wp-content\/uploads\/2014\/01\/Danilo-Pena.jpg?resize=200%2C150&amp;ssl=1 200w, https:\/\/i0.wp.com\/eltrabajo.cl\/portal\/wp-content\/uploads\/2014\/01\/Danilo-Pena.jpg?resize=300%2C225&amp;ssl=1 300w, https:\/\/i0.wp.com\/eltrabajo.cl\/portal\/wp-content\/uploads\/2014\/01\/Danilo-Pena.jpg?resize=150%2C112&amp;ssl=1 150w, https:\/\/i0.wp.com\/eltrabajo.cl\/portal\/wp-content\/uploads\/2014\/01\/Danilo-Pena.jpg?resize=400%2C300&amp;ssl=1 400w\" sizes=\"auto, (max-width: 317px) 100vw, 317px\" \/><\/a><figcaption id=\"caption-attachment-41534\" class=\"wp-caption-text\">Danilo Pe\u00f1a, Encargado de Deportes de la Municipalidad de San Felipe.<\/figcaption><\/figure>\n<p>El Encargado del Departamento de Deportes de la Municipalidad de San Felipe, Danilo Pe\u00f1a, confirm\u00f3 para este viernes 10 de enero el inicio de la temporada de piscina en la comuna de San Felipe, utilizando s\u00f3lo la piscina temperada en un principio, ya que la pileta que tradicionalmente se utiliza abierta al p\u00fablico, presenta un serio problema que no ha sido resuelto. La piscina antigua est\u00e1 muy cercana al pozo que abastece de agua y que ser\u00e1 profundizado, no obstante el problema de las filtraciones es lo que preocupa al municipio, por lo que se est\u00e1 revisando y buscando todos los informes existentes en torno a la mantenci\u00f3n de la pileta, ya que lo que desean es no poner en riesgo la seguridad de los ba\u00f1istas.<\/p>\n<p>\u00abPrecisamente, esta es una piscina que tal como hemos venido hablando hace mucho tiempo, no tiene las caracter\u00edsticas de hormig\u00f3n armado y de fierro, de tal manera que se teme que pudiera quebrarse m\u00e1s all\u00e1 de las grietas que pudiera tener hoy d\u00eda. Es por eso que est\u00e1 piscina est\u00e1 en veremos\u00bb, se\u00f1al\u00f3 Danilo Pe\u00f1a.<\/p>\n<figure id=\"attachment_41535\" aria-describedby=\"caption-attachment-41535\" style=\"width: 423px\" class=\"wp-caption alignright\"><a href=\"https:\/\/i0.wp.com\/www.eltrabajo.cl\/portal\/wp-content\/uploads\/2014\/01\/PISCINA.jpg\"><img data-recalc-dims=\"1\" loading=\"lazy\" decoding=\"async\" class=\" wp-image-41535 \" title=\"La piscina antigua presenta un da\u00f1o que esperan resolver a la brevedad, por lo que inicialmente estar\u00eda operando solo, mediante programas, la piscina temperada.\" alt=\"La piscina antigua presenta un da\u00f1o que esperan resolver a la brevedad, por lo que inicialmente estar\u00eda operando solo, mediante programas, la piscina temperada.\" src=\"https:\/\/i0.wp.com\/www.eltrabajo.cl\/portal\/wp-content\/uploads\/2014\/01\/PISCINA.jpg?resize=423%2C282\" width=\"423\" height=\"282\" srcset=\"https:\/\/i0.wp.com\/eltrabajo.cl\/portal\/wp-content\/uploads\/2014\/01\/PISCINA.jpg?w=529&amp;ssl=1 529w, https:\/\/i0.wp.com\/eltrabajo.cl\/portal\/wp-content\/uploads\/2014\/01\/PISCINA.jpg?resize=200%2C133&amp;ssl=1 200w, https:\/\/i0.wp.com\/eltrabajo.cl\/portal\/wp-content\/uploads\/2014\/01\/PISCINA.jpg?resize=300%2C199&amp;ssl=1 300w, https:\/\/i0.wp.com\/eltrabajo.cl\/portal\/wp-content\/uploads\/2014\/01\/PISCINA.jpg?resize=150%2C99&amp;ssl=1 150w, https:\/\/i0.wp.com\/eltrabajo.cl\/portal\/wp-content\/uploads\/2014\/01\/PISCINA.jpg?resize=400%2C266&amp;ssl=1 400w\" sizes=\"auto, (max-width: 423px) 100vw, 423px\" \/><\/a><figcaption id=\"caption-attachment-41535\" class=\"wp-caption-text\">La piscina antigua presenta un da\u00f1o que esperan resolver a la brevedad, por lo que inicialmente estar\u00eda operando solo, mediante programas, la piscina temperada.<\/figcaption><\/figure>\n<p>A\u00f1adi\u00f3 que \u00ablo que queremos, es partir el plan de verano con muchas actividades, con tenis, ajedrez, centros recreativos en localidades rurales, de tal manera de llevar el deporte y la recreaci\u00f3n no solo en el Estadio Fiscal, sino tambi\u00e9n a muchas otras localidades\u00bb.<\/p>\n<p>En el caso de la piscina temperada, esta tampoco estuvo exenta de problemas, ya que se detect\u00f3 una fuga importante en el filtro n\u00famero dos, por lo que al ingresar agua a la pileta, transcurridos 20 minutos, esto no suced\u00eda.<\/p>\n<p>\u00abPor lo tanto, nos imaginamos que en el nivel de tuber\u00edas que van bajo la pileta, debe existir una fuga gigante. Se hizo un trabajo que consisti\u00f3 en bypasear el sistema, de tal manera que el filtro dos funcione de manera complementaria a los filtros 1 y 3, lo que significa que hoy d\u00eda con esos filtros, pero con menos dren, vamos a estar funcionando y echando a andar la piscina\u00bb, agreg\u00f3 el profesional.<\/p>\n<p>La piscina temperada entonces funcionar\u00e1 bajo la modalidad de programa, entendiendo adem\u00e1s que es una piscina de competici\u00f3n y la menor profundidad que tiene, es de 1,25 metros. Consultado por la piscina antigua, Pe\u00f1a fue enf\u00e1tico en se\u00f1alar que se espera descartar cualquier duda de que esta presenta alg\u00fan riesgo para los ba\u00f1istas, recalcando que m\u00e1s all\u00e1 de los trabajos de profundizaci\u00f3n del pozo, preocupa el tema del desmoronamiento.<\/p>\n<p>&nbsp;<\/p>\n","protected":false},"excerpt":{"rendered":"<p>El Encargado del Departamento de Deportes de la Municipalidad de San Felipe, Danilo Pe\u00f1a, confirm\u00f3 para este viernes 10 de enero el inicio de la temporada de piscina en la comuna de&#8230;<\/p>\n","protected":false},"author":482,"featured_media":41534,"comment_status":"open","ping_status":"closed","sticky":false,"template":"","format":"standard","meta":{"advanced_seo_description":"","jetpack_seo_html_title":"","jetpack_seo_noindex":false,"_jetpack_memberships_contains_paid_content":false,"footnotes":""},"categories":[15],"tags":[],"class_list":["post-41533","post","type-post","status-publish","format-standard","has-post-thumbnail","hentry","category-comunidad"],"jetpack_featured_media_url":"https:\/\/i0.wp.com\/eltrabajo.cl\/portal\/wp-content\/uploads\/2014\/01\/Danilo-Pena.jpg?fit=529%2C397&ssl=1","jetpack_sharing_enabled":true,"jetpack_likes_enabled":true,"jetpack-related-posts":[],"_links":{"self":[{"href":"https:\/\/eltrabajo.cl\/portal\/wp-json\/wp\/v2\/posts\/41533","targetHints":{"allow":["GET"]}}],"collection":[{"href":"https:\/\/eltrabajo.cl\/portal\/wp-json\/wp\/v2\/posts"}],"about":[{"href":"https:\/\/eltrabajo.cl\/portal\/wp-json\/wp\/v2\/types\/post"}],"author":[{"embeddable":true,"href":"https:\/\/eltrabajo.cl\/portal\/wp-json\/wp\/v2\/users\/482"}],"replies":[{"embeddable":true,"href":"https:\/\/eltrabajo.cl\/portal\/wp-json\/wp\/v2\/comments?post=41533"}],"version-history":[{"count":0,"href":"https:\/\/eltrabajo.cl\/portal\/wp-json\/wp\/v2\/posts\/41533\/revisions"}],"wp:featuredmedia":[{"embeddable":true,"href":"https:\/\/eltrabajo.cl\/portal\/wp-json\/wp\/v2\/media\/41534"}],"wp:attachment":[{"href":"https:\/\/eltrabajo.cl\/portal\/wp-json\/wp\/v2\/media?parent=41533"}],"wp:term":[{"taxonomy":"category","embeddable":true,"href":"https:\/\/eltrabajo.cl\/portal\/wp-json\/wp\/v2\/categories?post=41533"},{"taxonomy":"post_tag","embeddable":true,"href":"https:\/\/eltrabajo.cl\/portal\/wp-json\/wp\/v2\/tags?post=41533"}],"curies":[{"name":"wp","href":"https:\/\/api.w.org\/{rel}","templated":true}]}}