{"id":41574,"date":"2014-01-07T09:28:03","date_gmt":"2014-01-07T12:28:03","guid":{"rendered":"http:\/\/www.eltrabajo.cl\/portal\/?p=41574"},"modified":"2014-01-07T09:28:03","modified_gmt":"2014-01-07T12:28:03","slug":"viene-la-2a-mtb-desafio-las-mandurrias-2014-en-llay-llay","status":"publish","type":"post","link":"https:\/\/eltrabajo.cl\/portal\/viene-la-2a-mtb-desafio-las-mandurrias-2014-en-llay-llay\/","title":{"rendered":"Viene la 2\u00aa MTB Desaf\u00edo Las Mandurrias 2014 en Llay Llay"},"content":{"rendered":"<figure id=\"attachment_41575\" aria-describedby=\"caption-attachment-41575\" style=\"width: 529px\" class=\"wp-caption alignnone\"><a href=\"https:\/\/i0.wp.com\/www.eltrabajo.cl\/portal\/wp-content\/uploads\/2014\/01\/CIMA1.jpg\"><img data-recalc-dims=\"1\" loading=\"lazy\" decoding=\"async\" class=\"size-full wp-image-41575\" title=\"TODO LISTO.- Decenas de ciclistas esperan con ansiedad este encuentro deportivo, el que se realizar\u00e1 el domingo 12 de enero.\" alt=\"TODO LISTO.- Decenas de ciclistas esperan con ansiedad este encuentro deportivo, el que se realizar\u00e1 el domingo 12 de enero.\" src=\"https:\/\/i0.wp.com\/www.eltrabajo.cl\/portal\/wp-content\/uploads\/2014\/01\/CIMA1.jpg?resize=529%2C342\" width=\"529\" height=\"342\" srcset=\"https:\/\/i0.wp.com\/eltrabajo.cl\/portal\/wp-content\/uploads\/2014\/01\/CIMA1.jpg?w=529&amp;ssl=1 529w, https:\/\/i0.wp.com\/eltrabajo.cl\/portal\/wp-content\/uploads\/2014\/01\/CIMA1.jpg?resize=200%2C129&amp;ssl=1 200w, https:\/\/i0.wp.com\/eltrabajo.cl\/portal\/wp-content\/uploads\/2014\/01\/CIMA1.jpg?resize=300%2C193&amp;ssl=1 300w, https:\/\/i0.wp.com\/eltrabajo.cl\/portal\/wp-content\/uploads\/2014\/01\/CIMA1.jpg?resize=150%2C96&amp;ssl=1 150w, https:\/\/i0.wp.com\/eltrabajo.cl\/portal\/wp-content\/uploads\/2014\/01\/CIMA1.jpg?resize=400%2C258&amp;ssl=1 400w\" sizes=\"auto, (max-width: 529px) 100vw, 529px\" \/><\/a><figcaption id=\"caption-attachment-41575\" class=\"wp-caption-text\">TODO LISTO.- Decenas de ciclistas esperan con ansiedad este encuentro deportivo, el que se realizar\u00e1 el domingo 12 de enero.<\/figcaption><\/figure>\n<p>Ya est\u00e1 por realizarse en Llay Llay, la 2\u00aa competencia de MTB Desaf\u00edo Las Bandurrias\u2019 2014, la cual es financiada por el Gobierno Regional de Valpara\u00edso. Dicha competencia se realizar\u00e1 el domingo 12 de enero, comenzando las inscripciones desde las 07:30 horas en el frontis del Cine Municipal. La competencia se iniciar\u00e1 a las 09:00 horas, al inicio de la Cuesta el Cementerio y la competencia cuenta con cinco categor\u00edas, 17 a 25 a\u00f1os 20 kil\u00f3metros; 26 a 39 a\u00f1os 20 kil\u00f3metros; 40 + a\u00f1os 20 kil\u00f3metros. Abierto Damas 20 kil\u00f3metros y Adultos PRO 48 kil\u00f3metros.<\/p>\n<figure id=\"attachment_41576\" aria-describedby=\"caption-attachment-41576\" style=\"width: 259px\" class=\"wp-caption alignright\"><a href=\"https:\/\/i0.wp.com\/www.eltrabajo.cl\/portal\/wp-content\/uploads\/2014\/01\/Hector-Henriquez.jpg\"><img data-recalc-dims=\"1\" loading=\"lazy\" decoding=\"async\" class=\" wp-image-41576  \" title=\"SIN MIEDO.- H\u00e9ctor Henr\u00edquez es uno de los mejores en el barro, ya listo para la 2\u00aa competencia de MTB Desaf\u00edo Las Bandurrias 2014\u2019. \" alt=\"SIN MIEDO.- H\u00e9ctor Henr\u00edquez es uno de los mejores en el barro, ya listo para la 2\u00aa competencia de MTB Desaf\u00edo Las Bandurrias 2014\u2019. \" src=\"https:\/\/i0.wp.com\/www.eltrabajo.cl\/portal\/wp-content\/uploads\/2014\/01\/Hector-Henriquez.jpg?resize=259%2C326\" width=\"259\" height=\"326\" srcset=\"https:\/\/i0.wp.com\/eltrabajo.cl\/portal\/wp-content\/uploads\/2014\/01\/Hector-Henriquez.jpg?w=529&amp;ssl=1 529w, https:\/\/i0.wp.com\/eltrabajo.cl\/portal\/wp-content\/uploads\/2014\/01\/Hector-Henriquez.jpg?resize=119%2C150&amp;ssl=1 119w, https:\/\/i0.wp.com\/eltrabajo.cl\/portal\/wp-content\/uploads\/2014\/01\/Hector-Henriquez.jpg?resize=239%2C300&amp;ssl=1 239w, https:\/\/i0.wp.com\/eltrabajo.cl\/portal\/wp-content\/uploads\/2014\/01\/Hector-Henriquez.jpg?resize=400%2C502&amp;ssl=1 400w\" sizes=\"auto, (max-width: 259px) 100vw, 259px\" \/><\/a><figcaption id=\"caption-attachment-41576\" class=\"wp-caption-text\">SIN MIEDO.- H\u00e9ctor Henr\u00edquez es uno de los mejores en el barro, ya listo para la 2\u00aa competencia de MTB Desaf\u00edo Las Bandurrias 2014\u2019.<\/figcaption><\/figure>\n<p>En dicha competencia participar\u00e1n deportistas de todas las comunas de la provincia, incluso de equipos de Santiago y Vi\u00f1a del Mar. Representando a Llay Llay en la categor\u00eda Pro, podemos destacar a Sebasti\u00e1n Tapia N\u00fa\u00f1ez y H\u00e9ctor Henr\u00edquez Reyes, los cuales han obtenido buenos tiempos en diferentes competencia de la regi\u00f3n, este \u00faltimo obtuvo el segundo lugar en su categor\u00eda, la reconocida Desaf\u00edo Shimano Termas del Flaco.<\/p>\n<figure id=\"attachment_41577\" aria-describedby=\"caption-attachment-41577\" style=\"width: 317px\" class=\"wp-caption alignleft\"><a href=\"https:\/\/i0.wp.com\/www.eltrabajo.cl\/portal\/wp-content\/uploads\/2014\/01\/Corredoras1.jpg\"><img data-recalc-dims=\"1\" loading=\"lazy\" decoding=\"async\" class=\" wp-image-41577 \" title=\"BELLEZA SOBRE RUEDAS.- Representando a Llay Llay estar\u00e1n las competidoras Ivana Meneses, Carolina Henr\u00edquez, Carla Tapia y Natalia Arancibia.\" alt=\"BELLEZA SOBRE RUEDAS.- Representando a Llay Llay estar\u00e1n las competidoras Ivana Meneses, Carolina Henr\u00edquez, Carla Tapia y Natalia Arancibia.\" src=\"https:\/\/i0.wp.com\/www.eltrabajo.cl\/portal\/wp-content\/uploads\/2014\/01\/Corredoras1.jpg?resize=317%2C239\" width=\"317\" height=\"239\" srcset=\"https:\/\/i0.wp.com\/eltrabajo.cl\/portal\/wp-content\/uploads\/2014\/01\/Corredoras1.jpg?w=529&amp;ssl=1 529w, https:\/\/i0.wp.com\/eltrabajo.cl\/portal\/wp-content\/uploads\/2014\/01\/Corredoras1.jpg?resize=200%2C150&amp;ssl=1 200w, https:\/\/i0.wp.com\/eltrabajo.cl\/portal\/wp-content\/uploads\/2014\/01\/Corredoras1.jpg?resize=300%2C226&amp;ssl=1 300w, https:\/\/i0.wp.com\/eltrabajo.cl\/portal\/wp-content\/uploads\/2014\/01\/Corredoras1.jpg?resize=150%2C113&amp;ssl=1 150w, https:\/\/i0.wp.com\/eltrabajo.cl\/portal\/wp-content\/uploads\/2014\/01\/Corredoras1.jpg?resize=400%2C301&amp;ssl=1 400w\" sizes=\"auto, (max-width: 317px) 100vw, 317px\" \/><\/a><figcaption id=\"caption-attachment-41577\" class=\"wp-caption-text\">BELLEZA SOBRE RUEDAS.- Representando a Llay Llay estar\u00e1n las competidoras Ivana Meneses, Carolina Henr\u00edquez, Carla Tapia y Natalia Arancibia.<\/figcaption><\/figure>\n<p>\u00abEn la competencia se realizar\u00e1n peque\u00f1as competencias para los peque\u00f1os, donde deber\u00e1n demostrar su destreza y rapidez, en los que participar\u00e1 uno de nuestros socios destacados Eduardo Molina Ramos de nueve a\u00f1os, quien recientemente obtuvo el primer lugar en MTB Rally Valle del Aconcagua\u00bb, coment\u00f3 a Diario El Trabajo Edgardo De la Sotta, Presidente del Club Cima Llay Llay.<\/p>\n<p>Agreg\u00f3 Edgardo que \u00abeste a\u00f1o se incorpora la novedad de un Abierto Damas, por lo que animamos a las chicas de la provincia a subirse a la bicicleta y participar en esta competencia, representando a Llay Llay estar\u00e1n las competidoras Ivana Meneses, Carolina Henr\u00edquez, Carla Tapia y Natalia Arancibia, estas lindas deportistas tienes todas la esperanza de logar un lugar en la competencia, para lo cual han entrenado duramente durante este \u00faltimo mes\u00bb, agreg\u00f3 De la Sota.<\/p>\n<p>El Club Deportivo de Ciclismo de Monta\u00f1a y Aventura Cima, nace en septiembre de 2011 con el objetivo difundir y practicar el ciclismo de monta\u00f1a, como un deporte que se puede practicar en cualquier etapa de nuestras vidas, en comunidad amigable con el Medio Ambiente. Est\u00e1 compuesto por 18 socios de diferentes edades, organizando durante el a\u00f1o 2013 varias actividades masivas para promover el deporte al aire libre, como es el ciclismo y campa\u00f1as de seguridad vial, incentivando a la gente la importancia del uso del casco y luces para prevenci\u00f3n de accidentes.<\/p>\n","protected":false},"excerpt":{"rendered":"<p>Ya est\u00e1 por realizarse en Llay Llay, la 2\u00aa competencia de MTB Desaf\u00edo Las Bandurrias\u2019 2014, la cual es financiada por el Gobierno Regional de Valpara\u00edso. Dicha competencia se realizar\u00e1 el domingo&#8230;<\/p>\n","protected":false},"author":482,"featured_media":41575,"comment_status":"open","ping_status":"closed","sticky":false,"template":"","format":"standard","meta":{"advanced_seo_description":"","jetpack_seo_html_title":"","jetpack_seo_noindex":false,"_jetpack_memberships_contains_paid_content":false,"footnotes":""},"categories":[15],"tags":[],"class_list":["post-41574","post","type-post","status-publish","format-standard","has-post-thumbnail","hentry","category-comunidad"],"jetpack_featured_media_url":"https:\/\/i0.wp.com\/eltrabajo.cl\/portal\/wp-content\/uploads\/2014\/01\/CIMA1.jpg?fit=529%2C342&ssl=1","jetpack_sharing_enabled":true,"jetpack_likes_enabled":true,"jetpack-related-posts":[],"_links":{"self":[{"href":"https:\/\/eltrabajo.cl\/portal\/wp-json\/wp\/v2\/posts\/41574","targetHints":{"allow":["GET"]}}],"collection":[{"href":"https:\/\/eltrabajo.cl\/portal\/wp-json\/wp\/v2\/posts"}],"about":[{"href":"https:\/\/eltrabajo.cl\/portal\/wp-json\/wp\/v2\/types\/post"}],"author":[{"embeddable":true,"href":"https:\/\/eltrabajo.cl\/portal\/wp-json\/wp\/v2\/users\/482"}],"replies":[{"embeddable":true,"href":"https:\/\/eltrabajo.cl\/portal\/wp-json\/wp\/v2\/comments?post=41574"}],"version-history":[{"count":0,"href":"https:\/\/eltrabajo.cl\/portal\/wp-json\/wp\/v2\/posts\/41574\/revisions"}],"wp:featuredmedia":[{"embeddable":true,"href":"https:\/\/eltrabajo.cl\/portal\/wp-json\/wp\/v2\/media\/41575"}],"wp:attachment":[{"href":"https:\/\/eltrabajo.cl\/portal\/wp-json\/wp\/v2\/media?parent=41574"}],"wp:term":[{"taxonomy":"category","embeddable":true,"href":"https:\/\/eltrabajo.cl\/portal\/wp-json\/wp\/v2\/categories?post=41574"},{"taxonomy":"post_tag","embeddable":true,"href":"https:\/\/eltrabajo.cl\/portal\/wp-json\/wp\/v2\/tags?post=41574"}],"curies":[{"name":"wp","href":"https:\/\/api.w.org\/{rel}","templated":true}]}}