{"id":41581,"date":"2014-01-07T09:30:28","date_gmt":"2014-01-07T12:30:28","guid":{"rendered":"http:\/\/www.eltrabajo.cl\/portal\/?p=41581"},"modified":"2014-01-07T09:30:28","modified_gmt":"2014-01-07T12:30:28","slug":"quedan-15-cupos-para-el-jardin-infantil-burbujitas","status":"publish","type":"post","link":"https:\/\/eltrabajo.cl\/portal\/quedan-15-cupos-para-el-jardin-infantil-burbujitas\/","title":{"rendered":"Quedan 15 cupos para el Jard\u00edn Infantil Burbujitas"},"content":{"rendered":"<figure id=\"attachment_41582\" aria-describedby=\"caption-attachment-41582\" style=\"width: 529px\" class=\"wp-caption alignnone\"><a href=\"https:\/\/i0.wp.com\/www.eltrabajo.cl\/portal\/wp-content\/uploads\/2014\/01\/Burbujitas1.jpg\"><img data-recalc-dims=\"1\" loading=\"lazy\" decoding=\"async\" class=\"size-full wp-image-41582\" title=\"JUGUETONES.- Ellos son parte de los peque\u00f1os que reciben atenci\u00f3n completa en Burbujitas, ellos y la directora de dicho centro educativo, Patricia Pe\u00f1a Ortiz, posaron para las c\u00e1maras de Diario El Trabajo.\" alt=\"JUGUETONES.- Ellos son parte de los peque\u00f1os que reciben atenci\u00f3n completa en Burbujitas, ellos y la directora de dicho centro educativo, Patricia Pe\u00f1a Ortiz, posaron para las c\u00e1maras de Diario El Trabajo.\" src=\"https:\/\/i0.wp.com\/www.eltrabajo.cl\/portal\/wp-content\/uploads\/2014\/01\/Burbujitas1.jpg?resize=529%2C319\" width=\"529\" height=\"319\" srcset=\"https:\/\/i0.wp.com\/eltrabajo.cl\/portal\/wp-content\/uploads\/2014\/01\/Burbujitas1.jpg?w=529&amp;ssl=1 529w, https:\/\/i0.wp.com\/eltrabajo.cl\/portal\/wp-content\/uploads\/2014\/01\/Burbujitas1.jpg?resize=200%2C120&amp;ssl=1 200w, https:\/\/i0.wp.com\/eltrabajo.cl\/portal\/wp-content\/uploads\/2014\/01\/Burbujitas1.jpg?resize=300%2C180&amp;ssl=1 300w, https:\/\/i0.wp.com\/eltrabajo.cl\/portal\/wp-content\/uploads\/2014\/01\/Burbujitas1.jpg?resize=150%2C90&amp;ssl=1 150w, https:\/\/i0.wp.com\/eltrabajo.cl\/portal\/wp-content\/uploads\/2014\/01\/Burbujitas1.jpg?resize=400%2C241&amp;ssl=1 400w\" sizes=\"auto, (max-width: 529px) 100vw, 529px\" \/><\/a><figcaption id=\"caption-attachment-41582\" class=\"wp-caption-text\">JUGUETONES.- Ellos son parte de los peque\u00f1os que reciben atenci\u00f3n completa en Burbujitas, ellos y la directora de dicho centro educativo, Patricia Pe\u00f1a Ortiz, posaron para las c\u00e1maras de Diario El Trabajo.<\/figcaption><\/figure>\n<p>Un llamado para aprovechar los \u00fanicos 15 cupos disponibles en el Jard\u00edn Infantil Burbujitas de Colores de Villa La Estancia, hizo este lunes la directora de dicho centro educativo subvencionado y que opera por conducto de la Junji, Patricia Pe\u00f1a Ortiz.<\/p>\n<figure id=\"attachment_41583\" aria-describedby=\"caption-attachment-41583\" style=\"width: 422px\" class=\"wp-caption alignright\"><a href=\"https:\/\/i0.wp.com\/www.eltrabajo.cl\/portal\/wp-content\/uploads\/2014\/01\/Merienda1.jpg\"><img data-recalc-dims=\"1\" loading=\"lazy\" decoding=\"async\" class=\" wp-image-41583 \" title=\"LA MERIENDA.- Las c\u00e1maras de Diario El Trabajo capt\u00f3 los momentos en que estos peque\u00f1itos disfrutaban de una dulce merienda en Burbujitas de colores, fono: 253 6982.\" alt=\"LA MERIENDA.- Las c\u00e1maras de Diario El Trabajo capt\u00f3 los momentos en que estos peque\u00f1itos disfrutaban de una dulce merienda en Burbujitas de colores, fono: 253 6982.\" src=\"https:\/\/i0.wp.com\/www.eltrabajo.cl\/portal\/wp-content\/uploads\/2014\/01\/Merienda1.jpg?resize=422%2C318\" width=\"422\" height=\"318\" srcset=\"https:\/\/i0.wp.com\/eltrabajo.cl\/portal\/wp-content\/uploads\/2014\/01\/Merienda1.jpg?w=528&amp;ssl=1 528w, https:\/\/i0.wp.com\/eltrabajo.cl\/portal\/wp-content\/uploads\/2014\/01\/Merienda1.jpg?resize=200%2C150&amp;ssl=1 200w, https:\/\/i0.wp.com\/eltrabajo.cl\/portal\/wp-content\/uploads\/2014\/01\/Merienda1.jpg?resize=300%2C225&amp;ssl=1 300w, https:\/\/i0.wp.com\/eltrabajo.cl\/portal\/wp-content\/uploads\/2014\/01\/Merienda1.jpg?resize=150%2C112&amp;ssl=1 150w, https:\/\/i0.wp.com\/eltrabajo.cl\/portal\/wp-content\/uploads\/2014\/01\/Merienda1.jpg?resize=400%2C300&amp;ssl=1 400w\" sizes=\"auto, (max-width: 422px) 100vw, 422px\" \/><\/a><figcaption id=\"caption-attachment-41583\" class=\"wp-caption-text\">LA MERIENDA.- Las c\u00e1maras de Diario El Trabajo capt\u00f3 los momentos en que estos peque\u00f1itos disfrutaban de una dulce merienda en Burbujitas de colores, fono: 253 6982.<\/figcaption><\/figure>\n<p>\u00abS\u00f3lo nos quedan 15 cupos para peque\u00f1os entre 84 d\u00edas de nacidos y un a\u00f1o, todo lo dem\u00e1s ya est\u00e1 lleno, pero s\u00ed hay posibilidades de que tambi\u00e9n ni\u00f1os m\u00e1s grandes puedan ser aceptados, pues en las pr\u00f3ximas semanas algunos de los que ya est\u00e1n ac\u00e1, ser\u00e1n trasladados a otros niveles por sus edades\u00bb, coment\u00f3 Pe\u00f1a a Diario El Trabajo.<\/p>\n<p>Seg\u00fan indic\u00f3 esta funcionaria, \u00ablos requisitos para ingresar a los ni\u00f1os son los de siempre, Ficha de Protecci\u00f3n Social; certificado de nacimiento; copia del \u00faltimo control de salud y vacunas al d\u00eda; certificado del Programa Chile Solidario si pertenece a \u00e9l\u00bb, agreg\u00f3 Patricia.<\/p>\n<p>No s\u00f3lo hay espacio para estos 15 peque\u00f1itos en Burbujitas, Pe\u00f1a hizo tambi\u00e9n el llamado para \u00abaquellas personas que quieran trabajar, tenemos cinco cupos para T\u00e9cnicos Parvularios y una Educadora Parvularia, los interesados pueden presentar su curr\u00edculo aqu\u00ed en nuestras oficinas\u00bb, dijo la funcionaria. Todos los gastos anuales para la atenci\u00f3n de los 104 ni\u00f1os que reciben atenci\u00f3n en Burbujitas de Colores, son gratuitos para sus pap\u00e1s.<\/p>\n<p>&nbsp;<\/p>\n","protected":false},"excerpt":{"rendered":"<p>Un llamado para aprovechar los \u00fanicos 15 cupos disponibles en el Jard\u00edn Infantil Burbujitas de Colores de Villa La Estancia, hizo este lunes la directora de dicho centro educativo subvencionado y que&#8230;<\/p>\n","protected":false},"author":482,"featured_media":41582,"comment_status":"open","ping_status":"closed","sticky":false,"template":"","format":"standard","meta":{"advanced_seo_description":"","jetpack_seo_html_title":"","jetpack_seo_noindex":false,"_jetpack_memberships_contains_paid_content":false,"footnotes":""},"categories":[15],"tags":[],"class_list":["post-41581","post","type-post","status-publish","format-standard","has-post-thumbnail","hentry","category-comunidad"],"jetpack_featured_media_url":"https:\/\/i0.wp.com\/eltrabajo.cl\/portal\/wp-content\/uploads\/2014\/01\/Burbujitas1.jpg?fit=529%2C319&ssl=1","jetpack_sharing_enabled":true,"jetpack_likes_enabled":true,"jetpack-related-posts":[],"_links":{"self":[{"href":"https:\/\/eltrabajo.cl\/portal\/wp-json\/wp\/v2\/posts\/41581","targetHints":{"allow":["GET"]}}],"collection":[{"href":"https:\/\/eltrabajo.cl\/portal\/wp-json\/wp\/v2\/posts"}],"about":[{"href":"https:\/\/eltrabajo.cl\/portal\/wp-json\/wp\/v2\/types\/post"}],"author":[{"embeddable":true,"href":"https:\/\/eltrabajo.cl\/portal\/wp-json\/wp\/v2\/users\/482"}],"replies":[{"embeddable":true,"href":"https:\/\/eltrabajo.cl\/portal\/wp-json\/wp\/v2\/comments?post=41581"}],"version-history":[{"count":0,"href":"https:\/\/eltrabajo.cl\/portal\/wp-json\/wp\/v2\/posts\/41581\/revisions"}],"wp:featuredmedia":[{"embeddable":true,"href":"https:\/\/eltrabajo.cl\/portal\/wp-json\/wp\/v2\/media\/41582"}],"wp:attachment":[{"href":"https:\/\/eltrabajo.cl\/portal\/wp-json\/wp\/v2\/media?parent=41581"}],"wp:term":[{"taxonomy":"category","embeddable":true,"href":"https:\/\/eltrabajo.cl\/portal\/wp-json\/wp\/v2\/categories?post=41581"},{"taxonomy":"post_tag","embeddable":true,"href":"https:\/\/eltrabajo.cl\/portal\/wp-json\/wp\/v2\/tags?post=41581"}],"curies":[{"name":"wp","href":"https:\/\/api.w.org\/{rel}","templated":true}]}}