{"id":41597,"date":"2014-01-07T09:38:58","date_gmt":"2014-01-07T12:38:58","guid":{"rendered":"http:\/\/www.eltrabajo.cl\/portal\/?p=41597"},"modified":"2014-01-07T09:38:58","modified_gmt":"2014-01-07T12:38:58","slug":"acusan-al-alcalde-mardones-de-incitar-a-la-violencia-a-vecinos-de-los-chacayes","status":"publish","type":"post","link":"https:\/\/eltrabajo.cl\/portal\/acusan-al-alcalde-mardones-de-incitar-a-la-violencia-a-vecinos-de-los-chacayes\/","title":{"rendered":"Acusan al alcalde Mardones de incitar a la violencia a vecinos de Los Chacayes"},"content":{"rendered":"<figure id=\"attachment_41598\" aria-describedby=\"caption-attachment-41598\" style=\"width: 317px\" class=\"wp-caption alignleft\"><a href=\"https:\/\/i0.wp.com\/www.eltrabajo.cl\/portal\/wp-content\/uploads\/2014\/01\/gob-disturbios.jpg\"><img data-recalc-dims=\"1\" loading=\"lazy\" decoding=\"async\" class=\" wp-image-41598 \" title=\"La Gobernadora Edith Quiroz dijo que resulta inconcebible que una autoridad azuce a los vecinos para que realicen actos que no contribuyen en nada a resolver los problemas de fondo.\" alt=\"La Gobernadora Edith Quiroz dijo que resulta inconcebible que una autoridad azuce a los vecinos para que realicen actos que no contribuyen en nada a resolver los problemas de fondo.\" src=\"https:\/\/i0.wp.com\/www.eltrabajo.cl\/portal\/wp-content\/uploads\/2014\/01\/gob-disturbios.jpg?resize=317%2C212\" width=\"317\" height=\"212\" srcset=\"https:\/\/i0.wp.com\/eltrabajo.cl\/portal\/wp-content\/uploads\/2014\/01\/gob-disturbios.jpg?w=529&amp;ssl=1 529w, https:\/\/i0.wp.com\/eltrabajo.cl\/portal\/wp-content\/uploads\/2014\/01\/gob-disturbios.jpg?resize=200%2C133&amp;ssl=1 200w, https:\/\/i0.wp.com\/eltrabajo.cl\/portal\/wp-content\/uploads\/2014\/01\/gob-disturbios.jpg?resize=300%2C200&amp;ssl=1 300w, https:\/\/i0.wp.com\/eltrabajo.cl\/portal\/wp-content\/uploads\/2014\/01\/gob-disturbios.jpg?resize=150%2C100&amp;ssl=1 150w, https:\/\/i0.wp.com\/eltrabajo.cl\/portal\/wp-content\/uploads\/2014\/01\/gob-disturbios.jpg?resize=400%2C266&amp;ssl=1 400w\" sizes=\"auto, (max-width: 317px) 100vw, 317px\" \/><\/a><figcaption id=\"caption-attachment-41598\" class=\"wp-caption-text\">La Gobernadora Edith Quiroz dijo que resulta inconcebible que una autoridad azuce a los vecinos para que realicen actos que no contribuyen en nada a resolver los problemas de fondo.<\/figcaption><\/figure>\n<p><strong>LOS ANDES.-<\/strong> La Gobernadora Edith Quiroz critic\u00f3 duramente al alcalde de San Esteban, Ren\u00e9 Mardones, por incitar a la violencia a los pobladores del camino internacional tras el fatal atropello a un vecino del sector.<\/p>\n<p>La gobernadora dijo que resulta inconcebible que una autoridad azuce a los vecinos para que realicen actos que no contribuyen en nada a resolver los problemas de fondo, \u201cpues nosotros hemos hecho un trabajo con la gente del camino internacional en instalar una mesa de trabajo para poder llegar a arreglos y situaciones que mejoren la calidad de vida de los vecinos\u201d.<\/p>\n<p>La autoridad plante\u00f3 que se est\u00e1n llevando adelante arreglos bastante complejos, ya que la ruta no cumple con los est\u00e1ndares de camino internacional y las casas de los vecinos est\u00e1n muy cerca de la calzada.<\/p>\n<p>Agreg\u00f3 que a trav\u00e9s de la mesa de trabajo se ha tratado de buscar soluciones, \u201cy hemos avanzado bastante, pero nos queda a\u00fan mucho por hacer y donde los municipios pueden jugar un rol fundamental ya que pueden postular a proyectos para construcci\u00f3n de veredas, proyectos de mejor iluminaci\u00f3n y no dej\u00e1rselo todo a una parte y la invitaci\u00f3n es que trabajemos juntos para tener soluciones en un tiempo m\u00e1s corto\u201d.<\/p>\n<p>Quiroz dijo sostuvo que el MOP recibi\u00f3 todos los petitorios de los vecinos, asegurando que las inversiones se llevar\u00e1n adelante conforme se asignan los presupuestos, \u201cya que en la administraci\u00f3n p\u00fablica hay una serie de procesos que deben respetarse\u201d.<\/p>\n<p>La gobernadora desestim\u00f3 las cr\u00edticas de los vecinos manifestando que por el alto flujo de veh\u00edculos que circulan por esa ruta, es inevitable que no se produzcan accidentes, pero la idea es disminuirlos lo m\u00e1s posible y se ha avanzado en la instalaci\u00f3n de se\u00f1al\u00e9ticas, ojos de gatos, paso cebra y barreras de contenci\u00f3n, \u201cpero cuando existe la imprudencia de alguna de las partes se producen los accidentes y por eso vamos a seguir trabajando, y el hecho de no haber tenido una reuni\u00f3n con los vecinos en el mes de diciembre no es la causa de este accidente\u201d.<\/p>\n<p>Sostuvo que ya est\u00e1 planteado al MOP el tema de las pasarelas peatonales, pero a\u00fan faltan los recursos para su construcci\u00f3n.<\/p>\n<p>La autoridad se\u00f1al\u00f3 que se reunir\u00e1 con Carabineros para ver el tema de los controles de tr\u00e1nsito y velocidad en el sector.<\/p>\n<p>Finalmente, la autoridad insisti\u00f3 en que el sector de Los Chacayes es donde m\u00e1s se\u00f1al\u00e9tica se ha instalado, justamente para disminuir los accidentes.<\/p>\n<p>&nbsp;<\/p>\n","protected":false},"excerpt":{"rendered":"<p>LOS ANDES.- La Gobernadora Edith Quiroz critic\u00f3 duramente al alcalde de San Esteban, Ren\u00e9 Mardones, por incitar a la violencia a los pobladores del camino internacional tras el fatal atropello a un&#8230;<\/p>\n","protected":false},"author":482,"featured_media":41598,"comment_status":"open","ping_status":"closed","sticky":false,"template":"","format":"standard","meta":{"advanced_seo_description":"","jetpack_seo_html_title":"","jetpack_seo_noindex":false,"_jetpack_memberships_contains_paid_content":false,"footnotes":""},"categories":[1],"tags":[],"class_list":["post-41597","post","type-post","status-publish","format-standard","has-post-thumbnail","hentry","category-cronica"],"jetpack_featured_media_url":"https:\/\/i0.wp.com\/eltrabajo.cl\/portal\/wp-content\/uploads\/2014\/01\/gob-disturbios.jpg?fit=529%2C353&ssl=1","jetpack_sharing_enabled":true,"jetpack_likes_enabled":true,"jetpack-related-posts":[],"_links":{"self":[{"href":"https:\/\/eltrabajo.cl\/portal\/wp-json\/wp\/v2\/posts\/41597","targetHints":{"allow":["GET"]}}],"collection":[{"href":"https:\/\/eltrabajo.cl\/portal\/wp-json\/wp\/v2\/posts"}],"about":[{"href":"https:\/\/eltrabajo.cl\/portal\/wp-json\/wp\/v2\/types\/post"}],"author":[{"embeddable":true,"href":"https:\/\/eltrabajo.cl\/portal\/wp-json\/wp\/v2\/users\/482"}],"replies":[{"embeddable":true,"href":"https:\/\/eltrabajo.cl\/portal\/wp-json\/wp\/v2\/comments?post=41597"}],"version-history":[{"count":0,"href":"https:\/\/eltrabajo.cl\/portal\/wp-json\/wp\/v2\/posts\/41597\/revisions"}],"wp:featuredmedia":[{"embeddable":true,"href":"https:\/\/eltrabajo.cl\/portal\/wp-json\/wp\/v2\/media\/41598"}],"wp:attachment":[{"href":"https:\/\/eltrabajo.cl\/portal\/wp-json\/wp\/v2\/media?parent=41597"}],"wp:term":[{"taxonomy":"category","embeddable":true,"href":"https:\/\/eltrabajo.cl\/portal\/wp-json\/wp\/v2\/categories?post=41597"},{"taxonomy":"post_tag","embeddable":true,"href":"https:\/\/eltrabajo.cl\/portal\/wp-json\/wp\/v2\/tags?post=41597"}],"curies":[{"name":"wp","href":"https:\/\/api.w.org\/{rel}","templated":true}]}}