{"id":41601,"date":"2014-01-07T09:42:08","date_gmt":"2014-01-07T12:42:08","guid":{"rendered":"http:\/\/www.eltrabajo.cl\/portal\/?p=41601"},"modified":"2014-01-07T09:42:08","modified_gmt":"2014-01-07T12:42:08","slug":"deportistas-bulgaras-lideran-campus-de-gimnasia-ritmica-en-san-felipe","status":"publish","type":"post","link":"https:\/\/eltrabajo.cl\/portal\/deportistas-bulgaras-lideran-campus-de-gimnasia-ritmica-en-san-felipe\/","title":{"rendered":"Deportistas b\u00falgaras lideran campus de Gimnasia R\u00edtmica en San Felipe"},"content":{"rendered":"<figure id=\"attachment_41602\" aria-describedby=\"caption-attachment-41602\" style=\"width: 528px\" class=\"wp-caption alignnone\"><a href=\"https:\/\/i0.wp.com\/www.eltrabajo.cl\/portal\/wp-content\/uploads\/2014\/01\/total-de-66.jpg\"><img data-recalc-dims=\"1\" loading=\"lazy\" decoding=\"async\" class=\"size-full wp-image-41602\" title=\"Un total de 66 ni\u00f1as y adolescentes de distintos puntos del pa\u00eds, est\u00e1n participando del Campus de Gimnasia R\u00edtmica.\" alt=\"Un total de 66 ni\u00f1as y adolescentes de distintos puntos del pa\u00eds, est\u00e1n participando del Campus de Gimnasia R\u00edtmica.\" src=\"https:\/\/i0.wp.com\/www.eltrabajo.cl\/portal\/wp-content\/uploads\/2014\/01\/total-de-66.jpg?resize=528%2C353\" width=\"528\" height=\"353\" srcset=\"https:\/\/i0.wp.com\/eltrabajo.cl\/portal\/wp-content\/uploads\/2014\/01\/total-de-66.jpg?w=528&amp;ssl=1 528w, https:\/\/i0.wp.com\/eltrabajo.cl\/portal\/wp-content\/uploads\/2014\/01\/total-de-66.jpg?resize=200%2C133&amp;ssl=1 200w, https:\/\/i0.wp.com\/eltrabajo.cl\/portal\/wp-content\/uploads\/2014\/01\/total-de-66.jpg?resize=300%2C200&amp;ssl=1 300w, https:\/\/i0.wp.com\/eltrabajo.cl\/portal\/wp-content\/uploads\/2014\/01\/total-de-66.jpg?resize=150%2C100&amp;ssl=1 150w, https:\/\/i0.wp.com\/eltrabajo.cl\/portal\/wp-content\/uploads\/2014\/01\/total-de-66.jpg?resize=400%2C267&amp;ssl=1 400w\" sizes=\"auto, (max-width: 528px) 100vw, 528px\" \/><\/a><figcaption id=\"caption-attachment-41602\" class=\"wp-caption-text\">Un total de 66 ni\u00f1as y adolescentes de distintos puntos del pa\u00eds, est\u00e1n participando del Campus de Gimnasia R\u00edtmica.<\/figcaption><\/figure>\n<p>Bajo la gu\u00eda de deportistas de \u00e9lite provenientes de Bulgaria, se est\u00e1 realizando en San Felipe un Campus de Gimnasia R\u00edtmica que congrega a ni\u00f1as y adolescentes de la comuna, as\u00ed como de otros puntos del pa\u00eds, actividad que organiza por segundo a\u00f1o consecutivo la municipalidad.<\/p>\n<p><a href=\"https:\/\/i0.wp.com\/www.eltrabajo.cl\/portal\/wp-content\/uploads\/2014\/01\/por-segundo.jpg\"><img data-recalc-dims=\"1\" loading=\"lazy\" decoding=\"async\" class=\" wp-image-41603 alignright\" alt=\"por segundo\" src=\"https:\/\/i0.wp.com\/www.eltrabajo.cl\/portal\/wp-content\/uploads\/2014\/01\/por-segundo.jpg?resize=370%2C248\" width=\"370\" height=\"248\" srcset=\"https:\/\/i0.wp.com\/eltrabajo.cl\/portal\/wp-content\/uploads\/2014\/01\/por-segundo.jpg?w=529&amp;ssl=1 529w, https:\/\/i0.wp.com\/eltrabajo.cl\/portal\/wp-content\/uploads\/2014\/01\/por-segundo.jpg?resize=200%2C133&amp;ssl=1 200w, https:\/\/i0.wp.com\/eltrabajo.cl\/portal\/wp-content\/uploads\/2014\/01\/por-segundo.jpg?resize=300%2C200&amp;ssl=1 300w, https:\/\/i0.wp.com\/eltrabajo.cl\/portal\/wp-content\/uploads\/2014\/01\/por-segundo.jpg?resize=150%2C100&amp;ssl=1 150w, https:\/\/i0.wp.com\/eltrabajo.cl\/portal\/wp-content\/uploads\/2014\/01\/por-segundo.jpg?resize=400%2C267&amp;ssl=1 400w\" sizes=\"auto, (max-width: 370px) 100vw, 370px\" \/><\/a><\/p>\n<p>Se trata de una experiencia \u00fanica para estas peque\u00f1as gimnastas, quienes tienen la oportunidad de aprender con estas expertas europeas, quienes les entregan sus conocimientos y perfeccionan sus t\u00e9cnicas.<\/p>\n<p>Para Katerina Ivanovic la iniciativa impulsada por la profesora Luc\u00eda Bravo, quien est\u00e1 a cargo del trabajo con las alumnas de la comuna que practican gimnasia r\u00edtmica, reviste gran importancia, en la medida que en Europa es pr\u00e1cticamente desconocido el desarrollo de esta disciplina en Chile, donde hay mucho talento, pero falta experiencia de los profesores a cargo de los grupos.<\/p>\n<p>De ah\u00ed entonces que el campus no solo est\u00e1 dirigido a las ni\u00f1as, sino tambi\u00e9n a sus profesores, quienes tienen clases diarias con las gimnastas b\u00falgaras.<\/p>\n<figure id=\"attachment_41604\" aria-describedby=\"caption-attachment-41604\" style=\"width: 222px\" class=\"wp-caption alignleft\"><a href=\"https:\/\/i0.wp.com\/www.eltrabajo.cl\/portal\/wp-content\/uploads\/2014\/01\/KATERINA-IVANOVIC.jpg\"><img data-recalc-dims=\"1\" loading=\"lazy\" decoding=\"async\" class=\" wp-image-41604  \" title=\"Katerina Ivanovic, gimnasta b\u00falgara a cargo de las clases en el Campus Internacional de Gimnasia R\u00edtmica.\" alt=\"Katerina Ivanovic, gimnasta b\u00falgara a cargo de las clases en el Campus Internacional de Gimnasia R\u00edtmica.\" src=\"https:\/\/i0.wp.com\/www.eltrabajo.cl\/portal\/wp-content\/uploads\/2014\/01\/KATERINA-IVANOVIC.jpg?resize=222%2C333\" width=\"222\" height=\"333\" srcset=\"https:\/\/i0.wp.com\/eltrabajo.cl\/portal\/wp-content\/uploads\/2014\/01\/KATERINA-IVANOVIC.jpg?w=529&amp;ssl=1 529w, https:\/\/i0.wp.com\/eltrabajo.cl\/portal\/wp-content\/uploads\/2014\/01\/KATERINA-IVANOVIC.jpg?resize=100%2C150&amp;ssl=1 100w, https:\/\/i0.wp.com\/eltrabajo.cl\/portal\/wp-content\/uploads\/2014\/01\/KATERINA-IVANOVIC.jpg?resize=200%2C300&amp;ssl=1 200w, https:\/\/i0.wp.com\/eltrabajo.cl\/portal\/wp-content\/uploads\/2014\/01\/KATERINA-IVANOVIC.jpg?resize=400%2C599&amp;ssl=1 400w\" sizes=\"auto, (max-width: 222px) 100vw, 222px\" \/><\/a><figcaption id=\"caption-attachment-41604\" class=\"wp-caption-text\">Katerina Ivanovic, gimnasta b\u00falgara a cargo de las clases en el Campus Internacional de Gimnasia R\u00edtmica.<\/figcaption><\/figure>\n<p>\u201cEste a\u00f1o tenemos m\u00e1s ni\u00f1as en el campus, en el nivel formativo, con ni\u00f1as que est\u00e1n empezando ahora, ni\u00f1as de nivel elite, que son los talentos de Chile, as\u00ed que estamos muy felices de que nos invitaran de nuevo. A m\u00ed me gust\u00f3 mucho venir el a\u00f1o pasado, porque en Europa no tenemos informaci\u00f3n de gimnasia chilena, y la verdad es que las ni\u00f1as tienen tremendas capacidades, pero lo que vemos es que las entrenadoras no tienen tanta experiencia, no saben sacar su talento, por lo que estamos trabajando eso con las profesoras\u201d, manifest\u00f3 Katerina Ivanovic.<\/p>\n<p>En cada campus se realiza una selecci\u00f3n de las mejores, siendo invitadas aquellas con m\u00e1s talento a Europa, para que puedan entrenar. Eso justamente ocurri\u00f3 el a\u00f1o pasado, cuando cinco gimnastas de Chile viajaron por un mes a Portugal, para entrenar en el Centro de Alto Rendimiento. \u201cY la verdad es que cuando volvieron, compitieron en el nacional, resultando una de ellas campeona nacional juvenil. Este a\u00f1o tenemos todav\u00eda m\u00e1s gimnastas seleccionadas\u201d, a\u00f1adi\u00f3 la b\u00falgara Ivanovic.<\/p>\n<p><strong>\u00a0<\/strong><\/p>\n<p><strong>ACTIVIDAD MUNICIPAL<\/strong><\/p>\n<p>Con el pleno respaldo de la municipalidad de San Felipe, se realiza este campus de Gimnasia R\u00edtmica en la comuna, reduci\u00e9ndose este a\u00f1o a solo una instancia de trabajo, por una semana, ya que el a\u00f1o pasado las gimnastas b\u00falgaras estuvieron en San Felipe durante dos semanas, lo que permiti\u00f3 abarcar a m\u00e1s alumnas.<\/p>\n<p>La iniciativa surgi\u00f3 de la profesora a cargo del trabajo en gimnasia r\u00edtmica para el sistema municipal, Luc\u00eda Bravo, quien adem\u00e1s es ex seleccionada nacional de la especialidad. Seg\u00fan comenta la docente, \u201cesta experiencia es positiva en todos los \u00e1mbitos, ya que pueden compartir con ni\u00f1as de otros clubes del pa\u00eds, pero al mismo tiempo, les permite darse cuenta que lo que uno les dice, quiz\u00e1s es lo mismo, pero como se lo dice una gimnasta de las m\u00e1s importantes del mundo, lo asumen m\u00e1s r\u00e1pidamente, sobre todo entre muchas ni\u00f1as vulnerables, para quienes el deporte pasa a ser lo m\u00e1s importante de sus vidas\u201d.<\/p>\n<p>En esta oportunidad, est\u00e1n participando de este campus internacional un total de 66 gimnastas, de las cuales dos pertenecen al sistema municipal sanfelipe\u00f1o, adem\u00e1s de ni\u00f1as de Concepci\u00f3n, Santiago, Osorno, La Serena y de Venezuela.<\/p>\n<p>Las j\u00f3venes llegaron el viernes a San Felipe e iniciaron las clases el s\u00e1bado, con ocho horas diarias de clases.<\/p>\n<p>&nbsp;<\/p>\n","protected":false},"excerpt":{"rendered":"<p>Bajo la gu\u00eda de deportistas de \u00e9lite provenientes de Bulgaria, se est\u00e1 realizando en San Felipe un Campus de Gimnasia R\u00edtmica que congrega a ni\u00f1as y adolescentes de la comuna, as\u00ed como&#8230;<\/p>\n","protected":false},"author":482,"featured_media":41602,"comment_status":"open","ping_status":"closed","sticky":false,"template":"","format":"standard","meta":{"advanced_seo_description":"","jetpack_seo_html_title":"","jetpack_seo_noindex":false,"_jetpack_memberships_contains_paid_content":false,"footnotes":""},"categories":[1],"tags":[],"class_list":["post-41601","post","type-post","status-publish","format-standard","has-post-thumbnail","hentry","category-cronica"],"jetpack_featured_media_url":"https:\/\/i0.wp.com\/eltrabajo.cl\/portal\/wp-content\/uploads\/2014\/01\/total-de-66.jpg?fit=528%2C353&ssl=1","jetpack_sharing_enabled":true,"jetpack_likes_enabled":true,"jetpack-related-posts":[],"_links":{"self":[{"href":"https:\/\/eltrabajo.cl\/portal\/wp-json\/wp\/v2\/posts\/41601","targetHints":{"allow":["GET"]}}],"collection":[{"href":"https:\/\/eltrabajo.cl\/portal\/wp-json\/wp\/v2\/posts"}],"about":[{"href":"https:\/\/eltrabajo.cl\/portal\/wp-json\/wp\/v2\/types\/post"}],"author":[{"embeddable":true,"href":"https:\/\/eltrabajo.cl\/portal\/wp-json\/wp\/v2\/users\/482"}],"replies":[{"embeddable":true,"href":"https:\/\/eltrabajo.cl\/portal\/wp-json\/wp\/v2\/comments?post=41601"}],"version-history":[{"count":0,"href":"https:\/\/eltrabajo.cl\/portal\/wp-json\/wp\/v2\/posts\/41601\/revisions"}],"wp:featuredmedia":[{"embeddable":true,"href":"https:\/\/eltrabajo.cl\/portal\/wp-json\/wp\/v2\/media\/41602"}],"wp:attachment":[{"href":"https:\/\/eltrabajo.cl\/portal\/wp-json\/wp\/v2\/media?parent=41601"}],"wp:term":[{"taxonomy":"category","embeddable":true,"href":"https:\/\/eltrabajo.cl\/portal\/wp-json\/wp\/v2\/categories?post=41601"},{"taxonomy":"post_tag","embeddable":true,"href":"https:\/\/eltrabajo.cl\/portal\/wp-json\/wp\/v2\/tags?post=41601"}],"curies":[{"name":"wp","href":"https:\/\/api.w.org\/{rel}","templated":true}]}}