{"id":41619,"date":"2014-01-07T09:51:11","date_gmt":"2014-01-07T12:51:11","guid":{"rendered":"http:\/\/www.eltrabajo.cl\/portal\/?p=41619"},"modified":"2014-01-07T09:51:11","modified_gmt":"2014-01-07T12:51:11","slug":"emotiva-y-multitudinaria-despedida-recibio-joven-fallecido-en-lo-vicuna","status":"publish","type":"post","link":"https:\/\/eltrabajo.cl\/portal\/emotiva-y-multitudinaria-despedida-recibio-joven-fallecido-en-lo-vicuna\/","title":{"rendered":"Emotiva y multitudinaria despedida recibi\u00f3 joven fallecido en Lo Vicu\u00f1a"},"content":{"rendered":"<figure id=\"attachment_41620\" aria-describedby=\"caption-attachment-41620\" style=\"width: 529px\" class=\"wp-caption alignnone\"><a href=\"https:\/\/i0.wp.com\/www.eltrabajo.cl\/portal\/wp-content\/uploads\/2014\/01\/emotiva-despedida-2.jpg\"><img data-recalc-dims=\"1\" loading=\"lazy\" decoding=\"async\" class=\"size-full wp-image-41620\" title=\"Amigos motoqueros y del Club Deportivo Alianza de Guzmanes portan el f\u00e9retro, acompa\u00f1ando al joven Patricio Gonz\u00e1lez a su \u00faltima morada.\" alt=\"Amigos motoqueros y del Club Deportivo Alianza de Guzmanes portan el f\u00e9retro, acompa\u00f1ando al joven Patricio Gonz\u00e1lez a su \u00faltima morada.\" src=\"https:\/\/i0.wp.com\/www.eltrabajo.cl\/portal\/wp-content\/uploads\/2014\/01\/emotiva-despedida-2.jpg?resize=529%2C342\" width=\"529\" height=\"342\" srcset=\"https:\/\/i0.wp.com\/eltrabajo.cl\/portal\/wp-content\/uploads\/2014\/01\/emotiva-despedida-2.jpg?w=529&amp;ssl=1 529w, https:\/\/i0.wp.com\/eltrabajo.cl\/portal\/wp-content\/uploads\/2014\/01\/emotiva-despedida-2.jpg?resize=200%2C129&amp;ssl=1 200w, https:\/\/i0.wp.com\/eltrabajo.cl\/portal\/wp-content\/uploads\/2014\/01\/emotiva-despedida-2.jpg?resize=300%2C193&amp;ssl=1 300w, https:\/\/i0.wp.com\/eltrabajo.cl\/portal\/wp-content\/uploads\/2014\/01\/emotiva-despedida-2.jpg?resize=150%2C96&amp;ssl=1 150w, https:\/\/i0.wp.com\/eltrabajo.cl\/portal\/wp-content\/uploads\/2014\/01\/emotiva-despedida-2.jpg?resize=400%2C258&amp;ssl=1 400w\" sizes=\"auto, (max-width: 529px) 100vw, 529px\" \/><\/a><figcaption id=\"caption-attachment-41620\" class=\"wp-caption-text\">Amigos motoqueros y del Club Deportivo Alianza de Guzmanes portan el f\u00e9retro, acompa\u00f1ando al joven Patricio Gonz\u00e1lez a su \u00faltima morada.<\/figcaption><\/figure>\n<p><strong>PUTAENDO<\/strong>.- Una multitudinaria y emotiva despedida brind\u00f3 la comunidad y un importante grupo de motoqueros al joven Patricio Gonz\u00e1lez Basualdo, fallecido tr\u00e1gicamente en un accidente vehicular la ma\u00f1ana del viernes pasado en Lo Vicu\u00f1a.<\/p>\n<figure id=\"attachment_41621\" aria-describedby=\"caption-attachment-41621\" style=\"width: 370px\" class=\"wp-caption alignright\"><a href=\"https:\/\/i0.wp.com\/www.eltrabajo.cl\/portal\/wp-content\/uploads\/2014\/01\/emotiva-despedida-1.jpg\"><img data-recalc-dims=\"1\" loading=\"lazy\" decoding=\"async\" class=\" wp-image-41621 \" title=\"M\u00e1s de 100 motos de San Felipe, Los Andes, La Calera y Santiago escoltaron la carroza f\u00fanebre desde el sector Guzmanes hasta el templo de Putaendo.\" alt=\"M\u00e1s de 100 motos de San Felipe, Los Andes, La Calera y Santiago escoltaron la carroza f\u00fanebre desde el sector Guzmanes hasta el templo de Putaendo.\" src=\"https:\/\/i0.wp.com\/www.eltrabajo.cl\/portal\/wp-content\/uploads\/2014\/01\/emotiva-despedida-1.jpg?resize=370%2C197\" width=\"370\" height=\"197\" srcset=\"https:\/\/i0.wp.com\/eltrabajo.cl\/portal\/wp-content\/uploads\/2014\/01\/emotiva-despedida-1.jpg?w=528&amp;ssl=1 528w, https:\/\/i0.wp.com\/eltrabajo.cl\/portal\/wp-content\/uploads\/2014\/01\/emotiva-despedida-1.jpg?resize=200%2C106&amp;ssl=1 200w, https:\/\/i0.wp.com\/eltrabajo.cl\/portal\/wp-content\/uploads\/2014\/01\/emotiva-despedida-1.jpg?resize=300%2C159&amp;ssl=1 300w, https:\/\/i0.wp.com\/eltrabajo.cl\/portal\/wp-content\/uploads\/2014\/01\/emotiva-despedida-1.jpg?resize=150%2C79&amp;ssl=1 150w, https:\/\/i0.wp.com\/eltrabajo.cl\/portal\/wp-content\/uploads\/2014\/01\/emotiva-despedida-1.jpg?resize=400%2C212&amp;ssl=1 400w\" sizes=\"auto, (max-width: 370px) 100vw, 370px\" \/><\/a><figcaption id=\"caption-attachment-41621\" class=\"wp-caption-text\">M\u00e1s de 100 motos de San Felipe, Los Andes, La Calera y Santiago escoltaron la carroza f\u00fanebre desde el sector Guzmanes hasta el templo de Putaendo.<\/figcaption><\/figure>\n<p>M\u00e1s de 100 motos escoltaron la carroza f\u00fanebre desde el sector Guzmanes hasta el templo de Putaendo. Los motoqueros de distintos lugares como San Felipe, Los Andes, La Calera y Santiago, junto a los integrantes del Club de Motos \u2018Trueno\u2019 de Putaendo, se instalaron en la plaza e hicieron rugir sus motores mientras el f\u00e9retro era ingresado al templo que antes de las 10:00 horas de este domingo estaba totalmente repleto.<\/p>\n<p>Una emotiva eucarist\u00eda presidida por el Padre Pedro Salinas trat\u00f3 de llevar un poco de consuelo a la familia, amigos y conocidos, mientras que el Club de Motos Trueno, con sentidas palabras, despidi\u00f3 a su integrante.<\/p>\n<figure id=\"attachment_41622\" aria-describedby=\"caption-attachment-41622\" style=\"width: 190px\" class=\"wp-caption alignleft\"><a href=\"https:\/\/i0.wp.com\/www.eltrabajo.cl\/portal\/wp-content\/uploads\/2014\/01\/Patricio-Gonzalez1.jpg\"><img data-recalc-dims=\"1\" loading=\"lazy\" decoding=\"async\" class=\" wp-image-41622  \" title=\"Patricio Gonz\u00e1lez Basualdo muri\u00f3 tras sufrir un accidente en moto.\" alt=\"Patricio Gonz\u00e1lez Basualdo muri\u00f3 tras sufrir un accidente en moto.\" src=\"https:\/\/i0.wp.com\/www.eltrabajo.cl\/portal\/wp-content\/uploads\/2014\/01\/Patricio-Gonzalez1.jpg?resize=190%2C188\" width=\"190\" height=\"188\" srcset=\"https:\/\/i0.wp.com\/eltrabajo.cl\/portal\/wp-content\/uploads\/2014\/01\/Patricio-Gonzalez1.jpg?w=529&amp;ssl=1 529w, https:\/\/i0.wp.com\/eltrabajo.cl\/portal\/wp-content\/uploads\/2014\/01\/Patricio-Gonzalez1.jpg?resize=152%2C150&amp;ssl=1 152w, https:\/\/i0.wp.com\/eltrabajo.cl\/portal\/wp-content\/uploads\/2014\/01\/Patricio-Gonzalez1.jpg?resize=300%2C295&amp;ssl=1 300w, https:\/\/i0.wp.com\/eltrabajo.cl\/portal\/wp-content\/uploads\/2014\/01\/Patricio-Gonzalez1.jpg?resize=150%2C147&amp;ssl=1 150w, https:\/\/i0.wp.com\/eltrabajo.cl\/portal\/wp-content\/uploads\/2014\/01\/Patricio-Gonzalez1.jpg?resize=400%2C393&amp;ssl=1 400w\" sizes=\"auto, (max-width: 190px) 100vw, 190px\" \/><\/a><figcaption id=\"caption-attachment-41622\" class=\"wp-caption-text\">Patricio Gonz\u00e1lez Basualdo muri\u00f3 tras sufrir un accidente en moto.<\/figcaption><\/figure>\n<p>Al t\u00e9rmino de la misa nuevamente rugieron los motores de cientos de motos y los miembros del Club Deportivo Alianza de Guzmanes se reunieron a un costado de la carroza y visiblemente emocionados se unieron en un c\u00edrculo tal como lo hac\u00edan cuando Patricio disputaba un encuentro deportivo y gritaron por los colores de su equipo.<\/p>\n<p>El tr\u00e1nsito en la plaza de Putaendo, por algunos momentos fue interrumpido por completo debido a la gran cantidad de motos y una interminable fila de veh\u00edculos que acompa\u00f1aron hasta su \u00faltima morada a Patricio Gonz\u00e1lez Basualdo, quien a muy temprana edad dej\u00f3 este mundo.<\/p>\n<p>Patricio Gallardo M.<\/p>\n","protected":false},"excerpt":{"rendered":"<p>PUTAENDO.- Una multitudinaria y emotiva despedida brind\u00f3 la comunidad y un importante grupo de motoqueros al joven Patricio Gonz\u00e1lez Basualdo, fallecido tr\u00e1gicamente en un accidente vehicular la ma\u00f1ana del viernes pasado en&#8230;<\/p>\n","protected":false},"author":482,"featured_media":41620,"comment_status":"open","ping_status":"closed","sticky":false,"template":"","format":"standard","meta":{"advanced_seo_description":"","jetpack_seo_html_title":"","jetpack_seo_noindex":false,"_jetpack_memberships_contains_paid_content":false,"footnotes":""},"categories":[15],"tags":[],"class_list":["post-41619","post","type-post","status-publish","format-standard","has-post-thumbnail","hentry","category-comunidad"],"jetpack_featured_media_url":"https:\/\/i0.wp.com\/eltrabajo.cl\/portal\/wp-content\/uploads\/2014\/01\/emotiva-despedida-2.jpg?fit=529%2C342&ssl=1","jetpack_sharing_enabled":true,"jetpack_likes_enabled":true,"jetpack-related-posts":[],"_links":{"self":[{"href":"https:\/\/eltrabajo.cl\/portal\/wp-json\/wp\/v2\/posts\/41619","targetHints":{"allow":["GET"]}}],"collection":[{"href":"https:\/\/eltrabajo.cl\/portal\/wp-json\/wp\/v2\/posts"}],"about":[{"href":"https:\/\/eltrabajo.cl\/portal\/wp-json\/wp\/v2\/types\/post"}],"author":[{"embeddable":true,"href":"https:\/\/eltrabajo.cl\/portal\/wp-json\/wp\/v2\/users\/482"}],"replies":[{"embeddable":true,"href":"https:\/\/eltrabajo.cl\/portal\/wp-json\/wp\/v2\/comments?post=41619"}],"version-history":[{"count":0,"href":"https:\/\/eltrabajo.cl\/portal\/wp-json\/wp\/v2\/posts\/41619\/revisions"}],"wp:featuredmedia":[{"embeddable":true,"href":"https:\/\/eltrabajo.cl\/portal\/wp-json\/wp\/v2\/media\/41620"}],"wp:attachment":[{"href":"https:\/\/eltrabajo.cl\/portal\/wp-json\/wp\/v2\/media?parent=41619"}],"wp:term":[{"taxonomy":"category","embeddable":true,"href":"https:\/\/eltrabajo.cl\/portal\/wp-json\/wp\/v2\/categories?post=41619"},{"taxonomy":"post_tag","embeddable":true,"href":"https:\/\/eltrabajo.cl\/portal\/wp-json\/wp\/v2\/tags?post=41619"}],"curies":[{"name":"wp","href":"https:\/\/api.w.org\/{rel}","templated":true}]}}