{"id":41626,"date":"2014-01-07T09:56:16","date_gmt":"2014-01-07T12:56:16","guid":{"rendered":"http:\/\/www.eltrabajo.cl\/portal\/?p=41626"},"modified":"2014-01-07T09:56:16","modified_gmt":"2014-01-07T12:56:16","slug":"reina-de-la-primavera-esperaba-tener-mas-protagonismo-en-su-reinado","status":"publish","type":"post","link":"https:\/\/eltrabajo.cl\/portal\/reina-de-la-primavera-esperaba-tener-mas-protagonismo-en-su-reinado\/","title":{"rendered":"Reina de la Primavera esperaba tener m\u00e1s protagonismo en su reinado"},"content":{"rendered":"<figure id=\"attachment_41627\" aria-describedby=\"caption-attachment-41627\" style=\"width: 529px\" class=\"wp-caption alignnone\"><a href=\"https:\/\/i0.wp.com\/www.eltrabajo.cl\/portal\/wp-content\/uploads\/2014\/01\/Reinas-primaveras-2013.jpg\"><img data-recalc-dims=\"1\" loading=\"lazy\" decoding=\"async\" class=\"size-full wp-image-41627\" title=\"LA CORONACI\u00d3N.- As\u00ed luc\u00eda Alexandra Puebla cuando fue elegida Reina de la Primavera en noviembre de 2012.\" alt=\"LA CORONACI\u00d3N.- As\u00ed luc\u00eda Alexandra Puebla cuando fue elegida Reina de la Primavera en noviembre de 2012.\" src=\"https:\/\/i0.wp.com\/www.eltrabajo.cl\/portal\/wp-content\/uploads\/2014\/01\/Reinas-primaveras-2013.jpg?resize=529%2C387\" width=\"529\" height=\"387\" srcset=\"https:\/\/i0.wp.com\/eltrabajo.cl\/portal\/wp-content\/uploads\/2014\/01\/Reinas-primaveras-2013.jpg?w=529&amp;ssl=1 529w, https:\/\/i0.wp.com\/eltrabajo.cl\/portal\/wp-content\/uploads\/2014\/01\/Reinas-primaveras-2013.jpg?resize=200%2C146&amp;ssl=1 200w, https:\/\/i0.wp.com\/eltrabajo.cl\/portal\/wp-content\/uploads\/2014\/01\/Reinas-primaveras-2013.jpg?resize=300%2C219&amp;ssl=1 300w, https:\/\/i0.wp.com\/eltrabajo.cl\/portal\/wp-content\/uploads\/2014\/01\/Reinas-primaveras-2013.jpg?resize=150%2C109&amp;ssl=1 150w, https:\/\/i0.wp.com\/eltrabajo.cl\/portal\/wp-content\/uploads\/2014\/01\/Reinas-primaveras-2013.jpg?resize=400%2C292&amp;ssl=1 400w\" sizes=\"auto, (max-width: 529px) 100vw, 529px\" \/><\/a><figcaption id=\"caption-attachment-41627\" class=\"wp-caption-text\">LA CORONACI\u00d3N.- As\u00ed luc\u00eda Alexandra Puebla cuando fue elegida Reina de la Primavera en noviembre de 2012.<\/figcaption><\/figure>\n<p>La Fiesta de La Chaya 2014 y tambi\u00e9n la coronaci\u00f3n de nuestra pr\u00f3xima Reina de la Primavera, se realizar\u00e1 este mes de enero en San Felipe, raz\u00f3n por la cual y, ante lo que ella llama una clara \u2018falta de respeto a su persona y a la junta vecinal que representa\u2019, la actual Reina de la Primavera 2012, Alexandra Puebla Casanova, sali\u00f3 al paso de los anuncios para expresar su inconformidad con el roll que ella no pudo desarrollar como Reina durante el m\u00e1s de un a\u00f1o de ostentar tal t\u00edtulo popular.<\/p>\n<figure id=\"attachment_41628\" aria-describedby=\"caption-attachment-41628\" style=\"width: 317px\" class=\"wp-caption alignright\"><a href=\"https:\/\/i0.wp.com\/www.eltrabajo.cl\/portal\/wp-content\/uploads\/2014\/01\/Alexandra1.jpg\"><img data-recalc-dims=\"1\" loading=\"lazy\" decoding=\"async\" class=\" wp-image-41628 \" title=\"Actual Reina de la Primavera 2012, Alexandra Puebla Casanova.\" alt=\"Actual Reina de la Primavera 2012, Alexandra Puebla Casanova.\" src=\"https:\/\/i0.wp.com\/www.eltrabajo.cl\/portal\/wp-content\/uploads\/2014\/01\/Alexandra1.jpg?resize=317%2C297\" width=\"317\" height=\"297\" srcset=\"https:\/\/i0.wp.com\/eltrabajo.cl\/portal\/wp-content\/uploads\/2014\/01\/Alexandra1.jpg?w=529&amp;ssl=1 529w, https:\/\/i0.wp.com\/eltrabajo.cl\/portal\/wp-content\/uploads\/2014\/01\/Alexandra1.jpg?resize=160%2C150&amp;ssl=1 160w, https:\/\/i0.wp.com\/eltrabajo.cl\/portal\/wp-content\/uploads\/2014\/01\/Alexandra1.jpg?resize=300%2C280&amp;ssl=1 300w, https:\/\/i0.wp.com\/eltrabajo.cl\/portal\/wp-content\/uploads\/2014\/01\/Alexandra1.jpg?resize=150%2C140&amp;ssl=1 150w, https:\/\/i0.wp.com\/eltrabajo.cl\/portal\/wp-content\/uploads\/2014\/01\/Alexandra1.jpg?resize=400%2C374&amp;ssl=1 400w\" sizes=\"auto, (max-width: 317px) 100vw, 317px\" \/><\/a><figcaption id=\"caption-attachment-41628\" class=\"wp-caption-text\">Actual Reina de la Primavera 2012, Alexandra Puebla Casanova.<\/figcaption><\/figure>\n<p>&nbsp;<\/p>\n<p><strong>A SOLAS\u00a0CON LA REINA<\/strong><\/p>\n<p>Diario El Trabajo habl\u00f3 con la joven sanfelipe\u00f1a para conocer en exclusiva las razones de su malestar.<\/p>\n<p><strong>&#8211; \u00bfC\u00f3mo van las cosas con estas Fiestas de la Primavera?<\/strong><\/p>\n<p>&#8211; \u00abLa entrega de mi corona debi\u00f3 ser en noviembre del a\u00f1o pasado, pero no se realiz\u00f3 por el paro de los municipales, ahora me piden que entregue el s\u00e1bado 11 mi corona, no me han avisado en qu\u00e9 lugar ni a la hora en que supuestamente deber\u00e9 entregarla\u00bb.<\/p>\n<p><strong>&#8211; \u00bfLe gust\u00f3 la experiencia como Reina?<\/strong><\/p>\n<p>&#8211; \u00abHa sido una desilusi\u00f3n al 100% el haber salido como Reina de la Primavera, no he tenido ninguna participaci\u00f3n ciudadana, la \u00fanica vez que del municipio me llamaron, fue para la inauguraci\u00f3n del Festival Palmenia Pizarro y me llamaron dos horas antes, por lo que no me dieron tiempo de reaccionar ni alistarme, yo creo que esto ha sido una falta de respeto hacia mi persona\u00bb.<\/p>\n<p><strong>&#8211; \u00bfParticip\u00f3 en alguna actividad oficial durante su reinado?<\/strong><\/p>\n<p>&#8211; \u00abCon la chica que estuvo antes de Reina, pas\u00f3 lo mismo, el a\u00f1o pasado me llamaron a una conferencia de prensa y a m\u00ed no se me hizo ninguna pregunta, estuve que estar al lado del alcalde como \u2018papel\u00f3grafa\u2019, no tuve ninguna participaci\u00f3n\u00bb.<\/p>\n<p><strong>&#8211; \u00bfPor qu\u00e9 reclama y por qu\u00e9 hasta hora?<\/strong><\/p>\n<p>&#8211; \u00abMi reclamo es porque considero una falta de respeto tambi\u00e9n para la Junta de Vecinos de la poblaci\u00f3n Luis Guajardo Guerrero, los vecinos se esmeraron demasiado para promocionar y coordinar la actividad de la Fiesta de la Primavera, preparando disfraces, arreglar la carroza y mucho trabajo, yo en Santiago y en medios de comunicaci\u00f3n buscando los puntos para ganar, cre\u00ed que las cosas mejorar\u00edan, pero todo fue silencio absoluto\u00bb.<\/p>\n<p><strong>&#8211; \u00bfQu\u00e9 esperaba hacer usted como Reina?<\/strong><\/p>\n<p>&#8211; \u00abYo lo que esperaba como Reina, es que fuera invitada por lo menos al festival m\u00e1s importante de la ciudad como es el Palmenia Pizarro, al menos de Jurado en alguno de los eventos. Cuando fui coronada Reina, me pidieron en las emisoras que motivara a las j\u00f3venes a participar, pero con la experiencia que he vivido, es dif\u00edcil que las chicas se motiven\u00bb.<\/p>\n<p>&nbsp;<\/p>\n<p><strong>\u00abSEGUIREMOS\u00a0MEJORANDO\u00bb<\/strong><\/p>\n<p>Diario El Trabajo habl\u00f3 con Alicia Nicloux Montoya, Asistente Social del Departamento de Organizaciones Comunitarias del municipio, quien coment\u00f3 que si bien es cierto que se espera que el rol de una Reina de la Primavera comprometa su presencia en actos p\u00fablicos del alcalde, a\u00fan se est\u00e1 trabajando en definir con claridad el alcance de estas participaciones.<\/p>\n<p>\u00abHay que tomar en cuenta que este es el primer a\u00f1o de gobierno de Don Patricio Freire y tambi\u00e9n que la figura de la Reina de la Primavera es algo relativamente nuevo, pues no se ha establecido claramente lo que ella debe hacer, es muy probable que durante 2014 a la pr\u00f3xima Reina se le proyecte de manera m\u00e1s cercana a las comunas y superemos cualquier detalle en los que se pudo haber fallado en 2013, estoy segura que como equipo podremos seguir mejorando este proyecto comunal\u00bb, detall\u00f3 Nicloux a Diario El Trabajo.<\/p>\n<p>La funcionaria inform\u00f3 a nuestro medio que ya son ocho las juntas vecinales anotadas para participar en el desfile de la Fiesta de la Primavera, de las cuales ya hay dos carrozas confirmadas para desfilar. La fecha y hora de esta actividad est\u00e1 por ser confirmada.<\/p>\n<p>Roberto Gonz\u00e1lez Short<\/p>\n<p>rgonzalez@eltrabajo.cl<\/p>\n<p>&nbsp;<\/p>\n","protected":false},"excerpt":{"rendered":"<p>La Fiesta de La Chaya 2014 y tambi\u00e9n la coronaci\u00f3n de nuestra pr\u00f3xima Reina de la Primavera, se realizar\u00e1 este mes de enero en San Felipe, raz\u00f3n por la cual y, ante&#8230;<\/p>\n","protected":false},"author":482,"featured_media":41627,"comment_status":"open","ping_status":"closed","sticky":false,"template":"","format":"standard","meta":{"advanced_seo_description":"","jetpack_seo_html_title":"","jetpack_seo_noindex":false,"_jetpack_memberships_contains_paid_content":false,"footnotes":""},"categories":[15],"tags":[],"class_list":["post-41626","post","type-post","status-publish","format-standard","has-post-thumbnail","hentry","category-comunidad"],"jetpack_featured_media_url":"https:\/\/i0.wp.com\/eltrabajo.cl\/portal\/wp-content\/uploads\/2014\/01\/Reinas-primaveras-2013.jpg?fit=529%2C387&ssl=1","jetpack_sharing_enabled":true,"jetpack_likes_enabled":true,"jetpack-related-posts":[],"_links":{"self":[{"href":"https:\/\/eltrabajo.cl\/portal\/wp-json\/wp\/v2\/posts\/41626","targetHints":{"allow":["GET"]}}],"collection":[{"href":"https:\/\/eltrabajo.cl\/portal\/wp-json\/wp\/v2\/posts"}],"about":[{"href":"https:\/\/eltrabajo.cl\/portal\/wp-json\/wp\/v2\/types\/post"}],"author":[{"embeddable":true,"href":"https:\/\/eltrabajo.cl\/portal\/wp-json\/wp\/v2\/users\/482"}],"replies":[{"embeddable":true,"href":"https:\/\/eltrabajo.cl\/portal\/wp-json\/wp\/v2\/comments?post=41626"}],"version-history":[{"count":0,"href":"https:\/\/eltrabajo.cl\/portal\/wp-json\/wp\/v2\/posts\/41626\/revisions"}],"wp:featuredmedia":[{"embeddable":true,"href":"https:\/\/eltrabajo.cl\/portal\/wp-json\/wp\/v2\/media\/41627"}],"wp:attachment":[{"href":"https:\/\/eltrabajo.cl\/portal\/wp-json\/wp\/v2\/media?parent=41626"}],"wp:term":[{"taxonomy":"category","embeddable":true,"href":"https:\/\/eltrabajo.cl\/portal\/wp-json\/wp\/v2\/categories?post=41626"},{"taxonomy":"post_tag","embeddable":true,"href":"https:\/\/eltrabajo.cl\/portal\/wp-json\/wp\/v2\/tags?post=41626"}],"curies":[{"name":"wp","href":"https:\/\/api.w.org\/{rel}","templated":true}]}}