{"id":41631,"date":"2014-01-07T09:57:23","date_gmt":"2014-01-07T12:57:23","guid":{"rendered":"http:\/\/www.eltrabajo.cl\/portal\/?p=41631"},"modified":"2014-01-07T09:57:23","modified_gmt":"2014-01-07T12:57:23","slug":"con-luis-dimas-y-hermanos-zabaleta-hoy-parte-la-chaya-en-san-felipe","status":"publish","type":"post","link":"https:\/\/eltrabajo.cl\/portal\/con-luis-dimas-y-hermanos-zabaleta-hoy-parte-la-chaya-en-san-felipe\/","title":{"rendered":"Con Luis Dimas y Hermanos Zabaleta hoy parte la Chaya en San Felipe"},"content":{"rendered":"<figure id=\"attachment_41632\" aria-describedby=\"caption-attachment-41632\" style=\"width: 317px\" class=\"wp-caption alignleft\"><a href=\"https:\/\/i0.wp.com\/www.eltrabajo.cl\/portal\/wp-content\/uploads\/2014\/01\/Luis-Dimas.jpg\"><img data-recalc-dims=\"1\" loading=\"lazy\" decoding=\"async\" class=\" wp-image-41632 \" title=\"La presentaci\u00f3n de Luis Dimas, el rey del twist, ser\u00e1 uno de los platos fuertes de la primera noche del Carnaval de la Chaya en San Felipe, que parte hoy martes.\" alt=\"La presentaci\u00f3n de Luis Dimas, el rey del twist, ser\u00e1 uno de los platos fuertes de la primera noche del Carnaval de la Chaya en San Felipe, que parte hoy martes.\" src=\"https:\/\/i0.wp.com\/www.eltrabajo.cl\/portal\/wp-content\/uploads\/2014\/01\/Luis-Dimas.jpg?resize=317%2C238\" width=\"317\" height=\"238\" srcset=\"https:\/\/i0.wp.com\/eltrabajo.cl\/portal\/wp-content\/uploads\/2014\/01\/Luis-Dimas.jpg?w=529&amp;ssl=1 529w, https:\/\/i0.wp.com\/eltrabajo.cl\/portal\/wp-content\/uploads\/2014\/01\/Luis-Dimas.jpg?resize=200%2C150&amp;ssl=1 200w, https:\/\/i0.wp.com\/eltrabajo.cl\/portal\/wp-content\/uploads\/2014\/01\/Luis-Dimas.jpg?resize=300%2C225&amp;ssl=1 300w, https:\/\/i0.wp.com\/eltrabajo.cl\/portal\/wp-content\/uploads\/2014\/01\/Luis-Dimas.jpg?resize=150%2C112&amp;ssl=1 150w, https:\/\/i0.wp.com\/eltrabajo.cl\/portal\/wp-content\/uploads\/2014\/01\/Luis-Dimas.jpg?resize=400%2C300&amp;ssl=1 400w\" sizes=\"auto, (max-width: 317px) 100vw, 317px\" \/><\/a><figcaption id=\"caption-attachment-41632\" class=\"wp-caption-text\">La presentaci\u00f3n de Luis Dimas, el rey del twist, ser\u00e1 uno de los platos fuertes de la primera noche del Carnaval de la Chaya en San Felipe, que parte hoy martes.<\/figcaption><\/figure>\n<p>Con la presentaci\u00f3n de Luis Dimas, el rey del twist, y los Hermanos Zabaleta, esta noche parte oficialmente el Carnaval de la Chaya en San Felipe, evento que se prolongar\u00e1 hasta el pr\u00f3ximo s\u00e1bado 11 de enero.<\/p>\n<p>La actividad, que considera la ubicaci\u00f3n de stands de venta de alimentos, chaya y otras novedades, tiene su fuerte en la realizaci\u00f3n de actividades art\u00edsticas, donde se ha complementado la presencia de artistas nacionales, con otros de car\u00e1cter local.<\/p>\n<p>Es as\u00ed que todos los d\u00edas comenzando el show se presentar\u00e1n distintos grupos locales, adem\u00e1s de conjuntos de danza que funcionan todo el a\u00f1o al alero de la oficina de Cultura del municipio, para luego dar paso a la actuaci\u00f3n de artistas nacionales. En el caso de hoy martes se presentar\u00e1n Luis Dimas y los Hermanos Zabaleta, en un d\u00eda dedicado a la Nueva Ola.<\/p>\n<p>El mi\u00e9rcoles 8 de enero, en tanto se presentar\u00e1n nuevamente las bandas locales, grupos de danza, adem\u00e1s de Cosecha Nacional y el cierre de la noche estar\u00e1 a cargo del grupo Sol y Lluvia.<\/p>\n<p>El jueves 9 de enero, nuevamente subir\u00e1n al escenario los grupos locales, y los talleres de danza municipal a los que se suman en el show central el doble de Juan Gabriel, Lucero Fern\u00e1ndez y cierra la jornada Alex\u00edtico y La Noche.<\/p>\n<p>El viernes 10 junto con los grupos locales y los talleres de danza se presentar\u00e1 el tributo a Los Fabulosos Cadillac, y cierra el show Los Difuntos Correa.<\/p>\n<p>Y el s\u00e1bado 11 de enero la programaci\u00f3n est\u00e1 pensada en la familia, por lo que el departamento de Cultura ha preparado la presentaci\u00f3n del grupo Kumbay que hace percusi\u00f3n con elementos reciclables, y adem\u00e1s habr\u00e1 zumba, juegos inflables, a lo que se suma el paso de carros aleg\u00f3ricos de la Fiesta de la Primavera por el centro de la comuna, donde se premiar\u00e1 el mejor carro y a la reina 2014.<\/p>\n<p>Durante la realizaci\u00f3n de la Fiesta de la Chaya funcionar\u00e1n stands de bebidas, empanadas, pizzas, en lo que se ha llamado el patio de comida, a lo que se suman los artesanos de San Felipe y estar\u00e1 prohibida la venta de espuma en spray este a\u00f1o, por lo que de encontrar este producto a la venta, ser\u00e1 decomisado.<\/p>\n<p>Asimismo, el \u00e1rea de Cultura que dirige Ricardo Ruiz Herrera, ha realizado las coordinaciones con Carabineros para garantizar la seguridad de las personas que asistan a esta actividad, donde se ha autorizado la venta de cerveza, descart\u00e1ndose que ese hecho pueda ser motivo de alguna dificultad.<\/p>\n<p>&nbsp;<\/p>\n","protected":false},"excerpt":{"rendered":"<p>Con la presentaci\u00f3n de Luis Dimas, el rey del twist, y los Hermanos Zabaleta, esta noche parte oficialmente el Carnaval de la Chaya en San Felipe, evento que se prolongar\u00e1 hasta el&#8230;<\/p>\n","protected":false},"author":482,"featured_media":41632,"comment_status":"open","ping_status":"closed","sticky":false,"template":"","format":"standard","meta":{"advanced_seo_description":"","jetpack_seo_html_title":"","jetpack_seo_noindex":false,"_jetpack_memberships_contains_paid_content":false,"footnotes":""},"categories":[1],"tags":[],"class_list":["post-41631","post","type-post","status-publish","format-standard","has-post-thumbnail","hentry","category-cronica"],"jetpack_featured_media_url":"https:\/\/i0.wp.com\/eltrabajo.cl\/portal\/wp-content\/uploads\/2014\/01\/Luis-Dimas.jpg?fit=529%2C397&ssl=1","jetpack_sharing_enabled":true,"jetpack_likes_enabled":true,"jetpack-related-posts":[],"_links":{"self":[{"href":"https:\/\/eltrabajo.cl\/portal\/wp-json\/wp\/v2\/posts\/41631","targetHints":{"allow":["GET"]}}],"collection":[{"href":"https:\/\/eltrabajo.cl\/portal\/wp-json\/wp\/v2\/posts"}],"about":[{"href":"https:\/\/eltrabajo.cl\/portal\/wp-json\/wp\/v2\/types\/post"}],"author":[{"embeddable":true,"href":"https:\/\/eltrabajo.cl\/portal\/wp-json\/wp\/v2\/users\/482"}],"replies":[{"embeddable":true,"href":"https:\/\/eltrabajo.cl\/portal\/wp-json\/wp\/v2\/comments?post=41631"}],"version-history":[{"count":0,"href":"https:\/\/eltrabajo.cl\/portal\/wp-json\/wp\/v2\/posts\/41631\/revisions"}],"wp:featuredmedia":[{"embeddable":true,"href":"https:\/\/eltrabajo.cl\/portal\/wp-json\/wp\/v2\/media\/41632"}],"wp:attachment":[{"href":"https:\/\/eltrabajo.cl\/portal\/wp-json\/wp\/v2\/media?parent=41631"}],"wp:term":[{"taxonomy":"category","embeddable":true,"href":"https:\/\/eltrabajo.cl\/portal\/wp-json\/wp\/v2\/categories?post=41631"},{"taxonomy":"post_tag","embeddable":true,"href":"https:\/\/eltrabajo.cl\/portal\/wp-json\/wp\/v2\/tags?post=41631"}],"curies":[{"name":"wp","href":"https:\/\/api.w.org\/{rel}","templated":true}]}}