{"id":41640,"date":"2014-01-08T09:35:52","date_gmt":"2014-01-08T12:35:52","guid":{"rendered":"http:\/\/www.eltrabajo.cl\/portal\/?p=41640"},"modified":"2014-01-08T09:35:52","modified_gmt":"2014-01-08T12:35:52","slug":"con-seis-centros-deportivos-recreativos-se-realizara-verano-entretenido","status":"publish","type":"post","link":"https:\/\/eltrabajo.cl\/portal\/con-seis-centros-deportivos-recreativos-se-realizara-verano-entretenido\/","title":{"rendered":"Con seis centros deportivos-recreativos se realizar\u00e1 \u2018Verano Entretenido\u2019"},"content":{"rendered":"<figure id=\"attachment_41641\" aria-describedby=\"caption-attachment-41641\" style=\"width: 529px\" class=\"wp-caption alignnone\"><a href=\"https:\/\/i0.wp.com\/www.eltrabajo.cl\/portal\/wp-content\/uploads\/2014\/01\/Centro-Recreativo-Club-de-Tenis.jpg\"><img data-recalc-dims=\"1\" loading=\"lazy\" decoding=\"async\" class=\"size-full wp-image-41641\" title=\"El Club de Tenis Valle del Aconcagua, es otro de los centros recreativos-deportivos que considera el municipio en el marco de su programa \u2018Verano Entretenido\u2019.\" alt=\"El Club de Tenis Valle del Aconcagua, es otro de los centros recreativos-deportivos que considera el municipio en el marco de su programa \u2018Verano Entretenido\u2019.\" src=\"https:\/\/i0.wp.com\/www.eltrabajo.cl\/portal\/wp-content\/uploads\/2014\/01\/Centro-Recreativo-Club-de-Tenis.jpg?resize=529%2C321\" width=\"529\" height=\"321\" srcset=\"https:\/\/i0.wp.com\/eltrabajo.cl\/portal\/wp-content\/uploads\/2014\/01\/Centro-Recreativo-Club-de-Tenis.jpg?w=529&amp;ssl=1 529w, https:\/\/i0.wp.com\/eltrabajo.cl\/portal\/wp-content\/uploads\/2014\/01\/Centro-Recreativo-Club-de-Tenis.jpg?resize=200%2C121&amp;ssl=1 200w, https:\/\/i0.wp.com\/eltrabajo.cl\/portal\/wp-content\/uploads\/2014\/01\/Centro-Recreativo-Club-de-Tenis.jpg?resize=300%2C182&amp;ssl=1 300w, https:\/\/i0.wp.com\/eltrabajo.cl\/portal\/wp-content\/uploads\/2014\/01\/Centro-Recreativo-Club-de-Tenis.jpg?resize=150%2C91&amp;ssl=1 150w, https:\/\/i0.wp.com\/eltrabajo.cl\/portal\/wp-content\/uploads\/2014\/01\/Centro-Recreativo-Club-de-Tenis.jpg?resize=400%2C242&amp;ssl=1 400w\" sizes=\"auto, (max-width: 529px) 100vw, 529px\" \/><\/a><figcaption id=\"caption-attachment-41641\" class=\"wp-caption-text\">El Club de Tenis Valle del Aconcagua, es otro de los centros recreativos-deportivos que considera el municipio en el marco de su programa \u2018Verano Entretenido\u2019.<\/figcaption><\/figure>\n<p>Ampliando la cobertura a la zona rural de la comuna, la Municipalidad de San Felipe desarrollar\u00e1 el programa \u2018Verano Entretenido\u2019, el que contempla el funcionamiento a contar de ayer lunes, de seis centros deportivos-recreativos para que los ni\u00f1os y ni\u00f1as puedan disfrutar haciendo actividad f\u00edsica, de manera l\u00fadica, en sus vacaciones.<\/p>\n<p>La informaci\u00f3n la entreg\u00f3 el encargado de Deportes de la Municipalidad, Danilo Pe\u00f1a, quien se\u00f1al\u00f3 que a contar de este lunes 6 de enero partieron las actividades enmarcadas en este Verano 2014, donde se espera que muchos ni\u00f1os, ni\u00f1as y adolescentes puedan participar de manera activa.<\/p>\n<p>El centro principal de car\u00e1cter recreativo-deportivo, corresponde al Estadio Fiscal, donde se realizar\u00e1n actividades desde las 09.00 y hasta las 13.00 horas, con la pr\u00e1ctica de las disciplinas de v\u00f3leibol, f\u00fatbol y un polideportivo que se realiza en el gimnasio de ese recinto.<\/p>\n<p>\u201cUna vez que las piscinas est\u00e9n en funcionamiento, estos ni\u00f1os pasan en su \u00faltima hora, de 12.00 a 13.00 horas, a una de las piletas\u201d, especific\u00f3 Danilo Pe\u00f1a.<\/p>\n<p>A\u00f1adi\u00f3 que el Alcalde Patricio Freire, instruy\u00f3 a Deportes la necesidad de ampliar la cobertura de atenci\u00f3n, incorporando la zona rural en las actividades deportivas y recreativas de verano.<\/p>\n<p>\u201cAs\u00ed por ejemplo, partimos este lunes con v\u00f3leibol en la localidad de Bucalemu, que tambi\u00e9n tendr\u00e1 actividades los mi\u00e9rcoles; la Escuela Juan G\u00f3mez Millas de Los Villares tendr\u00e1 actividades los martes y jueves; mientras que en la cancha de La Troya habr\u00e1 f\u00fatbol desde las 18.00 hasta las 20.00 horas; as\u00ed como en la cancha de Curim\u00f3n, los martes y viernes\u201d, especific\u00f3 el encargado del \u00e1rea de Deportes de la municipalidad.<\/p>\n<p>El sexto centro que operar\u00e1 este verano, corresponde al Club de Tenis, donde continuar\u00e1n las clases del proyecto financiado por el Gobierno Regional, los d\u00edas martes, mi\u00e9rcoles y jueves, agreg\u00e1ndose ahora dos d\u00edas de ajedrez para complementar la actividad de los ni\u00f1os y ni\u00f1as.<\/p>\n<p>\u201cAs\u00ed que est\u00e1n todos cordialmente invitados a participar de las actividades que nosotros hemos programado y tal como dije, una vez que tengamos la primera pileta en funcionamiento, los ni\u00f1os tendr\u00e1n la oportunidad de iniciar una parte recreativa de este grupo, inici\u00e1ndose adem\u00e1s las clases de nataci\u00f3n desde las 09.30 y hasta las 12.30 horas\u201d, se\u00f1al\u00f3 Danilo Pe\u00f1a.<\/p>\n<p>La idea es que los ni\u00f1os interesados en participar se acerquen a los centros recreativos antes mencionados, donde no pagan, por lo que el \u00fanico requisito es tener las ganas de pasarlo bien.<\/p>\n<p>Cada centro es dirigido por profesores de educaci\u00f3n f\u00edsica contratados por el municipio, incorpor\u00e1ndose en las escuelas rurales sus propios docentes, que son los que conocen a los ni\u00f1os y la realidad de la localidad, lo que seguramente ser\u00e1 m\u00e1s motivador para los peque\u00f1os que van a asistir.<\/p>\n<p>&nbsp;<\/p>\n","protected":false},"excerpt":{"rendered":"<p>Ampliando la cobertura a la zona rural de la comuna, la Municipalidad de San Felipe desarrollar\u00e1 el programa \u2018Verano Entretenido\u2019, el que contempla el funcionamiento a contar de ayer lunes, de seis&#8230;<\/p>\n","protected":false},"author":482,"featured_media":41641,"comment_status":"open","ping_status":"closed","sticky":false,"template":"","format":"standard","meta":{"advanced_seo_description":"","jetpack_seo_html_title":"","jetpack_seo_noindex":false,"_jetpack_memberships_contains_paid_content":false,"footnotes":""},"categories":[1],"tags":[],"class_list":["post-41640","post","type-post","status-publish","format-standard","has-post-thumbnail","hentry","category-cronica"],"jetpack_featured_media_url":"https:\/\/i0.wp.com\/eltrabajo.cl\/portal\/wp-content\/uploads\/2014\/01\/Centro-Recreativo-Club-de-Tenis.jpg?fit=529%2C321&ssl=1","jetpack_sharing_enabled":true,"jetpack_likes_enabled":true,"jetpack-related-posts":[],"_links":{"self":[{"href":"https:\/\/eltrabajo.cl\/portal\/wp-json\/wp\/v2\/posts\/41640","targetHints":{"allow":["GET"]}}],"collection":[{"href":"https:\/\/eltrabajo.cl\/portal\/wp-json\/wp\/v2\/posts"}],"about":[{"href":"https:\/\/eltrabajo.cl\/portal\/wp-json\/wp\/v2\/types\/post"}],"author":[{"embeddable":true,"href":"https:\/\/eltrabajo.cl\/portal\/wp-json\/wp\/v2\/users\/482"}],"replies":[{"embeddable":true,"href":"https:\/\/eltrabajo.cl\/portal\/wp-json\/wp\/v2\/comments?post=41640"}],"version-history":[{"count":0,"href":"https:\/\/eltrabajo.cl\/portal\/wp-json\/wp\/v2\/posts\/41640\/revisions"}],"wp:featuredmedia":[{"embeddable":true,"href":"https:\/\/eltrabajo.cl\/portal\/wp-json\/wp\/v2\/media\/41641"}],"wp:attachment":[{"href":"https:\/\/eltrabajo.cl\/portal\/wp-json\/wp\/v2\/media?parent=41640"}],"wp:term":[{"taxonomy":"category","embeddable":true,"href":"https:\/\/eltrabajo.cl\/portal\/wp-json\/wp\/v2\/categories?post=41640"},{"taxonomy":"post_tag","embeddable":true,"href":"https:\/\/eltrabajo.cl\/portal\/wp-json\/wp\/v2\/tags?post=41640"}],"curies":[{"name":"wp","href":"https:\/\/api.w.org\/{rel}","templated":true}]}}