{"id":41643,"date":"2014-01-08T09:47:30","date_gmt":"2014-01-08T12:47:30","guid":{"rendered":"http:\/\/www.eltrabajo.cl\/portal\/?p=41643"},"modified":"2014-01-08T09:47:30","modified_gmt":"2014-01-08T12:47:30","slug":"dieciocho-pequenos-egresaron-de-duendecitos-y-la-higuera-saltarina","status":"publish","type":"post","link":"https:\/\/eltrabajo.cl\/portal\/dieciocho-pequenos-egresaron-de-duendecitos-y-la-higuera-saltarina\/","title":{"rendered":"Dieciocho peque\u00f1os egresaron de Duendecitos y La Higuera Saltarina"},"content":{"rendered":"<figure id=\"attachment_41644\" aria-describedby=\"caption-attachment-41644\" style=\"width: 528px\" class=\"wp-caption alignnone\"><a href=\"https:\/\/i0.wp.com\/www.eltrabajo.cl\/portal\/wp-content\/uploads\/2014\/01\/Duendecitos2.jpg\"><img data-recalc-dims=\"1\" loading=\"lazy\" decoding=\"async\" class=\"size-full wp-image-41644\" title=\"EN ESPERA.- Los dem\u00e1s peque\u00f1itos que no egresaron, esperaron alegremente para aplaudir a sus amiguitos que se marchan, no hubo l\u00e1grimas sino m\u00e1s bien muchas risas.\" alt=\"EN ESPERA.- Los dem\u00e1s peque\u00f1itos que no egresaron, esperaron alegremente para aplaudir a sus amiguitos que se marchan, no hubo l\u00e1grimas sino m\u00e1s bien muchas risas.\" src=\"https:\/\/i0.wp.com\/www.eltrabajo.cl\/portal\/wp-content\/uploads\/2014\/01\/Duendecitos2.jpg?resize=528%2C361\" width=\"528\" height=\"361\" srcset=\"https:\/\/i0.wp.com\/eltrabajo.cl\/portal\/wp-content\/uploads\/2014\/01\/Duendecitos2.jpg?w=528&amp;ssl=1 528w, https:\/\/i0.wp.com\/eltrabajo.cl\/portal\/wp-content\/uploads\/2014\/01\/Duendecitos2.jpg?resize=200%2C136&amp;ssl=1 200w, https:\/\/i0.wp.com\/eltrabajo.cl\/portal\/wp-content\/uploads\/2014\/01\/Duendecitos2.jpg?resize=300%2C205&amp;ssl=1 300w, https:\/\/i0.wp.com\/eltrabajo.cl\/portal\/wp-content\/uploads\/2014\/01\/Duendecitos2.jpg?resize=150%2C102&amp;ssl=1 150w, https:\/\/i0.wp.com\/eltrabajo.cl\/portal\/wp-content\/uploads\/2014\/01\/Duendecitos2.jpg?resize=400%2C273&amp;ssl=1 400w\" sizes=\"auto, (max-width: 528px) 100vw, 528px\" \/><\/a><figcaption id=\"caption-attachment-41644\" class=\"wp-caption-text\">EN ESPERA.- Los dem\u00e1s peque\u00f1itos que no egresaron, esperaron alegremente para aplaudir a sus amiguitos que se marchan, no hubo l\u00e1grimas sino m\u00e1s bien muchas risas.<\/figcaption><\/figure>\n<p>Al menos 18 peque\u00f1itos de Jardines Integra abandonaron ilusionados por crecer, las aulas en donde aprendieron los primeros secretos de la vida. Se trata de seis alegres peque\u00f1ines del Jard\u00edn Infantil La Higuera Saltarina, de la poblaci\u00f3n La Higuera, y doce del Jard\u00edn Duendecitos, de Nueva Algarrobal.<\/p>\n<figure id=\"attachment_41646\" aria-describedby=\"caption-attachment-41646\" style=\"width: 423px\" class=\"wp-caption alignright\"><a href=\"https:\/\/i0.wp.com\/www.eltrabajo.cl\/portal\/wp-content\/uploads\/2014\/01\/Apoderados2.jpg\"><img data-recalc-dims=\"1\" loading=\"lazy\" decoding=\"async\" class=\"wp-image-41646 \" title=\"COMO NI\u00d1OS.- Los apoderados estaban como locos tomando fotos y haciendo videos a sus peque\u00f1os, pues nunca m\u00e1s volver\u00e1n a vivir este momento.\" alt=\"COMO NI\u00d1OS.- Los apoderados estaban como locos tomando fotos y haciendo videos a sus peque\u00f1os, pues nunca m\u00e1s volver\u00e1n a vivir este momento.\" src=\"https:\/\/i0.wp.com\/www.eltrabajo.cl\/portal\/wp-content\/uploads\/2014\/01\/Apoderados2.jpg?resize=423%2C263\" width=\"423\" height=\"263\" srcset=\"https:\/\/i0.wp.com\/eltrabajo.cl\/portal\/wp-content\/uploads\/2014\/01\/Apoderados2.jpg?w=529&amp;ssl=1 529w, https:\/\/i0.wp.com\/eltrabajo.cl\/portal\/wp-content\/uploads\/2014\/01\/Apoderados2.jpg?resize=200%2C124&amp;ssl=1 200w, https:\/\/i0.wp.com\/eltrabajo.cl\/portal\/wp-content\/uploads\/2014\/01\/Apoderados2.jpg?resize=300%2C186&amp;ssl=1 300w, https:\/\/i0.wp.com\/eltrabajo.cl\/portal\/wp-content\/uploads\/2014\/01\/Apoderados2.jpg?resize=150%2C93&amp;ssl=1 150w, https:\/\/i0.wp.com\/eltrabajo.cl\/portal\/wp-content\/uploads\/2014\/01\/Apoderados2.jpg?resize=400%2C248&amp;ssl=1 400w\" sizes=\"auto, (max-width: 423px) 100vw, 423px\" \/><\/a><figcaption id=\"caption-attachment-41646\" class=\"wp-caption-text\">COMO NI\u00d1OS.- Los apoderados estaban como locos tomando fotos y haciendo videos a sus peque\u00f1os, pues nunca m\u00e1s volver\u00e1n a vivir este momento.<\/figcaption><\/figure>\n<figure id=\"attachment_41645\" aria-describedby=\"caption-attachment-41645\" style=\"width: 423px\" class=\"wp-caption alignnone\"><a href=\"https:\/\/i0.wp.com\/www.eltrabajo.cl\/portal\/wp-content\/uploads\/2014\/01\/Duendecitos1.jpg\"><img data-recalc-dims=\"1\" loading=\"lazy\" decoding=\"async\" class=\"wp-image-41645 \" title=\"SE VAN LOS REGALONES.- Ellos son parte de la matr\u00edcula egresada en Duendecitos, a partir de este a\u00f1o se incorporar\u00e1n a Prekinder, aprender\u00e1n de todo y conquistar\u00e1n sus propios sue\u00f1os.\" alt=\"SE VAN LOS REGALONES.- Ellos son parte de la matr\u00edcula egresada en Duendecitos, a partir de este a\u00f1o se incorporar\u00e1n a Prekinder, aprender\u00e1n de todo y conquistar\u00e1n sus propios sue\u00f1os.\" src=\"https:\/\/i0.wp.com\/www.eltrabajo.cl\/portal\/wp-content\/uploads\/2014\/01\/Duendecitos1.jpg?resize=423%2C342\" width=\"423\" height=\"342\" srcset=\"https:\/\/i0.wp.com\/eltrabajo.cl\/portal\/wp-content\/uploads\/2014\/01\/Duendecitos1.jpg?w=529&amp;ssl=1 529w, https:\/\/i0.wp.com\/eltrabajo.cl\/portal\/wp-content\/uploads\/2014\/01\/Duendecitos1.jpg?resize=185%2C150&amp;ssl=1 185w, https:\/\/i0.wp.com\/eltrabajo.cl\/portal\/wp-content\/uploads\/2014\/01\/Duendecitos1.jpg?resize=300%2C242&amp;ssl=1 300w, https:\/\/i0.wp.com\/eltrabajo.cl\/portal\/wp-content\/uploads\/2014\/01\/Duendecitos1.jpg?resize=150%2C121&amp;ssl=1 150w, https:\/\/i0.wp.com\/eltrabajo.cl\/portal\/wp-content\/uploads\/2014\/01\/Duendecitos1.jpg?resize=400%2C323&amp;ssl=1 400w\" sizes=\"auto, (max-width: 423px) 100vw, 423px\" \/><\/a><figcaption id=\"caption-attachment-41645\" class=\"wp-caption-text\">SE VAN LOS REGALONES.- Ellos son parte de la matr\u00edcula egresada en Duendecitos, a partir de este a\u00f1o se incorporar\u00e1n a Prekinder, aprender\u00e1n de todo y conquistar\u00e1n sus propios sue\u00f1os.<\/figcaption><\/figure>\n<p>Los ni\u00f1os egresaron este martes de esas casas de estudio para instalarse muy pronto a Preb\u00e1sica. La despedida a los peques se realiz\u00f3 con juegos, el traspaso de bandera y varios bailes t\u00edpicos en honor a los ni\u00f1os egresados.<\/p>\n<figure id=\"attachment_41650\" aria-describedby=\"caption-attachment-41650\" style=\"width: 422px\" class=\"wp-caption alignright\"><a href=\"https:\/\/i0.wp.com\/www.eltrabajo.cl\/portal\/wp-content\/uploads\/2014\/01\/Apoderados1.jpg\"><img data-recalc-dims=\"1\" loading=\"lazy\" decoding=\"async\" class=\" wp-image-41650 \" title=\"ORGULLOSOS.- Los apoderados de La Higuera Saltarina estaban orgullosos de ver a sus peque\u00f1os conquistando sus primeras metas acad\u00e9micas.\" alt=\"ORGULLOSOS.- Los apoderados de La Higuera Saltarina estaban orgullosos de ver a sus peque\u00f1os conquistando sus primeras metas acad\u00e9micas.\" src=\"https:\/\/i0.wp.com\/www.eltrabajo.cl\/portal\/wp-content\/uploads\/2014\/01\/Apoderados1.jpg?resize=422%2C270\" width=\"422\" height=\"270\" srcset=\"https:\/\/i0.wp.com\/eltrabajo.cl\/portal\/wp-content\/uploads\/2014\/01\/Apoderados1.jpg?w=528&amp;ssl=1 528w, https:\/\/i0.wp.com\/eltrabajo.cl\/portal\/wp-content\/uploads\/2014\/01\/Apoderados1.jpg?resize=200%2C128&amp;ssl=1 200w, https:\/\/i0.wp.com\/eltrabajo.cl\/portal\/wp-content\/uploads\/2014\/01\/Apoderados1.jpg?resize=300%2C192&amp;ssl=1 300w, https:\/\/i0.wp.com\/eltrabajo.cl\/portal\/wp-content\/uploads\/2014\/01\/Apoderados1.jpg?resize=150%2C96&amp;ssl=1 150w, https:\/\/i0.wp.com\/eltrabajo.cl\/portal\/wp-content\/uploads\/2014\/01\/Apoderados1.jpg?resize=400%2C256&amp;ssl=1 400w\" sizes=\"auto, (max-width: 422px) 100vw, 422px\" \/><\/a><figcaption id=\"caption-attachment-41650\" class=\"wp-caption-text\">ORGULLOSOS.- Los apoderados de La Higuera Saltarina estaban orgullosos de ver a sus peque\u00f1os conquistando sus primeras metas acad\u00e9micas.<\/figcaption><\/figure>\n<p>Ignacio Barraza, Bairon Gonz\u00e1lez, Brayamm Leiva, Catalina Peralta, Luis Silva y Mari\u00e1ngel Troncoso, fueron aplaudidos por apoderados, Parvularias y sus dem\u00e1s compa\u00f1eros de clases. En estos dos a\u00f1os los peque\u00f1itos lograron desarrollar su fuerza Motora Fina y Gruesa; aprendieron tambi\u00e9n a contar; diferenciar los puntos cardinales y tambi\u00e9n el nombre de los d\u00edas y los colores.<\/p>\n<figure id=\"attachment_41651\" aria-describedby=\"caption-attachment-41651\" style=\"width: 423px\" class=\"wp-caption alignleft\"><a href=\"https:\/\/i0.wp.com\/www.eltrabajo.cl\/portal\/wp-content\/uploads\/2014\/01\/Higueras1.jpg\"><img data-recalc-dims=\"1\" loading=\"lazy\" decoding=\"async\" class=\" wp-image-41651 \" title=\"EGRESADOS.- Ellos son Ignacio Barraza, Bairon Gonz\u00e1lez, Brayamm Leiva, Catalina Peralta, Luis Silva y Mari\u00e1ngel Troncoso.\" alt=\"EGRESADOS.- Ellos son Ignacio Barraza, Bairon Gonz\u00e1lez, Brayamm Leiva, Catalina Peralta, Luis Silva y Mari\u00e1ngel Troncoso.\" src=\"https:\/\/i0.wp.com\/www.eltrabajo.cl\/portal\/wp-content\/uploads\/2014\/01\/Higueras1.jpg?resize=423%2C297\" width=\"423\" height=\"297\" srcset=\"https:\/\/i0.wp.com\/eltrabajo.cl\/portal\/wp-content\/uploads\/2014\/01\/Higueras1.jpg?w=529&amp;ssl=1 529w, https:\/\/i0.wp.com\/eltrabajo.cl\/portal\/wp-content\/uploads\/2014\/01\/Higueras1.jpg?resize=200%2C140&amp;ssl=1 200w, https:\/\/i0.wp.com\/eltrabajo.cl\/portal\/wp-content\/uploads\/2014\/01\/Higueras1.jpg?resize=300%2C210&amp;ssl=1 300w, https:\/\/i0.wp.com\/eltrabajo.cl\/portal\/wp-content\/uploads\/2014\/01\/Higueras1.jpg?resize=150%2C105&amp;ssl=1 150w, https:\/\/i0.wp.com\/eltrabajo.cl\/portal\/wp-content\/uploads\/2014\/01\/Higueras1.jpg?resize=400%2C280&amp;ssl=1 400w\" sizes=\"auto, (max-width: 423px) 100vw, 423px\" \/><\/a><figcaption id=\"caption-attachment-41651\" class=\"wp-caption-text\">EGRESADOS.- Ellos son Ignacio Barraza, Bairon Gonz\u00e1lez, Brayamm Leiva, Catalina Peralta, Luis Silva y Mari\u00e1ngel Troncoso.<\/figcaption><\/figure>\n<p>\u00abEstamos muy orgullosas las Parvularias por este logro, los ni\u00f1os van muy motivados y con un gran deseo de aprender, lo que nos significa que les ense\u00f1amos bien la importancia del estudio para alcanzar sus metas\u00bb, coment\u00f3 a Diario El Trabajo la Directora de Duendecitos de Algarrobal, Viviana Delgado. Duendecitos cuenta con capacidad para 104 ni\u00f1os, hay 91 actualmente, por lo que significa que hay cupo para m\u00e1s \u2018duendecitos\u2019.<\/p>\n<p>\u00abQueremos invitar a los apoderados a matricular a sus guaguas en nuestro jard\u00edn, tenemos cupo para todas las etapas, la jornada es completa, aqu\u00ed trabajamos 20 personas con ellos y lo hacemos con mucho gusto\u00bb, agreg\u00f3 Delgado. Los interesados en matricular a sus hijos en Duendecitos pueden llamar al fono: 6193 9091 y los interesados en hacerlo en La Higuera Saltarina: 258 2532.<\/p>\n<figure id=\"attachment_41657\" aria-describedby=\"caption-attachment-41657\" style=\"width: 190px\" class=\"wp-caption alignleft\"><a href=\"https:\/\/i0.wp.com\/www.eltrabajo.cl\/portal\/wp-content\/uploads\/2014\/01\/Viviana-Delgado.jpg\"><img data-recalc-dims=\"1\" loading=\"lazy\" decoding=\"async\" class=\" wp-image-41657  \" title=\"Viviana Delgado, Directora del Jard\u00edn Infantil Duendecitos de Algarrobal.\" alt=\"Viviana Delgado, Directora del Jard\u00edn Infantil Duendecitos de Algarrobal.\" src=\"https:\/\/i0.wp.com\/www.eltrabajo.cl\/portal\/wp-content\/uploads\/2014\/01\/Viviana-Delgado.jpg?resize=190%2C180\" width=\"190\" height=\"180\" srcset=\"https:\/\/i0.wp.com\/eltrabajo.cl\/portal\/wp-content\/uploads\/2014\/01\/Viviana-Delgado.jpg?w=529&amp;ssl=1 529w, https:\/\/i0.wp.com\/eltrabajo.cl\/portal\/wp-content\/uploads\/2014\/01\/Viviana-Delgado.jpg?resize=158%2C150&amp;ssl=1 158w, https:\/\/i0.wp.com\/eltrabajo.cl\/portal\/wp-content\/uploads\/2014\/01\/Viviana-Delgado.jpg?resize=300%2C283&amp;ssl=1 300w, https:\/\/i0.wp.com\/eltrabajo.cl\/portal\/wp-content\/uploads\/2014\/01\/Viviana-Delgado.jpg?resize=150%2C141&amp;ssl=1 150w, https:\/\/i0.wp.com\/eltrabajo.cl\/portal\/wp-content\/uploads\/2014\/01\/Viviana-Delgado.jpg?resize=400%2C378&amp;ssl=1 400w\" sizes=\"auto, (max-width: 190px) 100vw, 190px\" \/><\/a><figcaption id=\"caption-attachment-41657\" class=\"wp-caption-text\">Viviana Delgado, Directora del Jard\u00edn Infantil Duendecitos de Algarrobal.<\/figcaption><\/figure>\n<figure id=\"attachment_41654\" aria-describedby=\"caption-attachment-41654\" style=\"width: 423px\" class=\"wp-caption alignright\"><a href=\"https:\/\/i0.wp.com\/www.eltrabajo.cl\/portal\/wp-content\/uploads\/2014\/01\/Bandera1.jpg\"><img data-recalc-dims=\"1\" loading=\"lazy\" decoding=\"async\" class=\"wp-image-41654 \" title=\"LA BANDERA.- La ni\u00f1a que egresa entrega la Bandera chilena al compa\u00f1erito que queda por un a\u00f1o m\u00e1s en el jard\u00edn.\" alt=\"LA BANDERA.- La ni\u00f1a que egresa entrega la Bandera chilena al compa\u00f1erito que queda por un a\u00f1o m\u00e1s en el jard\u00edn.\" src=\"https:\/\/i0.wp.com\/www.eltrabajo.cl\/portal\/wp-content\/uploads\/2014\/01\/Bandera1.jpg?resize=423%2C262\" width=\"423\" height=\"262\" srcset=\"https:\/\/i0.wp.com\/eltrabajo.cl\/portal\/wp-content\/uploads\/2014\/01\/Bandera1.jpg?w=529&amp;ssl=1 529w, https:\/\/i0.wp.com\/eltrabajo.cl\/portal\/wp-content\/uploads\/2014\/01\/Bandera1.jpg?resize=200%2C123&amp;ssl=1 200w, https:\/\/i0.wp.com\/eltrabajo.cl\/portal\/wp-content\/uploads\/2014\/01\/Bandera1.jpg?resize=300%2C185&amp;ssl=1 300w, https:\/\/i0.wp.com\/eltrabajo.cl\/portal\/wp-content\/uploads\/2014\/01\/Bandera1.jpg?resize=150%2C92&amp;ssl=1 150w, https:\/\/i0.wp.com\/eltrabajo.cl\/portal\/wp-content\/uploads\/2014\/01\/Bandera1.jpg?resize=400%2C247&amp;ssl=1 400w\" sizes=\"auto, (max-width: 423px) 100vw, 423px\" \/><\/a><figcaption id=\"caption-attachment-41654\" class=\"wp-caption-text\">LA BANDERA.- La ni\u00f1a que egresa entrega la Bandera chilena al compa\u00f1erito que queda por un a\u00f1o m\u00e1s en el jard\u00edn.<\/figcaption><\/figure>\n<p><strong>FUNDACI\u00d3N INTEGRA<\/strong><\/p>\n<p>Fundaci\u00f3n Integra cuenta con unos 1.000 jardines infantiles y salas cuna, a los que asisten diariamente m\u00e1s de 70.000 ni\u00f1os en las 15 regiones del pa\u00eds. Los espacios educativos son dise\u00f1ados para el desarrollo de experiencias de aprendizajes creativas, seguras y acogedoras, que promueven y estimulan la actividad f\u00edsica, la convivencia, la exploraci\u00f3n, la manipulaci\u00f3n y el descubrimiento de las nuevas tecnolog\u00edas. El material pedag\u00f3gico est\u00e1 disponible en variados formatos respetando los intereses y necesidades de cada ni\u00f1o y ni\u00f1a. El mobiliario es cuidadosamente seleccionado y\/o especialmente elaborado para los ni\u00f1os y ni\u00f1as, como la cuna Integra para los lactantes, que fue desarrollada junto a la Escuela de Dise\u00f1o de la Universidad de Chile y la asociaci\u00f3n Chilena de Seguridad.<\/p>\n<p>Roberto Gonz\u00e1lez Short<\/p>\n<p>rgonzalez@eltrabajo.cl<\/p>\n<p>&nbsp;<\/p>\n","protected":false},"excerpt":{"rendered":"<p>Al menos 18 peque\u00f1itos de Jardines Integra abandonaron ilusionados por crecer, las aulas en donde aprendieron los primeros secretos de la vida. Se trata de seis alegres peque\u00f1ines del Jard\u00edn Infantil La&#8230;<\/p>\n","protected":false},"author":482,"featured_media":41644,"comment_status":"open","ping_status":"closed","sticky":false,"template":"","format":"standard","meta":{"advanced_seo_description":"","jetpack_seo_html_title":"","jetpack_seo_noindex":false,"_jetpack_memberships_contains_paid_content":false,"footnotes":""},"categories":[15],"tags":[],"class_list":["post-41643","post","type-post","status-publish","format-standard","has-post-thumbnail","hentry","category-comunidad"],"jetpack_featured_media_url":"https:\/\/i0.wp.com\/eltrabajo.cl\/portal\/wp-content\/uploads\/2014\/01\/Duendecitos2.jpg?fit=528%2C361&ssl=1","jetpack_sharing_enabled":true,"jetpack_likes_enabled":true,"jetpack-related-posts":[],"_links":{"self":[{"href":"https:\/\/eltrabajo.cl\/portal\/wp-json\/wp\/v2\/posts\/41643","targetHints":{"allow":["GET"]}}],"collection":[{"href":"https:\/\/eltrabajo.cl\/portal\/wp-json\/wp\/v2\/posts"}],"about":[{"href":"https:\/\/eltrabajo.cl\/portal\/wp-json\/wp\/v2\/types\/post"}],"author":[{"embeddable":true,"href":"https:\/\/eltrabajo.cl\/portal\/wp-json\/wp\/v2\/users\/482"}],"replies":[{"embeddable":true,"href":"https:\/\/eltrabajo.cl\/portal\/wp-json\/wp\/v2\/comments?post=41643"}],"version-history":[{"count":0,"href":"https:\/\/eltrabajo.cl\/portal\/wp-json\/wp\/v2\/posts\/41643\/revisions"}],"wp:featuredmedia":[{"embeddable":true,"href":"https:\/\/eltrabajo.cl\/portal\/wp-json\/wp\/v2\/media\/41644"}],"wp:attachment":[{"href":"https:\/\/eltrabajo.cl\/portal\/wp-json\/wp\/v2\/media?parent=41643"}],"wp:term":[{"taxonomy":"category","embeddable":true,"href":"https:\/\/eltrabajo.cl\/portal\/wp-json\/wp\/v2\/categories?post=41643"},{"taxonomy":"post_tag","embeddable":true,"href":"https:\/\/eltrabajo.cl\/portal\/wp-json\/wp\/v2\/tags?post=41643"}],"curies":[{"name":"wp","href":"https:\/\/api.w.org\/{rel}","templated":true}]}}