{"id":41665,"date":"2014-01-08T09:50:40","date_gmt":"2014-01-08T12:50:40","guid":{"rendered":"http:\/\/www.eltrabajo.cl\/portal\/?p=41665"},"modified":"2014-01-08T09:50:40","modified_gmt":"2014-01-08T12:50:40","slug":"jose-manuel-carter-presidente-junta-de-vigilancia-rio-putaendo-el-presidente-pinera-tiene-el-mejor-derecho-para-inaugurar-el-embalse","status":"publish","type":"post","link":"https:\/\/eltrabajo.cl\/portal\/jose-manuel-carter-presidente-junta-de-vigilancia-rio-putaendo-el-presidente-pinera-tiene-el-mejor-derecho-para-inaugurar-el-embalse\/","title":{"rendered":"Jos\u00e9 Manuel C\u00e1rter, presidente Junta de Vigilancia R\u00edo Putaendo: \u00abEl Presidente Pi\u00f1era tiene el mejor derecho para inaugurar el embalse\u00bb"},"content":{"rendered":"<figure id=\"attachment_41666\" aria-describedby=\"caption-attachment-41666\" style=\"width: 318px\" class=\"wp-caption alignleft\"><a href=\"https:\/\/i0.wp.com\/www.eltrabajo.cl\/portal\/wp-content\/uploads\/2014\/01\/jose-manuel-carter.jpg\"><img data-recalc-dims=\"1\" loading=\"lazy\" decoding=\"async\" class=\" wp-image-41666 \" title=\"Jos\u00e9 Manuel C\u00e1rter, Presidente Junta de Vigilancia R\u00edo Putaendo.\" alt=\"Jos\u00e9 Manuel C\u00e1rter, Presidente Junta de Vigilancia R\u00edo Putaendo.\" src=\"https:\/\/i0.wp.com\/www.eltrabajo.cl\/portal\/wp-content\/uploads\/2014\/01\/jose-manuel-carter.jpg?resize=318%2C245\" width=\"318\" height=\"245\" srcset=\"https:\/\/i0.wp.com\/eltrabajo.cl\/portal\/wp-content\/uploads\/2014\/01\/jose-manuel-carter.jpg?w=530&amp;ssl=1 530w, https:\/\/i0.wp.com\/eltrabajo.cl\/portal\/wp-content\/uploads\/2014\/01\/jose-manuel-carter.jpg?resize=194%2C150&amp;ssl=1 194w, https:\/\/i0.wp.com\/eltrabajo.cl\/portal\/wp-content\/uploads\/2014\/01\/jose-manuel-carter.jpg?resize=300%2C230&amp;ssl=1 300w, https:\/\/i0.wp.com\/eltrabajo.cl\/portal\/wp-content\/uploads\/2014\/01\/jose-manuel-carter.jpg?resize=150%2C115&amp;ssl=1 150w, https:\/\/i0.wp.com\/eltrabajo.cl\/portal\/wp-content\/uploads\/2014\/01\/jose-manuel-carter.jpg?resize=400%2C307&amp;ssl=1 400w\" sizes=\"auto, (max-width: 318px) 100vw, 318px\" \/><\/a><figcaption id=\"caption-attachment-41666\" class=\"wp-caption-text\">Jos\u00e9 Manuel C\u00e1rter, Presidente Junta de Vigilancia R\u00edo Putaendo.<\/figcaption><\/figure>\n<p><strong>PUTAENDO<\/strong>.- El Presidente de la Junta de Vigilancia del R\u00edo Putaendo, Jos\u00e9 Manuel C\u00e1rter, asegur\u00f3 que el Presidente Sebasti\u00e1n Pi\u00f1era tiene el mejor derecho para inaugurar el Embalse Chacrillas, en respuesta a las declaraciones del Diputado Marco Antonio N\u00fa\u00f1ez, quien indic\u00f3 que el mandatario, \u00abdentro de su locura\u00bb, pretende inaugurar un embalse a medio terminar.<\/p>\n<p>C\u00e1rter se\u00f1al\u00f3 que las declaraciones del parlamentario al haber tratado de \u2018loco\u2019 al Presidente Pi\u00f1era, son una falta de respeto sumamente grave en contra del mandatario y dijo que no hay que olvidar que Sebasti\u00e1n Pi\u00f1era es presidente de todos los chilenos hasta el 11 de marzo de este a\u00f1o, por lo que lament\u00f3 que un diputado trate en forma tan ofensiva al presidente Pi\u00f1era, indicando que, siendo justos, el Diputado Marco Antonio N\u00fa\u00f1ez no es precisamente alguien que haya jugado un rol importante en el duro proceso que se llev\u00f3 adelante por el sue\u00f1o del Embalse Chacrillas.<\/p>\n<p>El dirigente se\u00f1al\u00f3 que prefiere no opinar m\u00e1s acerca del diputado que a su juicio, se equivoc\u00f3 duramente con sus dichos, adem\u00e1s indic\u00f3 que hoy el Embalse Chacrillas presenta un 92% de avance y que no ha recibido informaciones oficiales sobre una eventual inauguraci\u00f3n durante el per\u00edodo que le queda a Sebasti\u00e1n Pi\u00f1era como presidente, pero asegur\u00f3 que el que tiene el mayor derecho a inaugurar el Embalse Chacrillas es el Presidente Pi\u00f1era, pues tom\u00f3 una decisi\u00f3n muy dif\u00edcil en un momento tan complicado luego del terremoto y destin\u00f3 los recursos para que se empezara a construir el embalse, por lo que se\u00f1al\u00f3: \u00abA nombre de los regantes de Putaendo y con toda la responsabilidad que amerita el cargo que ocupo, puedo decir que si el presidente Pi\u00f1era quiere inaugurar este embalse, tiene el mayor derecho y merece hacerlo, por lo que si el presidente decide venir a Putaendo a inaugurar esta obra, no me queda m\u00e1s que decirle gracias y bienvenido Presidente Pi\u00f1era\u00bb.<\/p>\n<p>Patricio Gallardo M.<\/p>\n<p>&nbsp;<\/p>\n","protected":false},"excerpt":{"rendered":"<p>PUTAENDO.- El Presidente de la Junta de Vigilancia del R\u00edo Putaendo, Jos\u00e9 Manuel C\u00e1rter, asegur\u00f3 que el Presidente Sebasti\u00e1n Pi\u00f1era tiene el mejor derecho para inaugurar el Embalse Chacrillas, en respuesta a&#8230;<\/p>\n","protected":false},"author":482,"featured_media":41666,"comment_status":"open","ping_status":"closed","sticky":false,"template":"","format":"standard","meta":{"advanced_seo_description":"","jetpack_seo_html_title":"","jetpack_seo_noindex":false,"_jetpack_memberships_contains_paid_content":false,"footnotes":""},"categories":[1],"tags":[],"class_list":["post-41665","post","type-post","status-publish","format-standard","has-post-thumbnail","hentry","category-cronica"],"jetpack_featured_media_url":"https:\/\/i0.wp.com\/eltrabajo.cl\/portal\/wp-content\/uploads\/2014\/01\/jose-manuel-carter.jpg?fit=530%2C408&ssl=1","jetpack_sharing_enabled":true,"jetpack_likes_enabled":true,"jetpack-related-posts":[],"_links":{"self":[{"href":"https:\/\/eltrabajo.cl\/portal\/wp-json\/wp\/v2\/posts\/41665","targetHints":{"allow":["GET"]}}],"collection":[{"href":"https:\/\/eltrabajo.cl\/portal\/wp-json\/wp\/v2\/posts"}],"about":[{"href":"https:\/\/eltrabajo.cl\/portal\/wp-json\/wp\/v2\/types\/post"}],"author":[{"embeddable":true,"href":"https:\/\/eltrabajo.cl\/portal\/wp-json\/wp\/v2\/users\/482"}],"replies":[{"embeddable":true,"href":"https:\/\/eltrabajo.cl\/portal\/wp-json\/wp\/v2\/comments?post=41665"}],"version-history":[{"count":0,"href":"https:\/\/eltrabajo.cl\/portal\/wp-json\/wp\/v2\/posts\/41665\/revisions"}],"wp:featuredmedia":[{"embeddable":true,"href":"https:\/\/eltrabajo.cl\/portal\/wp-json\/wp\/v2\/media\/41666"}],"wp:attachment":[{"href":"https:\/\/eltrabajo.cl\/portal\/wp-json\/wp\/v2\/media?parent=41665"}],"wp:term":[{"taxonomy":"category","embeddable":true,"href":"https:\/\/eltrabajo.cl\/portal\/wp-json\/wp\/v2\/categories?post=41665"},{"taxonomy":"post_tag","embeddable":true,"href":"https:\/\/eltrabajo.cl\/portal\/wp-json\/wp\/v2\/tags?post=41665"}],"curies":[{"name":"wp","href":"https:\/\/api.w.org\/{rel}","templated":true}]}}