{"id":41668,"date":"2014-01-08T09:54:44","date_gmt":"2014-01-08T12:54:44","guid":{"rendered":"http:\/\/www.eltrabajo.cl\/portal\/?p=41668"},"modified":"2014-01-08T09:54:44","modified_gmt":"2014-01-08T12:54:44","slug":"detenidos-en-piguchen-niegan-agresion-a-carabineros-e-insisten-en-haber-sido-golpeados","status":"publish","type":"post","link":"https:\/\/eltrabajo.cl\/portal\/detenidos-en-piguchen-niegan-agresion-a-carabineros-e-insisten-en-haber-sido-golpeados\/","title":{"rendered":"Detenidos en Piguch\u00e9n niegan agresi\u00f3n a Carabineros e insisten en haber sido golpeados"},"content":{"rendered":"<figure id=\"attachment_41669\" aria-describedby=\"caption-attachment-41669\" style=\"width: 423px\" class=\"wp-caption alignleft\"><a href=\"https:\/\/i0.wp.com\/www.eltrabajo.cl\/portal\/wp-content\/uploads\/2014\/01\/ramon-berrios.jpg\"><img data-recalc-dims=\"1\" loading=\"lazy\" decoding=\"async\" class=\" wp-image-41669 \" title=\"Ram\u00f3n Berr\u00edos, testigo del incidente, muestra el lugar donde el detenido habr\u00eda sido agredido por Carabineros.\" alt=\"Ram\u00f3n Berr\u00edos, testigo del incidente, muestra el lugar donde el detenido habr\u00eda sido agredido por Carabineros.\" src=\"https:\/\/i0.wp.com\/www.eltrabajo.cl\/portal\/wp-content\/uploads\/2014\/01\/ramon-berrios.jpg?resize=423%2C282\" width=\"423\" height=\"282\" srcset=\"https:\/\/i0.wp.com\/eltrabajo.cl\/portal\/wp-content\/uploads\/2014\/01\/ramon-berrios.jpg?w=529&amp;ssl=1 529w, https:\/\/i0.wp.com\/eltrabajo.cl\/portal\/wp-content\/uploads\/2014\/01\/ramon-berrios.jpg?resize=200%2C133&amp;ssl=1 200w, https:\/\/i0.wp.com\/eltrabajo.cl\/portal\/wp-content\/uploads\/2014\/01\/ramon-berrios.jpg?resize=300%2C200&amp;ssl=1 300w, https:\/\/i0.wp.com\/eltrabajo.cl\/portal\/wp-content\/uploads\/2014\/01\/ramon-berrios.jpg?resize=150%2C100&amp;ssl=1 150w, https:\/\/i0.wp.com\/eltrabajo.cl\/portal\/wp-content\/uploads\/2014\/01\/ramon-berrios.jpg?resize=400%2C266&amp;ssl=1 400w\" sizes=\"auto, (max-width: 423px) 100vw, 423px\" \/><\/a><figcaption id=\"caption-attachment-41669\" class=\"wp-caption-text\">Ram\u00f3n Berr\u00edos, testigo del incidente, muestra el lugar donde el detenido habr\u00eda sido agredido por Carabineros.<\/figcaption><\/figure>\n<p><strong>PUTAENDO.-<\/strong> Pasadas algunas horas de los hechos ocurridos en Piguch\u00e9n, algunas de las personas que fueron detenidas negaron los hechos que hoy se les imputan por maltrato de obra a Carabineros e insisten en que fue personal policial el que incurri\u00f3 en violencia desmedida golpeando a varios vecinos del sector.<\/p>\n<p>Alejandra Cassi, quien fue detenida y acusada de maltrato de obra a Carabineros en servicio y seg\u00fan el parte policial, de haber agredido con golpes de pies y pu\u00f1os a personal policial, dijo que al preguntar por qu\u00e9 buscaban a su pareja y al oponerse a que le ocasionaran da\u00f1os en su casa, fue detenida sin haber ni siquiera insultado a Carabineros y fue r\u00e1pidamente subida a un furg\u00f3n policial, adem\u00e1s asegura que jam\u00e1s particip\u00f3 en los hechos que se le imputan y que nunca agredi\u00f3 a un carabinero, agregando que si bien es cierto no fue golpeada, recibi\u00f3 un trato denigrante y ofensivo por parte de los efectivos policiales.<\/p>\n<figure id=\"attachment_41670\" aria-describedby=\"caption-attachment-41670\" style=\"width: 370px\" class=\"wp-caption alignright\"><a href=\"https:\/\/i0.wp.com\/www.eltrabajo.cl\/portal\/wp-content\/uploads\/2014\/01\/jorge-jamett.jpg\"><img data-recalc-dims=\"1\" loading=\"lazy\" decoding=\"async\" class=\" wp-image-41670 \" title=\"Jorge Jamett est\u00e1 acusado de atacar con cuchillo y arma a Carabineros y habr\u00eda sufrido una fractura nasal.\" alt=\"Jorge Jamett est\u00e1 acusado de atacar con cuchillo y arma a Carabineros y habr\u00eda sufrido una fractura nasal.\" src=\"https:\/\/i0.wp.com\/www.eltrabajo.cl\/portal\/wp-content\/uploads\/2014\/01\/jorge-jamett.jpg?resize=370%2C246\" width=\"370\" height=\"246\" srcset=\"https:\/\/i0.wp.com\/eltrabajo.cl\/portal\/wp-content\/uploads\/2014\/01\/jorge-jamett.jpg?w=528&amp;ssl=1 528w, https:\/\/i0.wp.com\/eltrabajo.cl\/portal\/wp-content\/uploads\/2014\/01\/jorge-jamett.jpg?resize=200%2C133&amp;ssl=1 200w, https:\/\/i0.wp.com\/eltrabajo.cl\/portal\/wp-content\/uploads\/2014\/01\/jorge-jamett.jpg?resize=300%2C200&amp;ssl=1 300w, https:\/\/i0.wp.com\/eltrabajo.cl\/portal\/wp-content\/uploads\/2014\/01\/jorge-jamett.jpg?resize=150%2C100&amp;ssl=1 150w, https:\/\/i0.wp.com\/eltrabajo.cl\/portal\/wp-content\/uploads\/2014\/01\/jorge-jamett.jpg?resize=400%2C266&amp;ssl=1 400w\" sizes=\"auto, (max-width: 370px) 100vw, 370px\" \/><\/a><figcaption id=\"caption-attachment-41670\" class=\"wp-caption-text\">Jorge Jamett est\u00e1 acusado de atacar con cuchillo y arma a Carabineros y habr\u00eda sufrido una fractura nasal.<\/figcaption><\/figure>\n<p>Ram\u00f3n Berr\u00edos nos ense\u00f1\u00f3 el lugar donde \u00e9l asegura que Carabineros golpeaba salvajemente a Jorge Jamett e indica que es imposible que en ese lugar Jamett se haya fracturado la nariz y ocasionado las lesiones al golpearse accidentalmente como lo asegura el fiscal, pues dijo que son solo hojas y alambres de p\u00faas y en ese lugar \u00e9l intervino para que no siguieran golpe\u00e1ndolo con la luma, y que las lesiones que tiene el carabinero en su brazo son producto de los alambres de p\u00faas que cortaron su brazo y no de un cuchillo, por lo que se\u00f1al\u00f3 que no entiende como Carabineros invent\u00f3 semejante historia cuando \u00e9l fue testigo directo de los hechos y le ped\u00eda por favor al personal policial que no siguieran golpeando a Jamett.<\/p>\n<p>La se\u00f1ora M\u00f3nica Cortez, administradora del local Marr\u00f3n Glac\u00e9, desminti\u00f3 la versi\u00f3n de Carabineros y asegur\u00f3 que cuando llegaron los dos efectivos a su local, primero fueron muy prepotentes, luego revisaron el local y dijo que nunca existi\u00f3 una pelea y que uno de los carabineros le dijo a Jorge Jamett que no lo quer\u00eda ver en el local dentro de 10 minutos m\u00e1s y que Jamett solo le respondi\u00f3 que \u00e9l se iba a ir por sus medios, ante lo cual la se\u00f1ora M\u00f3nica Cortez asegura que lo acompa\u00f1\u00f3 hasta la puerta del local y le pidi\u00f3 que se fuera a su casa para evitar problemas, adem\u00e1s indic\u00f3 que en ese preciso instante y sin mediar provocaci\u00f3n alguna, uno de los carabineros comenz\u00f3 a agredir a Luis Jamett ante la presencia de varios otros testigos e incluso dijo que ya prest\u00f3 declaraci\u00f3n ante Carabineros de civil que la visitaron el domingo reci\u00e9n pasado.<\/p>\n<figure id=\"attachment_41671\" aria-describedby=\"caption-attachment-41671\" style=\"width: 422px\" class=\"wp-caption alignleft\"><a href=\"https:\/\/i0.wp.com\/www.eltrabajo.cl\/portal\/wp-content\/uploads\/2014\/01\/alejandra-cassi.jpg\"><img data-recalc-dims=\"1\" loading=\"lazy\" decoding=\"async\" class=\" wp-image-41671 \" title=\"Alejandra Cassi, pareja del detenido Jorge Jamett, fue detenida y acusada de maltrato de obra a Carabineros en servicio. \" alt=\"Alejandra Cassi, pareja del detenido Jorge Jamett, fue detenida y acusada de maltrato de obra a Carabineros en servicio. \" src=\"https:\/\/i0.wp.com\/www.eltrabajo.cl\/portal\/wp-content\/uploads\/2014\/01\/alejandra-cassi.jpg?resize=422%2C282\" width=\"422\" height=\"282\" srcset=\"https:\/\/i0.wp.com\/eltrabajo.cl\/portal\/wp-content\/uploads\/2014\/01\/alejandra-cassi.jpg?w=528&amp;ssl=1 528w, https:\/\/i0.wp.com\/eltrabajo.cl\/portal\/wp-content\/uploads\/2014\/01\/alejandra-cassi.jpg?resize=200%2C133&amp;ssl=1 200w, https:\/\/i0.wp.com\/eltrabajo.cl\/portal\/wp-content\/uploads\/2014\/01\/alejandra-cassi.jpg?resize=300%2C200&amp;ssl=1 300w, https:\/\/i0.wp.com\/eltrabajo.cl\/portal\/wp-content\/uploads\/2014\/01\/alejandra-cassi.jpg?resize=150%2C100&amp;ssl=1 150w, https:\/\/i0.wp.com\/eltrabajo.cl\/portal\/wp-content\/uploads\/2014\/01\/alejandra-cassi.jpg?resize=400%2C266&amp;ssl=1 400w\" sizes=\"auto, (max-width: 422px) 100vw, 422px\" \/><\/a><figcaption id=\"caption-attachment-41671\" class=\"wp-caption-text\">Alejandra Cassi, pareja del detenido Jorge Jamett, fue detenida y acusada de maltrato de obra a Carabineros en servicio.<\/figcaption><\/figure>\n<p>El principal inculpado y acusado de haber atacado con un cuchillo a un carabinero y haberlos apuntado con un rifle a post\u00f3n, Jorge Jamett, dijo que jam\u00e1s insult\u00f3 al personal policial, que a la salida del Marr\u00f3n Glac\u00e9 fue golpeado por Carabineros sin mediar provocaci\u00f3n y que el golpe en su cr\u00e1neo y la fractura en su nariz fue provocada por un bastonazo que le propin\u00f3 uno de los efectivos e indic\u00f3 que nunca existi\u00f3 un cuchillo ni tampoco los amenaz\u00f3 con el rifle, y que incluso su casa fue pr\u00e1cticamente destrozada por Carabineros y agreg\u00f3 que acudi\u00f3 por sus propios medios hasta el Hospital San Antonio de Putaendo para que lo atendieran y que voluntariamente se entreg\u00f3 a Carabineros, pues asegura que todo lo que ha dicho el personal policial es una farsa para justificar la brutal agresi\u00f3n que recibi\u00f3.<\/p>\n<figure id=\"attachment_41672\" aria-describedby=\"caption-attachment-41672\" style=\"width: 422px\" class=\"wp-caption alignright\"><a href=\"https:\/\/i0.wp.com\/www.eltrabajo.cl\/portal\/wp-content\/uploads\/2014\/01\/monica-cortez-.jpg\"><img data-recalc-dims=\"1\" loading=\"lazy\" decoding=\"async\" class=\" wp-image-41672 \" title=\"M\u00f3nica Cortez, administradora del local Marr\u00f3n Glac\u00e9, testific\u00f3 en favor del detenido, asegurando que Carabineros lo habr\u00eda agredido sin mediar provocaci\u00f3n.\" alt=\"M\u00f3nica Cortez, administradora del local Marr\u00f3n Glac\u00e9, testific\u00f3 en favor del detenido, asegurando que Carabineros lo habr\u00eda agredido sin mediar provocaci\u00f3n.\" src=\"https:\/\/i0.wp.com\/www.eltrabajo.cl\/portal\/wp-content\/uploads\/2014\/01\/monica-cortez-.jpg?resize=422%2C319\" width=\"422\" height=\"319\" srcset=\"https:\/\/i0.wp.com\/eltrabajo.cl\/portal\/wp-content\/uploads\/2014\/01\/monica-cortez-.jpg?w=528&amp;ssl=1 528w, https:\/\/i0.wp.com\/eltrabajo.cl\/portal\/wp-content\/uploads\/2014\/01\/monica-cortez-.jpg?resize=198%2C150&amp;ssl=1 198w, https:\/\/i0.wp.com\/eltrabajo.cl\/portal\/wp-content\/uploads\/2014\/01\/monica-cortez-.jpg?resize=300%2C226&amp;ssl=1 300w, https:\/\/i0.wp.com\/eltrabajo.cl\/portal\/wp-content\/uploads\/2014\/01\/monica-cortez-.jpg?resize=150%2C113&amp;ssl=1 150w, https:\/\/i0.wp.com\/eltrabajo.cl\/portal\/wp-content\/uploads\/2014\/01\/monica-cortez-.jpg?resize=400%2C302&amp;ssl=1 400w\" sizes=\"auto, (max-width: 422px) 100vw, 422px\" \/><\/a><figcaption id=\"caption-attachment-41672\" class=\"wp-caption-text\">M\u00f3nica Cortez, administradora del local Marr\u00f3n Glac\u00e9, testific\u00f3 en favor del detenido, asegurando que Carabineros lo habr\u00eda agredido sin mediar provocaci\u00f3n.<\/figcaption><\/figure>\n<p>Si bien es cierto, los otros involucrados no accedieron a ser fotografiados por nuestro medio, una de las mujeres nos muestra su pierna con una lesi\u00f3n, que asegura, fue ocasionada por un bastonazo por parte de Carabineros y los vecinos del sector Piguch\u00e9n respaldan la versi\u00f3n de quienes fueron detenidos y aseguran que todo fue provocado por Carabineros que actu\u00f3 con inusitada violencia.<\/p>\n<p>Patricio Gallardo M.<\/p>\n","protected":false},"excerpt":{"rendered":"<p>PUTAENDO.- Pasadas algunas horas de los hechos ocurridos en Piguch\u00e9n, algunas de las personas que fueron detenidas negaron los hechos que hoy se les imputan por maltrato de obra a Carabineros e&#8230;<\/p>\n","protected":false},"author":482,"featured_media":41669,"comment_status":"open","ping_status":"closed","sticky":false,"template":"","format":"standard","meta":{"advanced_seo_description":"","jetpack_seo_html_title":"","jetpack_seo_noindex":false,"_jetpack_memberships_contains_paid_content":false,"footnotes":""},"categories":[15],"tags":[],"class_list":["post-41668","post","type-post","status-publish","format-standard","has-post-thumbnail","hentry","category-comunidad"],"jetpack_featured_media_url":"https:\/\/i0.wp.com\/eltrabajo.cl\/portal\/wp-content\/uploads\/2014\/01\/ramon-berrios.jpg?fit=529%2C353&ssl=1","jetpack_sharing_enabled":true,"jetpack_likes_enabled":true,"jetpack-related-posts":[],"_links":{"self":[{"href":"https:\/\/eltrabajo.cl\/portal\/wp-json\/wp\/v2\/posts\/41668","targetHints":{"allow":["GET"]}}],"collection":[{"href":"https:\/\/eltrabajo.cl\/portal\/wp-json\/wp\/v2\/posts"}],"about":[{"href":"https:\/\/eltrabajo.cl\/portal\/wp-json\/wp\/v2\/types\/post"}],"author":[{"embeddable":true,"href":"https:\/\/eltrabajo.cl\/portal\/wp-json\/wp\/v2\/users\/482"}],"replies":[{"embeddable":true,"href":"https:\/\/eltrabajo.cl\/portal\/wp-json\/wp\/v2\/comments?post=41668"}],"version-history":[{"count":0,"href":"https:\/\/eltrabajo.cl\/portal\/wp-json\/wp\/v2\/posts\/41668\/revisions"}],"wp:featuredmedia":[{"embeddable":true,"href":"https:\/\/eltrabajo.cl\/portal\/wp-json\/wp\/v2\/media\/41669"}],"wp:attachment":[{"href":"https:\/\/eltrabajo.cl\/portal\/wp-json\/wp\/v2\/media?parent=41668"}],"wp:term":[{"taxonomy":"category","embeddable":true,"href":"https:\/\/eltrabajo.cl\/portal\/wp-json\/wp\/v2\/categories?post=41668"},{"taxonomy":"post_tag","embeddable":true,"href":"https:\/\/eltrabajo.cl\/portal\/wp-json\/wp\/v2\/tags?post=41668"}],"curies":[{"name":"wp","href":"https:\/\/api.w.org\/{rel}","templated":true}]}}