{"id":41675,"date":"2014-01-08T09:57:35","date_gmt":"2014-01-08T12:57:35","guid":{"rendered":"http:\/\/www.eltrabajo.cl\/portal\/?p=41675"},"modified":"2014-01-08T09:57:35","modified_gmt":"2014-01-08T12:57:35","slug":"obras-de-proteccion-para-la-risa-se-realizaron-en-el-canalon-de-la-verguenza","status":"publish","type":"post","link":"https:\/\/eltrabajo.cl\/portal\/obras-de-proteccion-para-la-risa-se-realizaron-en-el-canalon-de-la-verguenza\/","title":{"rendered":"Obras de protecci\u00f3n para la risa se realizaron en el \u2018Canal\u00f3n de la Verg\u00fcenza\u2019"},"content":{"rendered":"<figure id=\"attachment_41676\" aria-describedby=\"caption-attachment-41676\" style=\"width: 529px\" class=\"wp-caption alignnone\"><a href=\"https:\/\/i0.wp.com\/www.eltrabajo.cl\/portal\/wp-content\/uploads\/2014\/01\/Pamela-Palma-y-autoridades-2.jpg\"><img data-recalc-dims=\"1\" loading=\"lazy\" decoding=\"async\" class=\"size-full wp-image-41676\" title=\"El 17 de octubre pasado, las autoridades se comprometieron  con la dirigente Pamela Palma, de instalar una suerte de rejilla protectora en el canal\u00f3n. Eso finalmente no ocurri\u00f3.\" alt=\"El 17 de octubre pasado, las autoridades se comprometieron  con la dirigente Pamela Palma, de instalar una suerte de rejilla protectora en el canal\u00f3n. Eso finalmente no ocurri\u00f3.\" src=\"https:\/\/i0.wp.com\/www.eltrabajo.cl\/portal\/wp-content\/uploads\/2014\/01\/Pamela-Palma-y-autoridades-2.jpg?resize=529%2C328\" width=\"529\" height=\"328\" srcset=\"https:\/\/i0.wp.com\/eltrabajo.cl\/portal\/wp-content\/uploads\/2014\/01\/Pamela-Palma-y-autoridades-2.jpg?w=529&amp;ssl=1 529w, https:\/\/i0.wp.com\/eltrabajo.cl\/portal\/wp-content\/uploads\/2014\/01\/Pamela-Palma-y-autoridades-2.jpg?resize=200%2C124&amp;ssl=1 200w, https:\/\/i0.wp.com\/eltrabajo.cl\/portal\/wp-content\/uploads\/2014\/01\/Pamela-Palma-y-autoridades-2.jpg?resize=300%2C186&amp;ssl=1 300w, https:\/\/i0.wp.com\/eltrabajo.cl\/portal\/wp-content\/uploads\/2014\/01\/Pamela-Palma-y-autoridades-2.jpg?resize=150%2C93&amp;ssl=1 150w, https:\/\/i0.wp.com\/eltrabajo.cl\/portal\/wp-content\/uploads\/2014\/01\/Pamela-Palma-y-autoridades-2.jpg?resize=400%2C248&amp;ssl=1 400w\" sizes=\"auto, (max-width: 529px) 100vw, 529px\" \/><\/a><figcaption id=\"caption-attachment-41676\" class=\"wp-caption-text\">El 17 de octubre pasado, las autoridades se comprometieron con la dirigente Pamela Palma, de instalar una suerte de rejilla protectora en el canal\u00f3n. Eso finalmente no ocurri\u00f3.<\/figcaption><\/figure>\n<ul>\n<li><strong>Vecinos de Villa 250 A\u00f1os est\u00e1n indignados con trabajos que se realizaron, calificando la situaci\u00f3n de \u201cuna burla de la autoridad hacia nosotros\u201d. Adem\u00e1s, advirtieron que de no resolverse este tema, destruir\u00e1n ellos mismos el canal\u00f3n.<\/strong><\/li>\n<\/ul>\n<p>Pese a los buenos oficios de la Gobernadora Provincial Patricia Boffa, as\u00ed como del entonces Director de Obras Hidr\u00e1ulicas Christian V\u00e9liz, quienes hace ya casi dos meses comprometieron la realizaci\u00f3n de obras de protecci\u00f3n del canal\u00f3n que pasa por Villa 250 A\u00f1os, para evitar que ingresen y se accidenten los ni\u00f1os del sector, lo cierto es que las obras que se realizaron solo protegen la zona del sif\u00f3n, sin que se haya efectuado trabajos de protecci\u00f3n a lo largo de este conductor de agua.<\/p>\n<figure id=\"attachment_41677\" aria-describedby=\"caption-attachment-41677\" style=\"width: 370px\" class=\"wp-caption alignright\"><a href=\"https:\/\/i0.wp.com\/www.eltrabajo.cl\/portal\/wp-content\/uploads\/2014\/01\/OBRAS-CANALON-2.jpg\"><img data-recalc-dims=\"1\" loading=\"lazy\" decoding=\"async\" class=\" wp-image-41677 \" title=\"Esta es la obra que realiz\u00f3 la empresa Atacagua, que causa risa entre quienes no viven en el sector, pero indignaci\u00f3n en aquellos que s\u00ed viven en el lugar.\" alt=\"Esta es la obra que realiz\u00f3 la empresa Atacagua, que causa risa entre quienes no viven en el sector, pero indignaci\u00f3n en aquellos que s\u00ed viven en el lugar.\" src=\"https:\/\/i0.wp.com\/www.eltrabajo.cl\/portal\/wp-content\/uploads\/2014\/01\/OBRAS-CANALON-2.jpg?resize=370%2C494\" width=\"370\" height=\"494\" srcset=\"https:\/\/i0.wp.com\/eltrabajo.cl\/portal\/wp-content\/uploads\/2014\/01\/OBRAS-CANALON-2.jpg?w=529&amp;ssl=1 529w, https:\/\/i0.wp.com\/eltrabajo.cl\/portal\/wp-content\/uploads\/2014\/01\/OBRAS-CANALON-2.jpg?resize=112%2C150&amp;ssl=1 112w, https:\/\/i0.wp.com\/eltrabajo.cl\/portal\/wp-content\/uploads\/2014\/01\/OBRAS-CANALON-2.jpg?resize=224%2C300&amp;ssl=1 224w, https:\/\/i0.wp.com\/eltrabajo.cl\/portal\/wp-content\/uploads\/2014\/01\/OBRAS-CANALON-2.jpg?resize=400%2C533&amp;ssl=1 400w\" sizes=\"auto, (max-width: 370px) 100vw, 370px\" \/><\/a><figcaption id=\"caption-attachment-41677\" class=\"wp-caption-text\">Esta es la obra que realiz\u00f3 la empresa Atacagua, que causa risa entre quienes no viven en el sector, pero indignaci\u00f3n en aquellos que s\u00ed viven en el lugar.<\/figcaption><\/figure>\n<p>Las obras de protecci\u00f3n del canal\u00f3n, en la extensi\u00f3n correspondiente al sector de Villa 250 A\u00f1os, estaban a cargo de la empresa Atacagua, que es precisamente la que realiz\u00f3 el proyecto \u2013bastante pol\u00e9mico- de construcci\u00f3n de esta obra, que favorece puntualmente a la tercera secci\u00f3n del R\u00edo Aconcagua, al llevar agua de Aconcagua a esa zona.<\/p>\n<p>Si bien la autoridad provincial hab\u00eda comprometido para los primeros d\u00edas de enero la ejecuci\u00f3n de estas obras de protecci\u00f3n, lo cierto es que solo abarcan la colocaci\u00f3n de una rejilla met\u00e1lica de algunos cuantos metros, considerando ambas compuertas, con la finalidad de que los ni\u00f1os no se acerquen a ese lugar.<\/p>\n<p>De ah\u00ed que la preocupaci\u00f3n de los vecinos sigue latente, ya que lo que ellos piden es que se proteja el canal\u00f3n en el tramo de la villa.<\/p>\n<p>El problema es que seg\u00fan se tendr\u00eda presupuestado, durante la segunda quincena comenzar\u00edan a operar los pozos, lo que implica necesariamente que empezar\u00e1 a correr agua por el canal\u00f3n y de no realizarse los trabajos inicialmente comprometidos, se correr\u00e1 el riesgo de que alg\u00fan ni\u00f1o quiera ir a ba\u00f1arse a ese lugar, con el consiguiente riesgo de accidente o ahogamiento.<\/p>\n<p>La gobernadora Patricia Boffa convers\u00f3 con los encargados en la zona de la empresa Atacagua, con la finalidad de verificar el cumplimiento de los compromisos.<\/p>\n<p>Consultada sobre esta situaci\u00f3n, la autoridad manifest\u00f3 que efectivamente el compromiso de la empresa con la Direcci\u00f3n de Obras Hidr\u00e1ulicas, se limitaba a desarrollar solo estos trabajos. A\u00f1adi\u00f3 que ser\u00e1 el Seremi de Obras P\u00fablicas, Pedro Sariego, quien se referir\u00eda al tema este martes, situaci\u00f3n que al cierre de esta nota no hab\u00eda ocurrido.<\/p>\n<p>&nbsp;<\/p>\n<p><strong>VECINOS INDIGNADOS<\/strong><\/p>\n<p>Entre los vecinos de Villa 250 A\u00f1os existe enorme molestia tras conocer el resultado de los trabajos de Atacagua.<\/p>\n<p>Consultada la dirigente Pamela Palma sobre ello, manifest\u00f3 que \u201cesta es una burla, los trabajos son tan malos que incluso mi hijo menor se pudo meter por debajo de la rejilla que colocaron, as\u00ed que ni siquiera ese punto se protege, pero a nosotros nos hab\u00edan prometido otra cosa, que era colocar protecci\u00f3n a lo largo del canal\u00f3n, lo m\u00e1s que se pudiera, nos dijeron esa vez que estuvimos reunidos\u201d.<\/p>\n<p>Efectivamente, Diario El Trabajo fue testigo a mediados de octubre, cuando se produjo el desborde del canal\u00f3n y se anegaron las calles y pasajes de 250 A\u00f1os, de las conversaciones sostenidas entre el Director de Obras Hidr\u00e1ulicas, la gobernadora y Pamela Palma, adem\u00e1s de otros funcionarios de Gobierno.<\/p>\n<p>En esa ocasi\u00f3n se comprometieron trabajos de protecci\u00f3n a lo largo del canal\u00f3n, incluso en breve plazo, en tanto que al transcurrir los d\u00edas y no pasar nada, se inform\u00f3 desde la autoridad que se estaban consiguiendo los recursos para realizar esta inversi\u00f3n, ya que dados los metros que implicaba la malla o reja protectora, implicaba una demora mayor.<\/p>\n<p>Los vecinos estaban bastante tranquilos, ya que al no echarse a andar los pozos y resolverse los problemas de otros canales, no corr\u00eda agua por este conductor. Sin embargo, con la inminente puesta en funcionamiento de los pozos a mediados de mes, se teme que m\u00e1s de alguna situaci\u00f3n de riesgo se produzca.<\/p>\n<p>\u201cHace mucho calor y los ni\u00f1os quieren refrescarse. Obviamente van a ir al canal\u00f3n si por ah\u00ed pasa agua. Pero se pueden ahogar o golpear. Ese era nuestro temor, y por eso le ped\u00edamos a las autoridades que pusieran una cubierta para que no entraran\u201d, se\u00f1al\u00f3 Pamela Palma.<\/p>\n<p>Es tal la molestia de los vecinos, que la dirigente manifest\u00f3 que ya lo hab\u00edan advertido anteriormente y ahora est\u00e1n dispuestos a cumplir su palabra de destruir el canal\u00f3n si no se resuelve este tema en breve.<\/p>\n<p>\u201cLa gente ya fue a ver los trabajos y dijeron que si llega a bajar agua por el canal\u00f3n, ahora s\u00ed que lo har\u00e1n tira. Porque no hay ninguna protecci\u00f3n para los ni\u00f1os. No se hizo nada y nos sentimos pisoteados por todos lados\u201d, puntualiz\u00f3 Pamela Palma.<\/p>\n","protected":false},"excerpt":{"rendered":"<p>Vecinos de Villa 250 A\u00f1os est\u00e1n indignados con trabajos que se realizaron, calificando la situaci\u00f3n de \u201cuna burla de la autoridad hacia nosotros\u201d. Adem\u00e1s, advirtieron que de no resolverse este tema, destruir\u00e1n&#8230;<\/p>\n","protected":false},"author":482,"featured_media":41676,"comment_status":"open","ping_status":"closed","sticky":false,"template":"","format":"standard","meta":{"advanced_seo_description":"","jetpack_seo_html_title":"","jetpack_seo_noindex":false,"_jetpack_memberships_contains_paid_content":false,"footnotes":""},"categories":[1],"tags":[],"class_list":["post-41675","post","type-post","status-publish","format-standard","has-post-thumbnail","hentry","category-cronica"],"jetpack_featured_media_url":"https:\/\/i0.wp.com\/eltrabajo.cl\/portal\/wp-content\/uploads\/2014\/01\/Pamela-Palma-y-autoridades-2.jpg?fit=529%2C328&ssl=1","jetpack_sharing_enabled":true,"jetpack_likes_enabled":true,"jetpack-related-posts":[],"_links":{"self":[{"href":"https:\/\/eltrabajo.cl\/portal\/wp-json\/wp\/v2\/posts\/41675","targetHints":{"allow":["GET"]}}],"collection":[{"href":"https:\/\/eltrabajo.cl\/portal\/wp-json\/wp\/v2\/posts"}],"about":[{"href":"https:\/\/eltrabajo.cl\/portal\/wp-json\/wp\/v2\/types\/post"}],"author":[{"embeddable":true,"href":"https:\/\/eltrabajo.cl\/portal\/wp-json\/wp\/v2\/users\/482"}],"replies":[{"embeddable":true,"href":"https:\/\/eltrabajo.cl\/portal\/wp-json\/wp\/v2\/comments?post=41675"}],"version-history":[{"count":0,"href":"https:\/\/eltrabajo.cl\/portal\/wp-json\/wp\/v2\/posts\/41675\/revisions"}],"wp:featuredmedia":[{"embeddable":true,"href":"https:\/\/eltrabajo.cl\/portal\/wp-json\/wp\/v2\/media\/41676"}],"wp:attachment":[{"href":"https:\/\/eltrabajo.cl\/portal\/wp-json\/wp\/v2\/media?parent=41675"}],"wp:term":[{"taxonomy":"category","embeddable":true,"href":"https:\/\/eltrabajo.cl\/portal\/wp-json\/wp\/v2\/categories?post=41675"},{"taxonomy":"post_tag","embeddable":true,"href":"https:\/\/eltrabajo.cl\/portal\/wp-json\/wp\/v2\/tags?post=41675"}],"curies":[{"name":"wp","href":"https:\/\/api.w.org\/{rel}","templated":true}]}}