{"id":41681,"date":"2014-01-08T10:02:19","date_gmt":"2014-01-08T13:02:19","guid":{"rendered":"http:\/\/www.eltrabajo.cl\/portal\/?p=41681"},"modified":"2014-01-08T10:02:19","modified_gmt":"2014-01-08T13:02:19","slug":"colapso-de-atencion-en-san-felipe-para-ficha-de-proteccion-social","status":"publish","type":"post","link":"https:\/\/eltrabajo.cl\/portal\/colapso-de-atencion-en-san-felipe-para-ficha-de-proteccion-social\/","title":{"rendered":"Colapso de atenci\u00f3n en San Felipe para ficha de protecci\u00f3n social"},"content":{"rendered":"<figure id=\"attachment_41682\" aria-describedby=\"caption-attachment-41682\" style=\"width: 529px\" class=\"wp-caption alignnone\"><a href=\"https:\/\/i0.wp.com\/www.eltrabajo.cl\/portal\/wp-content\/uploads\/2014\/01\/Demanda-de-atencion.jpg\"><img data-recalc-dims=\"1\" loading=\"lazy\" decoding=\"async\" class=\"size-full wp-image-41682\" title=\"Gran cantidad de gente esperaba su turno para ser atendida en las oficinas de Ficha Social que se ubican en calle San Mart\u00edn, casi esquina de Traslavi\u00f1a, en San Felipe.\" alt=\"Gran cantidad de gente esperaba su turno para ser atendida en las oficinas de Ficha Social que se ubican en calle San Mart\u00edn, casi esquina de Traslavi\u00f1a, en San Felipe.\" src=\"https:\/\/i0.wp.com\/www.eltrabajo.cl\/portal\/wp-content\/uploads\/2014\/01\/Demanda-de-atencion.jpg?resize=529%2C283\" width=\"529\" height=\"283\" srcset=\"https:\/\/i0.wp.com\/eltrabajo.cl\/portal\/wp-content\/uploads\/2014\/01\/Demanda-de-atencion.jpg?w=529&amp;ssl=1 529w, https:\/\/i0.wp.com\/eltrabajo.cl\/portal\/wp-content\/uploads\/2014\/01\/Demanda-de-atencion.jpg?resize=200%2C106&amp;ssl=1 200w, https:\/\/i0.wp.com\/eltrabajo.cl\/portal\/wp-content\/uploads\/2014\/01\/Demanda-de-atencion.jpg?resize=300%2C160&amp;ssl=1 300w, https:\/\/i0.wp.com\/eltrabajo.cl\/portal\/wp-content\/uploads\/2014\/01\/Demanda-de-atencion.jpg?resize=150%2C80&amp;ssl=1 150w, https:\/\/i0.wp.com\/eltrabajo.cl\/portal\/wp-content\/uploads\/2014\/01\/Demanda-de-atencion.jpg?resize=400%2C213&amp;ssl=1 400w\" sizes=\"auto, (max-width: 529px) 100vw, 529px\" \/><\/a><figcaption id=\"caption-attachment-41682\" class=\"wp-caption-text\">Gran cantidad de gente esperaba su turno para ser atendida en las oficinas de Ficha Social que se ubican en calle San Mart\u00edn, casi esquina de Traslavi\u00f1a, en San Felipe.<\/figcaption><\/figure>\n<ul>\n<li><strong>M\u00e1s de 200 personas son atendidas los d\u00edas lunes en la oficina de Ficha Social, dependiente del municipio, lo que implica largas esperas y una sobrecarga para los cinco funcionarios que ah\u00ed atienden.<\/strong><\/li>\n<\/ul>\n<p>Los d\u00edas lunes son ca\u00f3ticos en las oficinas de Ficha Social que se ubican en calle San Mart\u00edn casi esquina de Traslavi\u00f1a en San Felipe. La demanda de atenci\u00f3n se incrementa de una manera impresionante y ese d\u00eda son m\u00e1s de 200 las personas que piden n\u00famero para solicitar ser encuestadas o bien para actualizar sus datos o pedir informes de puntaje de la Ficha de Protecci\u00f3n Social.<\/p>\n<figure id=\"attachment_41683\" aria-describedby=\"caption-attachment-41683\" style=\"width: 222px\" class=\"wp-caption alignright\"><a href=\"https:\/\/i0.wp.com\/www.eltrabajo.cl\/portal\/wp-content\/uploads\/2014\/01\/Sonia-Mancilla.jpg\"><img data-recalc-dims=\"1\" loading=\"lazy\" decoding=\"async\" class=\" wp-image-41683  \" title=\"Sonia Mancilla, encargada de la Oficina de Ficha Social de San Felipe.\" alt=\"Sonia Mancilla, encargada de la Oficina de Ficha Social de San Felipe.\" src=\"https:\/\/i0.wp.com\/www.eltrabajo.cl\/portal\/wp-content\/uploads\/2014\/01\/Sonia-Mancilla.jpg?resize=222%2C260\" width=\"222\" height=\"260\" srcset=\"https:\/\/i0.wp.com\/eltrabajo.cl\/portal\/wp-content\/uploads\/2014\/01\/Sonia-Mancilla.jpg?w=529&amp;ssl=1 529w, https:\/\/i0.wp.com\/eltrabajo.cl\/portal\/wp-content\/uploads\/2014\/01\/Sonia-Mancilla.jpg?resize=128%2C150&amp;ssl=1 128w, https:\/\/i0.wp.com\/eltrabajo.cl\/portal\/wp-content\/uploads\/2014\/01\/Sonia-Mancilla.jpg?resize=256%2C300&amp;ssl=1 256w, https:\/\/i0.wp.com\/eltrabajo.cl\/portal\/wp-content\/uploads\/2014\/01\/Sonia-Mancilla.jpg?resize=400%2C468&amp;ssl=1 400w\" sizes=\"auto, (max-width: 222px) 100vw, 222px\" \/><\/a><figcaption id=\"caption-attachment-41683\" class=\"wp-caption-text\">Sonia Mancilla, encargada de la Oficina de Ficha Social de San Felipe.<\/figcaption><\/figure>\n<p>Lamentablemente no es resorte del municipio o del alcalde ampliar el n\u00famero de d\u00edas para atender estos requerimientos, ya que por instrucciones del Ministerio de Desarrollo Social, el resto de la semana los funcionarios de esta unidad deben dedicarse exclusivamente al nuevo instrumento que mide la vulnerabilidad social de las familias, la que todav\u00eda no est\u00e1 vigente y que corresponde a la Ficha Social.<\/p>\n<p>Seg\u00fan explica Sonia Mancilla, el trabajo con la nueva ficha social ya est\u00e1 en su \u00faltima etapa, ya que se han realizado los registros de 14 mil familias en San Felipe, de un universo de 17 mil 500. El problema, es que esta ficha no est\u00e1 rigiendo todav\u00eda y por lo tanto, cualquier beneficio social al que se desee postular, significa actualizar, aplicar encuesta o pedir puntaje de la ficha de protecci\u00f3n social, que es en definitiva, la que sigue vigente en el pa\u00eds.<\/p>\n<p>\u201cLa molestia de la gente tiene que ver con que la atenci\u00f3n para Ficha de Protecci\u00f3n Social es solo el d\u00eda lunes y esa es una orden del Ministerio de Desarrollo Social, no tiene que ver con el municipio. Ac\u00e1 el d\u00eda lunes colapsa la atenci\u00f3n, mientras que de martes a viernes tenemos que dedicarnos netamente al cuestionario nuevo y solamente protecci\u00f3n social el d\u00eda lunes. Es as\u00ed que ese d\u00eda llegamos a atender entre 250 y 270 personas\u201d, explic\u00f3 la encargada de Ficha Social, Sonia Mancilla.<\/p>\n<p>El horario de atenci\u00f3n de esta unidad es de 08.00 a 13.00 horas, sin embargo, los d\u00edas lunes, los cinco funcionarios que trabajan ah\u00ed, llegada la hora de cese de atenci\u00f3n, cierran las puertas y se quedan con la gente que ha solicitado n\u00famero. Esto significa que est\u00e1n hasta pasadas las 16.00 horas, con el desgaste que ello implica para cada trabajador, como asimismo tambi\u00e9n para las personas que esperan su turno de ser atendidos.<\/p>\n<p>&nbsp;<\/p>\n<p><strong>FICHA SOCIAL<\/strong><\/p>\n<p>En cuanto a la nueva ficha social, Sonia Mancilla manifest\u00f3 que si bien han sido varias las fechas que se han entregado desde el Gobierno para su puesta en vigencia, esto todav\u00eda no ocurre y es as\u00ed que en la actualidad, la administraci\u00f3n de Sebasti\u00e1n Pi\u00f1era ha dispuesto dejar la puesta en vigencia al gobierno de Michelle Bachelet.<\/p>\n<p>Esto significa que hasta marzo seguir\u00e1 rigiendo la antigua ficha (FPS), aun cuando los puntajes est\u00e1n congelados desde el a\u00f1o pasado. Solo tienen derecho a asignaci\u00f3n de puntaje, aquellas personas que no han sido encuestadas.<\/p>\n<p>Sonia Mancilla manifest\u00f3 que para el caso de la ficha social, hay muchas personas que se han cambiado de domicilio y a ellas llam\u00f3 para que se acerquen a la oficina a entregar sus datos y as\u00ed se les pueda aplicar este nuevo instrumento.<\/p>\n<p>&nbsp;<\/p>\n","protected":false},"excerpt":{"rendered":"<p>M\u00e1s de 200 personas son atendidas los d\u00edas lunes en la oficina de Ficha Social, dependiente del municipio, lo que implica largas esperas y una sobrecarga para los cinco funcionarios que ah\u00ed&#8230;<\/p>\n","protected":false},"author":482,"featured_media":41682,"comment_status":"open","ping_status":"closed","sticky":false,"template":"","format":"standard","meta":{"advanced_seo_description":"","jetpack_seo_html_title":"","jetpack_seo_noindex":false,"_jetpack_memberships_contains_paid_content":false,"footnotes":""},"categories":[1],"tags":[],"class_list":["post-41681","post","type-post","status-publish","format-standard","has-post-thumbnail","hentry","category-cronica"],"jetpack_featured_media_url":"https:\/\/i0.wp.com\/eltrabajo.cl\/portal\/wp-content\/uploads\/2014\/01\/Demanda-de-atencion.jpg?fit=529%2C283&ssl=1","jetpack_sharing_enabled":true,"jetpack_likes_enabled":true,"jetpack-related-posts":[],"_links":{"self":[{"href":"https:\/\/eltrabajo.cl\/portal\/wp-json\/wp\/v2\/posts\/41681","targetHints":{"allow":["GET"]}}],"collection":[{"href":"https:\/\/eltrabajo.cl\/portal\/wp-json\/wp\/v2\/posts"}],"about":[{"href":"https:\/\/eltrabajo.cl\/portal\/wp-json\/wp\/v2\/types\/post"}],"author":[{"embeddable":true,"href":"https:\/\/eltrabajo.cl\/portal\/wp-json\/wp\/v2\/users\/482"}],"replies":[{"embeddable":true,"href":"https:\/\/eltrabajo.cl\/portal\/wp-json\/wp\/v2\/comments?post=41681"}],"version-history":[{"count":0,"href":"https:\/\/eltrabajo.cl\/portal\/wp-json\/wp\/v2\/posts\/41681\/revisions"}],"wp:featuredmedia":[{"embeddable":true,"href":"https:\/\/eltrabajo.cl\/portal\/wp-json\/wp\/v2\/media\/41682"}],"wp:attachment":[{"href":"https:\/\/eltrabajo.cl\/portal\/wp-json\/wp\/v2\/media?parent=41681"}],"wp:term":[{"taxonomy":"category","embeddable":true,"href":"https:\/\/eltrabajo.cl\/portal\/wp-json\/wp\/v2\/categories?post=41681"},{"taxonomy":"post_tag","embeddable":true,"href":"https:\/\/eltrabajo.cl\/portal\/wp-json\/wp\/v2\/tags?post=41681"}],"curies":[{"name":"wp","href":"https:\/\/api.w.org\/{rel}","templated":true}]}}