{"id":41723,"date":"2014-01-09T10:21:00","date_gmt":"2014-01-09T13:21:00","guid":{"rendered":"http:\/\/www.eltrabajo.cl\/portal\/?p=41723"},"modified":"2014-01-09T10:21:00","modified_gmt":"2014-01-09T13:21:00","slug":"concejo-recibio-a-vecinos-de-piguchen-para-conocer-criticas-hacia-carabineros","status":"publish","type":"post","link":"https:\/\/eltrabajo.cl\/portal\/concejo-recibio-a-vecinos-de-piguchen-para-conocer-criticas-hacia-carabineros\/","title":{"rendered":"Concejo recibi\u00f3 a vecinos de Piguch\u00e9n para conocer cr\u00edticas hacia Carabineros"},"content":{"rendered":"<figure id=\"attachment_41724\" aria-describedby=\"caption-attachment-41724\" style=\"width: 528px\" class=\"wp-caption alignnone\"><a href=\"https:\/\/i0.wp.com\/www.eltrabajo.cl\/portal\/wp-content\/uploads\/2014\/01\/Concejo1.jpg\"><img data-recalc-dims=\"1\" loading=\"lazy\" decoding=\"async\" class=\"size-full wp-image-41724\" title=\"Vecinos del sector Piguch\u00e9n fueron recibidos por el Concejo Municipal en Pleno, donde los vecinos reiteraron sus cr\u00edticas hacia el actuar de Carabineros de Putaendo en los \u00faltimos hechos ocurridos en el sector.\" alt=\"Vecinos del sector Piguch\u00e9n fueron recibidos por el Concejo Municipal en Pleno, donde los vecinos reiteraron sus cr\u00edticas hacia el actuar de Carabineros de Putaendo en los \u00faltimos hechos ocurridos en el sector.\" src=\"https:\/\/i0.wp.com\/www.eltrabajo.cl\/portal\/wp-content\/uploads\/2014\/01\/Concejo1.jpg?resize=528%2C282\" width=\"528\" height=\"282\" srcset=\"https:\/\/i0.wp.com\/eltrabajo.cl\/portal\/wp-content\/uploads\/2014\/01\/Concejo1.jpg?w=528&amp;ssl=1 528w, https:\/\/i0.wp.com\/eltrabajo.cl\/portal\/wp-content\/uploads\/2014\/01\/Concejo1.jpg?resize=200%2C106&amp;ssl=1 200w, https:\/\/i0.wp.com\/eltrabajo.cl\/portal\/wp-content\/uploads\/2014\/01\/Concejo1.jpg?resize=300%2C160&amp;ssl=1 300w, https:\/\/i0.wp.com\/eltrabajo.cl\/portal\/wp-content\/uploads\/2014\/01\/Concejo1.jpg?resize=150%2C80&amp;ssl=1 150w, https:\/\/i0.wp.com\/eltrabajo.cl\/portal\/wp-content\/uploads\/2014\/01\/Concejo1.jpg?resize=400%2C213&amp;ssl=1 400w\" sizes=\"auto, (max-width: 528px) 100vw, 528px\" \/><\/a><figcaption id=\"caption-attachment-41724\" class=\"wp-caption-text\">Vecinos del sector Piguch\u00e9n fueron recibidos por el Concejo Municipal en Pleno, donde los vecinos reiteraron sus cr\u00edticas hacia el actuar de Carabineros de Putaendo en los \u00faltimos hechos ocurridos en el sector.<\/figcaption><\/figure>\n<p><strong>PUTAENDO.<\/strong>&#8211; Un grupo de vecinos del sector Piguch\u00e9n, encabezados por el ex alcalde de Putaendo, Julio Calder\u00f3n, fueron recibidos por el Concejo Municipal en pleno donde los vecinos reiteraron sus cr\u00edticas hacia el actuar de Carabineros de Putaendo en los \u00faltimos hechos ocurridos en el sector.<\/p>\n<p>El ex alcalde Calder\u00f3n narr\u00f3 detenidamente los hechos al Concejo Municipal y dijo que es muy respetuoso del accionar y del rol que cumple Carabineros, pero claramente indic\u00f3 que no se puede dejar pasar esta situaci\u00f3n, pues asegur\u00f3 que Carabineros excedi\u00f3 sus atribuciones al detener sin justificaci\u00f3n a algunos vecinos y ocupar el exceso de violencia, adem\u00e1s de se\u00f1alar que a ra\u00edz de esta situaci\u00f3n no se puede permitir que Piguch\u00e9n sea estigmatizado y comparado con algunas poblaciones de la ciudad de San Felipe, pues manifest\u00f3 que lo ocurrido en el sector, fue una situaci\u00f3n provocada por el mal manejo del personal policial y no porque los vecinos sean delincuentes o malas personas.<\/p>\n<p>Calder\u00f3n solicit\u00f3 al Concejo Municipal que pida a la fiscal\u00eda y al Mando de Carabineros, una investigaci\u00f3n para determinar responsabilidades y si la situaci\u00f3n as\u00ed lo amerita, pidi\u00f3 a los ediles que en su rol pol\u00edtico-administrativo y como los encargados de velar por el orden p\u00fablico, presenten acciones legales en contra de Carabineros.<\/p>\n<p>Los vecinos presentes narraron detenidamente al alcalde y al Concejo Municipal las situaciones vividas, ante lo cual el Alcalde Guillermo Reyes, luego de generar un consenso con los concejales, determin\u00f3 que formalmente pedir\u00e1n una reuni\u00f3n con la Prefectura de Carabineros en dependencias del Concejo Municipal para plantear sus dudas e inquietudes adem\u00e1s de recibir una versi\u00f3n detallada por parte de la instituci\u00f3n policial, adem\u00e1s el Concejo Municipal acord\u00f3 que solicitar\u00e1n encarecidamente que sea el prefecto de Carabineros de San Felipe el que acuda a reunirse con los ediles y si eventualmente env\u00edan otro oficial de menor rango, no ser\u00e1 recibido por acuerdo un\u00e1nime del Concejo Municipal de Putaendo, a lo que se sumar\u00e1 una consulta al abogado municipal para analizar en detalle la petici\u00f3n hecha por el ex alcalde Calder\u00f3n, en cuanto a presentar una demanda en tribunales, dependiendo de los antecedentes que los ediles est\u00e1n recopilando sobre los hechos ocurridos en Piguch\u00e9n.<\/p>\n<p>Patricio Gallardo M.<\/p>\n<p>&nbsp;<\/p>\n","protected":false},"excerpt":{"rendered":"<p>PUTAENDO.&#8211; Un grupo de vecinos del sector Piguch\u00e9n, encabezados por el ex alcalde de Putaendo, Julio Calder\u00f3n, fueron recibidos por el Concejo Municipal en pleno donde los vecinos reiteraron sus cr\u00edticas hacia&#8230;<\/p>\n","protected":false},"author":482,"featured_media":41724,"comment_status":"open","ping_status":"closed","sticky":false,"template":"","format":"standard","meta":{"advanced_seo_description":"","jetpack_seo_html_title":"","jetpack_seo_noindex":false,"_jetpack_memberships_contains_paid_content":false,"footnotes":""},"categories":[15],"tags":[],"class_list":["post-41723","post","type-post","status-publish","format-standard","has-post-thumbnail","hentry","category-comunidad"],"jetpack_featured_media_url":"https:\/\/i0.wp.com\/eltrabajo.cl\/portal\/wp-content\/uploads\/2014\/01\/Concejo1.jpg?fit=528%2C282&ssl=1","jetpack_sharing_enabled":true,"jetpack_likes_enabled":true,"jetpack-related-posts":[],"_links":{"self":[{"href":"https:\/\/eltrabajo.cl\/portal\/wp-json\/wp\/v2\/posts\/41723","targetHints":{"allow":["GET"]}}],"collection":[{"href":"https:\/\/eltrabajo.cl\/portal\/wp-json\/wp\/v2\/posts"}],"about":[{"href":"https:\/\/eltrabajo.cl\/portal\/wp-json\/wp\/v2\/types\/post"}],"author":[{"embeddable":true,"href":"https:\/\/eltrabajo.cl\/portal\/wp-json\/wp\/v2\/users\/482"}],"replies":[{"embeddable":true,"href":"https:\/\/eltrabajo.cl\/portal\/wp-json\/wp\/v2\/comments?post=41723"}],"version-history":[{"count":0,"href":"https:\/\/eltrabajo.cl\/portal\/wp-json\/wp\/v2\/posts\/41723\/revisions"}],"wp:featuredmedia":[{"embeddable":true,"href":"https:\/\/eltrabajo.cl\/portal\/wp-json\/wp\/v2\/media\/41724"}],"wp:attachment":[{"href":"https:\/\/eltrabajo.cl\/portal\/wp-json\/wp\/v2\/media?parent=41723"}],"wp:term":[{"taxonomy":"category","embeddable":true,"href":"https:\/\/eltrabajo.cl\/portal\/wp-json\/wp\/v2\/categories?post=41723"},{"taxonomy":"post_tag","embeddable":true,"href":"https:\/\/eltrabajo.cl\/portal\/wp-json\/wp\/v2\/tags?post=41723"}],"curies":[{"name":"wp","href":"https:\/\/api.w.org\/{rel}","templated":true}]}}