{"id":41726,"date":"2014-01-09T10:22:26","date_gmt":"2014-01-09T13:22:26","guid":{"rendered":"http:\/\/www.eltrabajo.cl\/portal\/?p=41726"},"modified":"2014-01-09T10:22:26","modified_gmt":"2014-01-09T13:22:26","slug":"vecinos-de-los-patos-califican-como-critica-situacion-por-falta-de-agua","status":"publish","type":"post","link":"https:\/\/eltrabajo.cl\/portal\/vecinos-de-los-patos-califican-como-critica-situacion-por-falta-de-agua\/","title":{"rendered":"Vecinos de Los Patos califican como \u2018Cr\u00edtica\u2019 situaci\u00f3n por falta de agua"},"content":{"rendered":"<figure id=\"attachment_41727\" aria-describedby=\"caption-attachment-41727\" style=\"width: 529px\" class=\"wp-caption alignnone\"><a href=\"https:\/\/i0.wp.com\/www.eltrabajo.cl\/portal\/wp-content\/uploads\/2014\/01\/Patos1.jpg\"><img data-recalc-dims=\"1\" loading=\"lazy\" decoding=\"async\" class=\"size-full wp-image-41727\" title=\"CRISIS.- Nuevamente los vecinos del sector Los Patos, realizaron cr\u00edticas a la Direcci\u00f3n de Obras Hidr\u00e1ulicas y a la Gobernaci\u00f3n Provincial, en lo que calificaron como una insoportable situaci\u00f3n ante la falta de agua potable.\" alt=\"CRISIS.- Nuevamente los vecinos del sector Los Patos, realizaron cr\u00edticas a la Direcci\u00f3n de Obras Hidr\u00e1ulicas y a la Gobernaci\u00f3n Provincial, en lo que calificaron como una insoportable situaci\u00f3n ante la falta de agua potable.\" src=\"https:\/\/i0.wp.com\/www.eltrabajo.cl\/portal\/wp-content\/uploads\/2014\/01\/Patos1.jpg?resize=529%2C353\" width=\"529\" height=\"353\" srcset=\"https:\/\/i0.wp.com\/eltrabajo.cl\/portal\/wp-content\/uploads\/2014\/01\/Patos1.jpg?w=529&amp;ssl=1 529w, https:\/\/i0.wp.com\/eltrabajo.cl\/portal\/wp-content\/uploads\/2014\/01\/Patos1.jpg?resize=200%2C133&amp;ssl=1 200w, https:\/\/i0.wp.com\/eltrabajo.cl\/portal\/wp-content\/uploads\/2014\/01\/Patos1.jpg?resize=300%2C200&amp;ssl=1 300w, https:\/\/i0.wp.com\/eltrabajo.cl\/portal\/wp-content\/uploads\/2014\/01\/Patos1.jpg?resize=150%2C100&amp;ssl=1 150w, https:\/\/i0.wp.com\/eltrabajo.cl\/portal\/wp-content\/uploads\/2014\/01\/Patos1.jpg?resize=400%2C266&amp;ssl=1 400w\" sizes=\"auto, (max-width: 529px) 100vw, 529px\" \/><\/a><figcaption id=\"caption-attachment-41727\" class=\"wp-caption-text\">CRISIS.- Nuevamente los vecinos del sector Los Patos, realizaron cr\u00edticas a la Direcci\u00f3n de Obras Hidr\u00e1ulicas y a la Gobernaci\u00f3n Provincial, en lo que calificaron como una insoportable situaci\u00f3n ante la falta de agua potable.<\/figcaption><\/figure>\n<p><strong>PUTAENDO.-<\/strong> Nuevamente los vecinos del sector Los Patos realizaron cr\u00edticas a la Direcci\u00f3n de Obras Hidr\u00e1ulicas y a la Gobernaci\u00f3n Provincial, en lo que calificaron como una insoportable situaci\u00f3n ante la falta de agua potable.<\/p>\n<p>Rosa Silva, Presidente de la Junta de Vecinos del sector, dijo que hace cinco d\u00edas que no tienen agua, lo que se agrava a\u00fan m\u00e1s pues aseguran que ni siquiera hay agua en el canal debido a los turnos de los regantes, lo que incluso imposibilita que puedan sacar agua para el ba\u00f1o y que durante el fin de semana la situaci\u00f3n fue ca\u00f3tica, sumado a las altas temperaturas.<\/p>\n<p>La dirigente agreg\u00f3 que es tal la desesperaci\u00f3n de los vecinos, que incluso le pidieron al operador del APR de Los Patos que cortara el agua para Casablanca para poder tener el vital elemento, y que esa fue la \u00fanica manera posible para que este mi\u00e9rcoles pudieran tener agua en sus casas. Adem\u00e1s indic\u00f3 que le parece irrisorio y hasta burlesco que desde la Gobernaci\u00f3n est\u00e9n pidiendo ser m\u00e1s solidarios con los vecinos de Casablanca y que junten agua en tambores, e indic\u00f3 que la situaci\u00f3n ya no da para m\u00e1s, que de no haber una soluci\u00f3n en los pr\u00f3ximos d\u00edas, definitivamente se tomar\u00e1n con barricadas el camino que conduce hacia el sector Los Patos para terminar con tres a\u00f1os de sufrimiento debido a lo que calific\u00f3 como el mal manejo de la DOH en el tema del agua potable.<\/p>\n<p>Por su parte el Operador del APR de Los Patos, Pedro Ahumada, solicit\u00f3 que lo acompa\u00f1\u00e1ramos hasta la planta del APR, donde nos mostr\u00f3 que al abrir la v\u00e1lvula de paso que conduce el agua hacia Casablanca, \u00e9sta sale con bastante fuerza y con mucha presi\u00f3n, y prueba de ello es que el reloj que marca gira bastante r\u00e1pido, pero al hacer la misma operaci\u00f3n con el ducto que conduce el agua para los vecinos de Los Patos, el reloj pr\u00e1cticamente no gira y es muy poco el l\u00edquido que sale, lo que se traduce en que, por ejemplo, hoy la presi\u00f3n del agua no es capaz de subir los 15 metros que tiene la copa para llenarse y luego distribuir el agua, por lo que el operador se\u00f1al\u00f3 que en este momento el agua est\u00e1 en forma directa y que si dan el agua para Casablanca, los vecinos de Los Patos quedar\u00e1n sin el vital elemento, agregando que esto obedece a la intervenci\u00f3n que realiz\u00f3 la DOH entre los meses de octubre y noviembre del a\u00f1o pasado, con la finalidad de darle m\u00e1s presi\u00f3n de agua a la gente de Casablanca, pero que ocasion\u00f3 un problema que hasta hoy no tiene soluci\u00f3n.<\/p>\n<p>Junto a los dirigentes acudimos hasta la parte alta del estero El Chalaco, donde se produce la captaci\u00f3n del agua, y a pesar que efectivamente el caudal del estero ha disminuido, el inconveniente no es precisamente ese y seg\u00fan se\u00f1al\u00f3 Pedro Ahumada, esto obedece a que la DOH ha hecho mal el trabajo y en tres a\u00f1os no han sido capaces de encontrar el problema que ellos mismos ocasionaron, indicando que sabe que los vecinos de Casablanca quedar\u00e1n sin agua, pero que lamentablemente tienen que velar por los vecinos de Los Patos, siendo enf\u00e1tico en se\u00f1alar que este no es un problema de la gente de Los Patos contra los vecinos de Casablanca, pero lamenta que la Gobernaci\u00f3n Provincial diga que est\u00e1 todo bien, cuando la realidad es totalmente distinta.<\/p>\n<p>Sobre este tema, el Alcalde Guillermo Reyes y a nombre del Concejo Municipal, dijo que si los vecinos de Los Patos se toman el camino, los concejales y \u00e9l como alcalde ser\u00e1n los primeros en apoyar esta medida, agregando que lo que era un sue\u00f1o para los vecinos de Los Patos y Casablanca, se ha transformado en un calvario y que en tres a\u00f1os la DOH no ha sido capaz de solucionar el problema para ambos sectores, por lo que no comprende c\u00f3mo m\u00e1s de $500.000.000 que se invirtieron para este APR, no han solucionado de verdad el problema. Por todo ello pidi\u00f3 a la Gobernaci\u00f3n y a la DOH terminar con las reuniones con los vecinos, a los cuales se les dan explicaciones y mejoras y que la DOH env\u00ede t\u00e9cnicos de alto nivel que solucionen de una vez por todas este inconveniente, pues asegur\u00f3 que la gente ya no cree en reuniones ni en las palabras de las autoridades de gobierno.<\/p>\n<p>En este sentido, Reyes dijo que la Gobernadora Boffa le pidi\u00f3 mandar un cami\u00f3n a repartir agua, el cual fue enviado, pero se enfrenta al problema que muchas viviendas est\u00e1n ubicadas en lugares inaccesibles para el cami\u00f3n municipal, por lo que reiter\u00f3 el llamado a solucionar ahora el problema y no con declaraciones p\u00fablicas ni reuniones, sino con t\u00e9cnicos especialistas en la materia.<\/p>\n<p>Diario El Trabajo estuvo en el sector Los Patos, acompa\u00f1amos a vecinos y dirigentes y pudimos comprobar en terreno, que efectivamente hay un problema entre el agua que se env\u00eda a Casablanca y el que se env\u00eda a Los Patos y podemos dar fe que hay un inconveniente que no ha sido solucionado a pesar que en el \u00faltimo reportaje realizado, horas posteriores, autoridades de gobierno en la provincia se\u00f1alaron que la situaci\u00f3n estaba solucionada, lo que es totalmente distinto a lo que plantean los vecinos de Los Patos.<\/p>\n<p>Patricio Gallardo M.<\/p>\n<p>&nbsp;<\/p>\n","protected":false},"excerpt":{"rendered":"<p>PUTAENDO.- Nuevamente los vecinos del sector Los Patos realizaron cr\u00edticas a la Direcci\u00f3n de Obras Hidr\u00e1ulicas y a la Gobernaci\u00f3n Provincial, en lo que calificaron como una insoportable situaci\u00f3n ante la falta&#8230;<\/p>\n","protected":false},"author":482,"featured_media":41727,"comment_status":"open","ping_status":"closed","sticky":false,"template":"","format":"standard","meta":{"advanced_seo_description":"","jetpack_seo_html_title":"","jetpack_seo_noindex":false,"_jetpack_memberships_contains_paid_content":false,"footnotes":""},"categories":[15],"tags":[],"class_list":["post-41726","post","type-post","status-publish","format-standard","has-post-thumbnail","hentry","category-comunidad"],"jetpack_featured_media_url":"https:\/\/i0.wp.com\/eltrabajo.cl\/portal\/wp-content\/uploads\/2014\/01\/Patos1.jpg?fit=529%2C353&ssl=1","jetpack_sharing_enabled":true,"jetpack_likes_enabled":true,"jetpack-related-posts":[],"_links":{"self":[{"href":"https:\/\/eltrabajo.cl\/portal\/wp-json\/wp\/v2\/posts\/41726","targetHints":{"allow":["GET"]}}],"collection":[{"href":"https:\/\/eltrabajo.cl\/portal\/wp-json\/wp\/v2\/posts"}],"about":[{"href":"https:\/\/eltrabajo.cl\/portal\/wp-json\/wp\/v2\/types\/post"}],"author":[{"embeddable":true,"href":"https:\/\/eltrabajo.cl\/portal\/wp-json\/wp\/v2\/users\/482"}],"replies":[{"embeddable":true,"href":"https:\/\/eltrabajo.cl\/portal\/wp-json\/wp\/v2\/comments?post=41726"}],"version-history":[{"count":0,"href":"https:\/\/eltrabajo.cl\/portal\/wp-json\/wp\/v2\/posts\/41726\/revisions"}],"wp:featuredmedia":[{"embeddable":true,"href":"https:\/\/eltrabajo.cl\/portal\/wp-json\/wp\/v2\/media\/41727"}],"wp:attachment":[{"href":"https:\/\/eltrabajo.cl\/portal\/wp-json\/wp\/v2\/media?parent=41726"}],"wp:term":[{"taxonomy":"category","embeddable":true,"href":"https:\/\/eltrabajo.cl\/portal\/wp-json\/wp\/v2\/categories?post=41726"},{"taxonomy":"post_tag","embeddable":true,"href":"https:\/\/eltrabajo.cl\/portal\/wp-json\/wp\/v2\/tags?post=41726"}],"curies":[{"name":"wp","href":"https:\/\/api.w.org\/{rel}","templated":true}]}}