{"id":41729,"date":"2014-01-09T10:25:44","date_gmt":"2014-01-09T13:25:44","guid":{"rendered":"http:\/\/www.eltrabajo.cl\/portal\/?p=41729"},"modified":"2014-01-09T10:25:44","modified_gmt":"2014-01-09T13:25:44","slug":"concejal-muena-solicita-plan-de-trabajo-para-erradicar-micro-basurales","status":"publish","type":"post","link":"https:\/\/eltrabajo.cl\/portal\/concejal-muena-solicita-plan-de-trabajo-para-erradicar-micro-basurales\/","title":{"rendered":"Concejal Muena solicita plan de trabajo para erradicar micro-basurales"},"content":{"rendered":"<figure id=\"attachment_41730\" aria-describedby=\"caption-attachment-41730\" style=\"width: 317px\" class=\"wp-caption alignleft\"><a href=\"https:\/\/i0.wp.com\/www.eltrabajo.cl\/portal\/wp-content\/uploads\/2014\/01\/Basilio-Muena-41.jpg\"><img data-recalc-dims=\"1\" loading=\"lazy\" decoding=\"async\" class=\" wp-image-41730 \" title=\"Basilio Muena, Concejal de San Felipe.\" alt=\"Basilio Muena, Concejal de San Felipe.\" src=\"https:\/\/i0.wp.com\/www.eltrabajo.cl\/portal\/wp-content\/uploads\/2014\/01\/Basilio-Muena-41.jpg?resize=317%2C322\" width=\"317\" height=\"322\" srcset=\"https:\/\/i0.wp.com\/eltrabajo.cl\/portal\/wp-content\/uploads\/2014\/01\/Basilio-Muena-41.jpg?w=529&amp;ssl=1 529w, https:\/\/i0.wp.com\/eltrabajo.cl\/portal\/wp-content\/uploads\/2014\/01\/Basilio-Muena-41.jpg?resize=148%2C150&amp;ssl=1 148w, https:\/\/i0.wp.com\/eltrabajo.cl\/portal\/wp-content\/uploads\/2014\/01\/Basilio-Muena-41.jpg?resize=296%2C300&amp;ssl=1 296w, https:\/\/i0.wp.com\/eltrabajo.cl\/portal\/wp-content\/uploads\/2014\/01\/Basilio-Muena-41.jpg?resize=400%2C405&amp;ssl=1 400w\" sizes=\"auto, (max-width: 317px) 100vw, 317px\" \/><\/a><figcaption id=\"caption-attachment-41730\" class=\"wp-caption-text\">Basilio Muena, Concejal de San Felipe.<\/figcaption><\/figure>\n<p>El concejal falangista este martes en Concejo Municipal, record\u00f3 que existe un compromiso adquirido con la comunidad del sector para poder desarrollar un plan de trabajo integral. Se comprometi\u00f3 una fecha para presentar una propuesta por parte de la Dideco para que este departamento municipal, lograra coordinar los departamentos municipales y programas gubernamentales en beneficio de la gente de trabajo y esfuerzo del sector. No nos podemos quedar s\u00f3lo con las buenas intenciones en este sector se necesita trabajar principalmente por los ni\u00f1os y gente de esfuerzo y trabajo, que es lejos la mayor\u00eda de vecinos que viven en el sector y no merecen ser estigmatizados.<\/p>\n<p>La importancia de un plan de trabajo, es realmente poder generar un impacto positivo ya que puede haber muchas buenas intenciones y de hecho las hay pero al desarrollarse de forma aislada lamentablemente se diluyen r\u00e1pidamente. En el mismo Concejo, Muena solicit\u00f3 la limpieza de micro-basurales en que se multiplican r\u00e1pidamente. \u00abEn este tema, adem\u00e1s de retirar los escombros y basura, debemos tratar de transformar los espacio, pongo el ejemplo de lo que ocurre El Se\u00f1orial. Estuve en terreno junto a los vecinos y en la misma plaza se arrojan basura. Hay que recuperar ese espacio con \u00e1reas verdes y juegos infantiles que, Ojo. los hay pero en p\u00e9simas condiciones\u00bb, se\u00f1al\u00f3 el edil. Esto ocurre en este sector y en muchos otros de la comuna pero adem\u00e1s de la labor y gesti\u00f3n municipal se necesita el compromiso de los vecinos para mantener la ciudad m\u00e1s limpia.<\/p>\n<p>&nbsp;<\/p>\n","protected":false},"excerpt":{"rendered":"<p>El concejal falangista este martes en Concejo Municipal, record\u00f3 que existe un compromiso adquirido con la comunidad del sector para poder desarrollar un plan de trabajo integral. Se comprometi\u00f3 una fecha para&#8230;<\/p>\n","protected":false},"author":482,"featured_media":41730,"comment_status":"open","ping_status":"closed","sticky":false,"template":"","format":"standard","meta":{"advanced_seo_description":"","jetpack_seo_html_title":"","jetpack_seo_noindex":false,"_jetpack_memberships_contains_paid_content":false,"footnotes":""},"categories":[1],"tags":[],"class_list":["post-41729","post","type-post","status-publish","format-standard","has-post-thumbnail","hentry","category-cronica"],"jetpack_featured_media_url":"https:\/\/i0.wp.com\/eltrabajo.cl\/portal\/wp-content\/uploads\/2014\/01\/Basilio-Muena-41.jpg?fit=529%2C536&ssl=1","jetpack_sharing_enabled":true,"jetpack_likes_enabled":true,"jetpack-related-posts":[],"_links":{"self":[{"href":"https:\/\/eltrabajo.cl\/portal\/wp-json\/wp\/v2\/posts\/41729","targetHints":{"allow":["GET"]}}],"collection":[{"href":"https:\/\/eltrabajo.cl\/portal\/wp-json\/wp\/v2\/posts"}],"about":[{"href":"https:\/\/eltrabajo.cl\/portal\/wp-json\/wp\/v2\/types\/post"}],"author":[{"embeddable":true,"href":"https:\/\/eltrabajo.cl\/portal\/wp-json\/wp\/v2\/users\/482"}],"replies":[{"embeddable":true,"href":"https:\/\/eltrabajo.cl\/portal\/wp-json\/wp\/v2\/comments?post=41729"}],"version-history":[{"count":0,"href":"https:\/\/eltrabajo.cl\/portal\/wp-json\/wp\/v2\/posts\/41729\/revisions"}],"wp:featuredmedia":[{"embeddable":true,"href":"https:\/\/eltrabajo.cl\/portal\/wp-json\/wp\/v2\/media\/41730"}],"wp:attachment":[{"href":"https:\/\/eltrabajo.cl\/portal\/wp-json\/wp\/v2\/media?parent=41729"}],"wp:term":[{"taxonomy":"category","embeddable":true,"href":"https:\/\/eltrabajo.cl\/portal\/wp-json\/wp\/v2\/categories?post=41729"},{"taxonomy":"post_tag","embeddable":true,"href":"https:\/\/eltrabajo.cl\/portal\/wp-json\/wp\/v2\/tags?post=41729"}],"curies":[{"name":"wp","href":"https:\/\/api.w.org\/{rel}","templated":true}]}}