{"id":41734,"date":"2014-01-09T10:26:54","date_gmt":"2014-01-09T13:26:54","guid":{"rendered":"http:\/\/www.eltrabajo.cl\/portal\/?p=41734"},"modified":"2014-01-09T10:26:54","modified_gmt":"2014-01-09T13:26:54","slug":"boffa-coincide-con-vecinos-en-que-trabajos-del-canalon-son-una-burla","status":"publish","type":"post","link":"https:\/\/eltrabajo.cl\/portal\/boffa-coincide-con-vecinos-en-que-trabajos-del-canalon-son-una-burla\/","title":{"rendered":"Boffa coincide con vecinos en que trabajos del canal\u00f3n \u2018son una burla\u2019"},"content":{"rendered":"<figure id=\"attachment_41735\" aria-describedby=\"caption-attachment-41735\" style=\"width: 317px\" class=\"wp-caption alignleft\"><a href=\"https:\/\/i0.wp.com\/www.eltrabajo.cl\/portal\/wp-content\/uploads\/2014\/01\/Gobernadora-Patricia-Boffa.jpg\"><img data-recalc-dims=\"1\" loading=\"lazy\" decoding=\"async\" class=\" wp-image-41735 \" title=\"Patricia Boffa, Gobernadora de San Felipe, dijo que no corresponder\u00eda que comiencen a funcionar los pozos, si no est\u00e1 protegido el canal\u00f3n.\" alt=\"Patricia Boffa, Gobernadora de San Felipe, dijo que no corresponder\u00eda que comiencen a funcionar los pozos, si no est\u00e1 protegido el canal\u00f3n.\" src=\"https:\/\/i0.wp.com\/www.eltrabajo.cl\/portal\/wp-content\/uploads\/2014\/01\/Gobernadora-Patricia-Boffa.jpg?resize=317%2C212\" width=\"317\" height=\"212\" srcset=\"https:\/\/i0.wp.com\/eltrabajo.cl\/portal\/wp-content\/uploads\/2014\/01\/Gobernadora-Patricia-Boffa.jpg?w=529&amp;ssl=1 529w, https:\/\/i0.wp.com\/eltrabajo.cl\/portal\/wp-content\/uploads\/2014\/01\/Gobernadora-Patricia-Boffa.jpg?resize=200%2C133&amp;ssl=1 200w, https:\/\/i0.wp.com\/eltrabajo.cl\/portal\/wp-content\/uploads\/2014\/01\/Gobernadora-Patricia-Boffa.jpg?resize=300%2C200&amp;ssl=1 300w, https:\/\/i0.wp.com\/eltrabajo.cl\/portal\/wp-content\/uploads\/2014\/01\/Gobernadora-Patricia-Boffa.jpg?resize=150%2C100&amp;ssl=1 150w, https:\/\/i0.wp.com\/eltrabajo.cl\/portal\/wp-content\/uploads\/2014\/01\/Gobernadora-Patricia-Boffa.jpg?resize=400%2C266&amp;ssl=1 400w\" sizes=\"auto, (max-width: 317px) 100vw, 317px\" \/><\/a><figcaption id=\"caption-attachment-41735\" class=\"wp-caption-text\">Patricia Boffa, Gobernadora de San Felipe, dijo que no corresponder\u00eda que comiencen a funcionar los pozos, si no est\u00e1 protegido el canal\u00f3n.<\/figcaption><\/figure>\n<p>\u00abTan molesta como los vecinos\u00bb, dijo estar la Gobernadora Provincial de San Felipe, Patricia Boffa, tras conocer el resultado de los trabajos de protecci\u00f3n del famoso canal\u00f3n, que si bien se hab\u00eda se\u00f1alado que contemplar\u00edan la colocaci\u00f3n de una reja o rejilla para evitar que ah\u00ed ingresen los ni\u00f1os, se limit\u00f3 a una suerte de jaula que protege el sif\u00f3n y las compuertas. La autoridad aclar\u00f3 eso s\u00ed, que los trabajos los realiz\u00f3 de manera aut\u00f3noma la empresa Atacagua, con sus recursos, como una manera de colaborar con la protecci\u00f3n del canal\u00f3n. Si bien agradeci\u00f3 a la entidad por su iniciativa, dijo que no era el compromiso que hab\u00eda suscrito con los vecinos, la Direcci\u00f3n de Obras Hidr\u00e1ulicas.<\/p>\n<p>Boffa manifest\u00f3 de manera tajante que \u00abno vamos a permitir que se vulneren los derechos de los vecinos de Villa 250 A\u00f1os a vivir en tranquilidad, a que sus hijos puedan jugar sin riesgos, sin tener que estar pendientes que un ni\u00f1o puede caer a este canal\u00f3n\u00bb.<\/p>\n<p>Diario El Trabajo habl\u00f3 con la Gobernadora Boffa, en t\u00e9rminos de por qu\u00e9 la DOH no ha cumplido con las obras de protecci\u00f3n del canal\u00f3n, entendiendo que estos trabajos son iniciativa de Atacagua, dijo que \u00ablo que pasa es que el se\u00f1or Christian V\u00e9liz ya no es Director de Obras Hidr\u00e1ulicas, aunque este es un compromiso de la Direcci\u00f3n, por lo mismo, vamos a ver este tema en el Ministerio de Obras P\u00fablicas, donde tendr\u00e9 una reuni\u00f3n, as\u00ed como tambi\u00e9n con el Seremi Pedro Sariego\u00bb.<\/p>\n<p>La gobernadora expres\u00f3 al Intendente Ra\u00fal Celis su molestia por esta situaci\u00f3n, al mismo tiempo que en la tarde de ayer se reuni\u00f3 con personeros del MOP y este jueves har\u00e1 lo propio con el Secretario Regional Ministerial. En este sentido, la autoridad asever\u00f3 que por tratarse de un compromiso de la Direcci\u00f3n de Obras Hidr\u00e1ulicas, \u00abnosotros vamos a velar porque esto se cumpla y no se vulneren los derechos de la gente de Villa 250 A\u00f1os\u00bb.<\/p>\n<p>En torno a la puesta en funcionamiento de la bater\u00eda de pozos de Curim\u00f3n, que derivar\u00e1 en que comience a correr agua por el canal\u00f3n, la gobernadora dijo que \u00abno se sabe cu\u00e1ndo parte esto, se habla de mediados de enero, pero hay que hacer una serie de coordinaciones con agricultores, regantes, alcaldes y otros actores involucrados\u00bb. En cualquier caso, la Gobernadora Patricia Boffa, expres\u00f3 su f\u00e9rreo compromiso de \u00abhacer lo imposible para que las rejas de protecci\u00f3n est\u00e9n puestas antes de que comiencen a operar los pozos, mientras eso no se cumpla, yo que los pozos no debieran funcionar\u00bb.<\/p>\n<p>Cabe consignar en este \u00e1mbito, que la gobernadora no se ha reunido con los vecinos de Villa 250 A\u00f1os, por cuanto ha debido cumplir una agenda de actividades muy apretada. Expres\u00f3 su inter\u00e9s de conversar con los dirigentes en breve. En tanto desde la poblaci\u00f3n, la comunidad ha dejado en claro su postura, que no es otra que la de destruir el canal\u00f3n, si llega a pasar agua por ah\u00ed y no se ha colocado la reja o rejilla de protecci\u00f3n.<\/p>\n","protected":false},"excerpt":{"rendered":"<p>\u00abTan molesta como los vecinos\u00bb, dijo estar la Gobernadora Provincial de San Felipe, Patricia Boffa, tras conocer el resultado de los trabajos de protecci\u00f3n del famoso canal\u00f3n, que si bien se hab\u00eda&#8230;<\/p>\n","protected":false},"author":482,"featured_media":41735,"comment_status":"open","ping_status":"closed","sticky":false,"template":"","format":"standard","meta":{"advanced_seo_description":"","jetpack_seo_html_title":"","jetpack_seo_noindex":false,"_jetpack_memberships_contains_paid_content":false,"footnotes":""},"categories":[1],"tags":[],"class_list":["post-41734","post","type-post","status-publish","format-standard","has-post-thumbnail","hentry","category-cronica"],"jetpack_featured_media_url":"https:\/\/i0.wp.com\/eltrabajo.cl\/portal\/wp-content\/uploads\/2014\/01\/Gobernadora-Patricia-Boffa.jpg?fit=529%2C353&ssl=1","jetpack_sharing_enabled":true,"jetpack_likes_enabled":true,"jetpack-related-posts":[],"_links":{"self":[{"href":"https:\/\/eltrabajo.cl\/portal\/wp-json\/wp\/v2\/posts\/41734","targetHints":{"allow":["GET"]}}],"collection":[{"href":"https:\/\/eltrabajo.cl\/portal\/wp-json\/wp\/v2\/posts"}],"about":[{"href":"https:\/\/eltrabajo.cl\/portal\/wp-json\/wp\/v2\/types\/post"}],"author":[{"embeddable":true,"href":"https:\/\/eltrabajo.cl\/portal\/wp-json\/wp\/v2\/users\/482"}],"replies":[{"embeddable":true,"href":"https:\/\/eltrabajo.cl\/portal\/wp-json\/wp\/v2\/comments?post=41734"}],"version-history":[{"count":0,"href":"https:\/\/eltrabajo.cl\/portal\/wp-json\/wp\/v2\/posts\/41734\/revisions"}],"wp:featuredmedia":[{"embeddable":true,"href":"https:\/\/eltrabajo.cl\/portal\/wp-json\/wp\/v2\/media\/41735"}],"wp:attachment":[{"href":"https:\/\/eltrabajo.cl\/portal\/wp-json\/wp\/v2\/media?parent=41734"}],"wp:term":[{"taxonomy":"category","embeddable":true,"href":"https:\/\/eltrabajo.cl\/portal\/wp-json\/wp\/v2\/categories?post=41734"},{"taxonomy":"post_tag","embeddable":true,"href":"https:\/\/eltrabajo.cl\/portal\/wp-json\/wp\/v2\/tags?post=41734"}],"curies":[{"name":"wp","href":"https:\/\/api.w.org\/{rel}","templated":true}]}}