{"id":41751,"date":"2014-01-09T10:38:35","date_gmt":"2014-01-09T13:38:35","guid":{"rendered":"http:\/\/www.eltrabajo.cl\/portal\/?p=41751"},"modified":"2014-01-09T10:38:35","modified_gmt":"2014-01-09T13:38:35","slug":"daem-dispuso-inmediata-contratacion-de-nochero-para-la-manuel-rodriguez","status":"publish","type":"post","link":"https:\/\/eltrabajo.cl\/portal\/daem-dispuso-inmediata-contratacion-de-nochero-para-la-manuel-rodriguez\/","title":{"rendered":"Daem dispuso inmediata contrataci\u00f3n de nochero para la Manuel Rodr\u00edguez"},"content":{"rendered":"<figure id=\"attachment_41752\" aria-describedby=\"caption-attachment-41752\" style=\"width: 422px\" class=\"wp-caption alignleft\"><a href=\"https:\/\/i0.wp.com\/www.eltrabajo.cl\/portal\/wp-content\/uploads\/2014\/01\/Forado-en-el-techo.jpg\"><img data-recalc-dims=\"1\" loading=\"lazy\" decoding=\"async\" class=\" wp-image-41752 \" title=\"Un enorme forado en el techo, realizaron los delincuentes que ingresaron  para cometer el \u00faltimo robo en la Escuela Manuel Rodr\u00edguez.\" alt=\"Un enorme forado en el techo, realizaron los delincuentes que ingresaron  para cometer el \u00faltimo robo en la Escuela Manuel Rodr\u00edguez.\" src=\"https:\/\/i0.wp.com\/www.eltrabajo.cl\/portal\/wp-content\/uploads\/2014\/01\/Forado-en-el-techo.jpg?resize=422%2C317\" width=\"422\" height=\"317\" srcset=\"https:\/\/i0.wp.com\/eltrabajo.cl\/portal\/wp-content\/uploads\/2014\/01\/Forado-en-el-techo.jpg?w=528&amp;ssl=1 528w, https:\/\/i0.wp.com\/eltrabajo.cl\/portal\/wp-content\/uploads\/2014\/01\/Forado-en-el-techo.jpg?resize=200%2C150&amp;ssl=1 200w, https:\/\/i0.wp.com\/eltrabajo.cl\/portal\/wp-content\/uploads\/2014\/01\/Forado-en-el-techo.jpg?resize=300%2C225&amp;ssl=1 300w, https:\/\/i0.wp.com\/eltrabajo.cl\/portal\/wp-content\/uploads\/2014\/01\/Forado-en-el-techo.jpg?resize=150%2C112&amp;ssl=1 150w, https:\/\/i0.wp.com\/eltrabajo.cl\/portal\/wp-content\/uploads\/2014\/01\/Forado-en-el-techo.jpg?resize=400%2C300&amp;ssl=1 400w\" sizes=\"auto, (max-width: 422px) 100vw, 422px\" \/><\/a><figcaption id=\"caption-attachment-41752\" class=\"wp-caption-text\">Un enorme forado en el techo, realizaron los delincuentes que ingresaron para cometer el \u00faltimo robo en la Escuela Manuel Rodr\u00edguez.<\/figcaption><\/figure>\n<ul>\n<li><strong>Director de Educaci\u00f3n Municipal, Iv\u00e1n Silva, manifest\u00f3 que \u00abyo creo que hay una mala intenci\u00f3n, de alguien que perjudica a este colegio permanentemente\u00bb.<\/strong><\/li>\n<\/ul>\n<p>El Director de la Daem de San Felipe, Iv\u00e1n Silva, comunic\u00f3 en la ma\u00f1ana de ayer la contrataci\u00f3n inmediata de un nochero para la Escuela Manuel Rodr\u00edguez, tras conocerse de la ocurrencia del \u00faltimo robo que afect\u00f3 al establecimiento, el n\u00famero once en tres meses. Seg\u00fan se\u00f1al\u00f3 el personero municipal, en paralelo se contratar\u00e1 un sistema de alarmas para el establecimiento, no obstante en lo inmediato, y desde la misma jornada del martes, ya est\u00e1 trabajando en la unidad educativa, un nochero que cumplir\u00e1 labores desde las 20:00 y hasta las 08:00 horas.<\/p>\n<figure id=\"attachment_41753\" aria-describedby=\"caption-attachment-41753\" style=\"width: 317px\" class=\"wp-caption alignright\"><a href=\"https:\/\/i0.wp.com\/www.eltrabajo.cl\/portal\/wp-content\/uploads\/2014\/01\/Ivan-Silva-2.jpg\"><img data-recalc-dims=\"1\" loading=\"lazy\" decoding=\"async\" class=\" wp-image-41753 \" title=\"Iv\u00e1n Silva, Director de la Daem, piensa que tras la seguidilla de robos en la Escuela, \u2018hay algo concertado\u2019.\" alt=\"Iv\u00e1n Silva, Director de la Daem, piensa que tras la seguidilla de robos en la Escuela, \u2018hay algo concertado\u2019.\" src=\"https:\/\/i0.wp.com\/www.eltrabajo.cl\/portal\/wp-content\/uploads\/2014\/01\/Ivan-Silva-2.jpg?resize=317%2C238\" width=\"317\" height=\"238\" srcset=\"https:\/\/i0.wp.com\/eltrabajo.cl\/portal\/wp-content\/uploads\/2014\/01\/Ivan-Silva-2.jpg?w=528&amp;ssl=1 528w, https:\/\/i0.wp.com\/eltrabajo.cl\/portal\/wp-content\/uploads\/2014\/01\/Ivan-Silva-2.jpg?resize=200%2C150&amp;ssl=1 200w, https:\/\/i0.wp.com\/eltrabajo.cl\/portal\/wp-content\/uploads\/2014\/01\/Ivan-Silva-2.jpg?resize=300%2C225&amp;ssl=1 300w, https:\/\/i0.wp.com\/eltrabajo.cl\/portal\/wp-content\/uploads\/2014\/01\/Ivan-Silva-2.jpg?resize=150%2C112&amp;ssl=1 150w, https:\/\/i0.wp.com\/eltrabajo.cl\/portal\/wp-content\/uploads\/2014\/01\/Ivan-Silva-2.jpg?resize=400%2C300&amp;ssl=1 400w\" sizes=\"auto, (max-width: 317px) 100vw, 317px\" \/><\/a><figcaption id=\"caption-attachment-41753\" class=\"wp-caption-text\">Iv\u00e1n Silva, Director de la Daem, piensa que tras la seguidilla de robos en la Escuela, \u2018hay algo concertado\u2019.<\/figcaption><\/figure>\n<p>Junto con lamentar este nuevo episodio delincuencial, Silva manifest\u00f3 que la Escuela Manuel Rodr\u00edguez \u00abes un local educacional vulnerable\u00bb, no obstante advirti\u00f3 que lo que ha sucedido en el colegio, \u00abrefleja un poco el problema de delincuencia a nivel nacional\u00bb.<\/p>\n<p>\u00abNosotros como Daem, hemos protegido todas las entradas, salidas, techo de esta escuela y se contrat\u00f3 inicialmente un nochero, el que dejamos hasta el t\u00e9rmino de clases. Una vez que terminaron las clases, nos dedicamos a sacar los valores, como computadores, materiales de trabajo, para reintegrarlos en marzo. Lamentablemente, la delincuencia no perdona nada, nosotros sacamos al nochero, esperando que no pasara nada, pero siguen aprovech\u00e1ndose de un local educacional\u00bb, manifest\u00f3 el Director de la Daem de San Felipe.<\/p>\n<p>Frente a la ocurrencia de nuevos episodios delincuenciales, dos en menos de siete d\u00edas, la municipalidad resolvi\u00f3 volver a contratar a un nochero. \u00abAsimismo vamos a contratar el servicio de alarmas, esperando que esto no vuelva a suceder, as\u00ed como tambi\u00e9n que tengamos la cooperaci\u00f3n de Carabineros, en t\u00e9rminos que pueda dar alg\u00fan apoyo a este sector\u00bb, a\u00f1adi\u00f3 Iv\u00e1n Silva.<\/p>\n<p>Reconoci\u00f3 el personero, sentirse inc\u00f3modo frente a las consultas de la prensa, \u00abporque once robos en tan poco tiempo es preocupante, yo creo que hay una mala intenci\u00f3n, de alguien que perjudica a este colegio permanentemente, no son cosas de valor las que roban: son alimentos, son implementos deportivos. A m\u00ed me da la impresi\u00f3n que hay algo concertado y no s\u00e9 por qu\u00e9\u00bb, puntualiz\u00f3.<\/p>\n<p>Finalmente, Iv\u00e1n Silva expres\u00f3 que la decisi\u00f3n de contratar a un nochero, pese a que ya no queda nada de valor en la escuela, refleja la preocupaci\u00f3n y el inter\u00e9s del municipio, por resguardar y proteger a los establecimientos educacionales de su dependencia. Se espera adem\u00e1s, que el sistema de alarmas en la escuela sea instalado esta semana, desconoci\u00e9ndose el gasto en que tendr\u00e1 que incurrir el municipio por este concepto.<\/p>\n<p>&nbsp;<\/p>\n","protected":false},"excerpt":{"rendered":"<p>Director de Educaci\u00f3n Municipal, Iv\u00e1n Silva, manifest\u00f3 que \u00abyo creo que hay una mala intenci\u00f3n, de alguien que perjudica a este colegio permanentemente\u00bb. El Director de la Daem de San Felipe, Iv\u00e1n&#8230;<\/p>\n","protected":false},"author":482,"featured_media":41752,"comment_status":"open","ping_status":"closed","sticky":false,"template":"","format":"standard","meta":{"advanced_seo_description":"","jetpack_seo_html_title":"","jetpack_seo_noindex":false,"_jetpack_memberships_contains_paid_content":false,"footnotes":""},"categories":[1],"tags":[],"class_list":["post-41751","post","type-post","status-publish","format-standard","has-post-thumbnail","hentry","category-cronica"],"jetpack_featured_media_url":"https:\/\/i0.wp.com\/eltrabajo.cl\/portal\/wp-content\/uploads\/2014\/01\/Forado-en-el-techo.jpg?fit=528%2C396&ssl=1","jetpack_sharing_enabled":true,"jetpack_likes_enabled":true,"jetpack-related-posts":[],"_links":{"self":[{"href":"https:\/\/eltrabajo.cl\/portal\/wp-json\/wp\/v2\/posts\/41751","targetHints":{"allow":["GET"]}}],"collection":[{"href":"https:\/\/eltrabajo.cl\/portal\/wp-json\/wp\/v2\/posts"}],"about":[{"href":"https:\/\/eltrabajo.cl\/portal\/wp-json\/wp\/v2\/types\/post"}],"author":[{"embeddable":true,"href":"https:\/\/eltrabajo.cl\/portal\/wp-json\/wp\/v2\/users\/482"}],"replies":[{"embeddable":true,"href":"https:\/\/eltrabajo.cl\/portal\/wp-json\/wp\/v2\/comments?post=41751"}],"version-history":[{"count":0,"href":"https:\/\/eltrabajo.cl\/portal\/wp-json\/wp\/v2\/posts\/41751\/revisions"}],"wp:featuredmedia":[{"embeddable":true,"href":"https:\/\/eltrabajo.cl\/portal\/wp-json\/wp\/v2\/media\/41752"}],"wp:attachment":[{"href":"https:\/\/eltrabajo.cl\/portal\/wp-json\/wp\/v2\/media?parent=41751"}],"wp:term":[{"taxonomy":"category","embeddable":true,"href":"https:\/\/eltrabajo.cl\/portal\/wp-json\/wp\/v2\/categories?post=41751"},{"taxonomy":"post_tag","embeddable":true,"href":"https:\/\/eltrabajo.cl\/portal\/wp-json\/wp\/v2\/tags?post=41751"}],"curies":[{"name":"wp","href":"https:\/\/api.w.org\/{rel}","templated":true}]}}