{"id":41780,"date":"2014-01-10T09:36:02","date_gmt":"2014-01-10T12:36:02","guid":{"rendered":"http:\/\/www.eltrabajo.cl\/portal\/?p=41780"},"modified":"2014-01-10T09:36:02","modified_gmt":"2014-01-10T12:36:02","slug":"premios-en-efectivo-para-artistas-del-primer-festival-muralista-2014","status":"publish","type":"post","link":"https:\/\/eltrabajo.cl\/portal\/premios-en-efectivo-para-artistas-del-primer-festival-muralista-2014\/","title":{"rendered":"Premios en efectivo para artistas del primer Festival Muralista 2014"},"content":{"rendered":"<figure id=\"attachment_41781\" aria-describedby=\"caption-attachment-41781\" style=\"width: 529px\" class=\"wp-caption alignnone\"><a href=\"https:\/\/i0.wp.com\/www.eltrabajo.cl\/portal\/wp-content\/uploads\/2014\/01\/Artistas1.jpg\"><img data-recalc-dims=\"1\" loading=\"lazy\" decoding=\"async\" class=\"size-full wp-image-41781\" title=\"LOS PROTAGONISTAS.- Ellos son los estudiantes y artistas que conforman Re-Che Elun-Umaq de Putaendo, participan en dos grupos, de 6 a 12, y de 14 a 30 a\u00f1os.\" alt=\"LOS PROTAGONISTAS.- Ellos son los estudiantes y artistas que conforman Re-Che Elun-Umaq de Putaendo, participan en dos grupos, de 6 a 12, y de 14 a 30 a\u00f1os.\" src=\"https:\/\/i0.wp.com\/www.eltrabajo.cl\/portal\/wp-content\/uploads\/2014\/01\/Artistas1.jpg?resize=529%2C354\" width=\"529\" height=\"354\" srcset=\"https:\/\/i0.wp.com\/eltrabajo.cl\/portal\/wp-content\/uploads\/2014\/01\/Artistas1.jpg?w=529&amp;ssl=1 529w, https:\/\/i0.wp.com\/eltrabajo.cl\/portal\/wp-content\/uploads\/2014\/01\/Artistas1.jpg?resize=200%2C133&amp;ssl=1 200w, https:\/\/i0.wp.com\/eltrabajo.cl\/portal\/wp-content\/uploads\/2014\/01\/Artistas1.jpg?resize=300%2C200&amp;ssl=1 300w, https:\/\/i0.wp.com\/eltrabajo.cl\/portal\/wp-content\/uploads\/2014\/01\/Artistas1.jpg?resize=150%2C100&amp;ssl=1 150w, https:\/\/i0.wp.com\/eltrabajo.cl\/portal\/wp-content\/uploads\/2014\/01\/Artistas1.jpg?resize=400%2C267&amp;ssl=1 400w\" sizes=\"auto, (max-width: 529px) 100vw, 529px\" \/><\/a><figcaption id=\"caption-attachment-41781\" class=\"wp-caption-text\">LOS PROTAGONISTAS.- Ellos son los estudiantes y artistas que conforman Re-Che Elun-Umaq de Putaendo, participan en dos grupos, de 6 a 12, y de 14 a 30 a\u00f1os.<\/figcaption><\/figure>\n<ul>\n<li><strong>Hasta $350.000 para el ganador; $150.000 para el segundo y $100.000 para el tercer lugar, son los montos a ganar por quienes participen en esta colosal propuesta de Re-Che Elun-Umaq en Putaendo.<\/strong><\/li>\n<\/ul>\n<p>Un gran evento cultural de gran nivel art\u00edstico y supervisado por expertos en artes pl\u00e1sticas de Argentina, es lo que se realizar\u00e1 el pr\u00f3ximo s\u00e1bado 15 de febrero en Putaendo, esto dentro del marco de la Galer\u00eda al aire libre de la organizaci\u00f3n Re-Che Elun-Umaq, el Festival Muralista 2014. En este evento podr\u00e1n participar todas las personas que quieran hacerlo, llamando antes al fono 740 815 49.<\/p>\n<p><strong>TODOS PUEDEN\u00a0PARTICIPAR<\/strong><\/p>\n<p>Seg\u00fan lo explic\u00f3 la dise\u00f1adora gr\u00e1fica y Directora de Re-Che Elun-Umaq, Susana Gallardo Lobos, de entre los que participen en el festival, se elegir\u00e1n ocho finalistas, los mejores. Diario El Trabajo habl\u00f3 con la profesional para conocer con detalles esta propuesta.<\/p>\n<figure id=\"attachment_41782\" aria-describedby=\"caption-attachment-41782\" style=\"width: 423px\" class=\"wp-caption alignright\"><a href=\"https:\/\/i0.wp.com\/www.eltrabajo.cl\/portal\/wp-content\/uploads\/2014\/01\/Artistas2.jpg\"><img data-recalc-dims=\"1\" loading=\"lazy\" decoding=\"async\" class=\" wp-image-41782 \" title=\"ALEGRE APRENDIZAJE.- Peques y grandes aprenden con alegr\u00eda a desarrollar sus talentos art\u00edsticos en la Organizaci\u00f3n de Expresi\u00f3n Desarrollo y Difusi\u00f3n de la Cultura y las Artes (Re-Che Elun-Umaq).  \" alt=\"ALEGRE APRENDIZAJE.- Peques y grandes aprenden con alegr\u00eda a desarrollar sus talentos art\u00edsticos en la Organizaci\u00f3n de Expresi\u00f3n Desarrollo y Difusi\u00f3n de la Cultura y las Artes (Re-Che Elun-Umaq).  \" src=\"https:\/\/i0.wp.com\/www.eltrabajo.cl\/portal\/wp-content\/uploads\/2014\/01\/Artistas2.jpg?resize=423%2C283\" width=\"423\" height=\"283\" srcset=\"https:\/\/i0.wp.com\/eltrabajo.cl\/portal\/wp-content\/uploads\/2014\/01\/Artistas2.jpg?w=529&amp;ssl=1 529w, https:\/\/i0.wp.com\/eltrabajo.cl\/portal\/wp-content\/uploads\/2014\/01\/Artistas2.jpg?resize=200%2C133&amp;ssl=1 200w, https:\/\/i0.wp.com\/eltrabajo.cl\/portal\/wp-content\/uploads\/2014\/01\/Artistas2.jpg?resize=300%2C200&amp;ssl=1 300w, https:\/\/i0.wp.com\/eltrabajo.cl\/portal\/wp-content\/uploads\/2014\/01\/Artistas2.jpg?resize=150%2C100&amp;ssl=1 150w, https:\/\/i0.wp.com\/eltrabajo.cl\/portal\/wp-content\/uploads\/2014\/01\/Artistas2.jpg?resize=400%2C267&amp;ssl=1 400w\" sizes=\"auto, (max-width: 423px) 100vw, 423px\" \/><\/a><figcaption id=\"caption-attachment-41782\" class=\"wp-caption-text\">ALEGRE APRENDIZAJE.- Peques y grandes aprenden con alegr\u00eda a desarrollar sus talentos art\u00edsticos en la Organizaci\u00f3n de Expresi\u00f3n Desarrollo y Difusi\u00f3n de la Cultura y las Artes (Re-Che Elun-Umaq).<\/figcaption><\/figure>\n<figure id=\"attachment_41783\" aria-describedby=\"caption-attachment-41783\" style=\"width: 422px\" class=\"wp-caption alignleft\"><a href=\"https:\/\/i0.wp.com\/www.eltrabajo.cl\/portal\/wp-content\/uploads\/2014\/01\/Artistas3.jpg\"><img data-recalc-dims=\"1\" loading=\"lazy\" decoding=\"async\" class=\" wp-image-41783 \" title=\"CREADORES.- Aqu\u00ed tenemos a los muchachos de Re-Che Elun-Umaq creando arte, no copian de Internet ni imitan a otros artistas, ellos germinan como creadores de nuevos colores culturales.\" alt=\"CREADORES.- Aqu\u00ed tenemos a los muchachos de Re-Che Elun-Umaq creando arte, no copian de Internet ni imitan a otros artistas, ellos germinan como creadores de nuevos colores culturales.\" src=\"https:\/\/i0.wp.com\/www.eltrabajo.cl\/portal\/wp-content\/uploads\/2014\/01\/Artistas3.jpg?resize=422%2C318\" width=\"422\" height=\"318\" srcset=\"https:\/\/i0.wp.com\/eltrabajo.cl\/portal\/wp-content\/uploads\/2014\/01\/Artistas3.jpg?w=528&amp;ssl=1 528w, https:\/\/i0.wp.com\/eltrabajo.cl\/portal\/wp-content\/uploads\/2014\/01\/Artistas3.jpg?resize=200%2C150&amp;ssl=1 200w, https:\/\/i0.wp.com\/eltrabajo.cl\/portal\/wp-content\/uploads\/2014\/01\/Artistas3.jpg?resize=300%2C225&amp;ssl=1 300w, https:\/\/i0.wp.com\/eltrabajo.cl\/portal\/wp-content\/uploads\/2014\/01\/Artistas3.jpg?resize=150%2C112&amp;ssl=1 150w, https:\/\/i0.wp.com\/eltrabajo.cl\/portal\/wp-content\/uploads\/2014\/01\/Artistas3.jpg?resize=400%2C300&amp;ssl=1 400w\" sizes=\"auto, (max-width: 422px) 100vw, 422px\" \/><\/a><figcaption id=\"caption-attachment-41783\" class=\"wp-caption-text\">CREADORES.- Aqu\u00ed tenemos a los muchachos de Re-Che Elun-Umaq creando arte, no copian de Internet ni imitan a otros artistas, ellos germinan como creadores de nuevos colores culturales.<\/figcaption><\/figure>\n<p><strong>&#8211; \u00bfEs importante esta propuesta para Putaendo?<\/strong><\/p>\n<p>&#8211; \u00abClaro que es un evento importante, todos los temas para expresar en el festival muralista, tienen que ver con nuestras ra\u00edces culturales, cada artista puede dibujar sobre temas hist\u00f3ricos, leyendas y temas de nuestro pa\u00eds en general\u00bb.<\/p>\n<p><strong>&#8211; \u00bfQui\u00e9nes componen el Jurado del festival?<\/strong><\/p>\n<p>&#8211; \u00abEl Jurado es muy calificado, estamos hablando de tres gigantes de las Artes Pl\u00e1sticas a nivel mundial y nuestro Alcalde Guillermo Reyes, artistas argentinos que regularmente est\u00e1n presentando sus trabajos en \u00c1frica, Europa y Am\u00e9rica, hablo de Ra\u00fal Orosco, Presidente de Italo Grassi; Anal\u00eda Castagnari y Cristi\u00e1n Del Vitto, tres grandes que viajan miles de kil\u00f3metros a fin de certificar la calidad de los trabajos del festival\u00bb.<\/p>\n<p><strong>&#8211; \u00bfY hay premios para los ganadores?<\/strong><\/p>\n<p>&#8211; \u00abClaro que hay premios en efectivo para los tres primeros lugares, $350.000 para el ganador; $150.000 para el segundo y $100.000 para el tercer lugar, el dinero es un aporte de una empresa, la que no desea que se conozca su nombre\u00bb.<\/p>\n<p><strong>&#8211; \u00bfC\u00f3mo inici\u00f3 esta organizaci\u00f3n?<\/strong><\/p>\n<p>&#8211; \u00abNuestra organizaci\u00f3n se fund\u00f3 el 10 de enero de 2011, funciona en Juan Rozas 2345, iniciamos s\u00f3lo con seis estudiantes, ahora tenemos casi los 30, desde junio del a\u00f1o pasado contamos con c\u00e9dula jur\u00eddica y ya estamos postulando a nuestros primeros proyectos\u00bb.<\/p>\n<p><strong>&#8211; \u00bfQu\u00e9 significan las palabras \u2018Re-Che Elun-Umaq\u2019?<\/strong><\/p>\n<p>&#8211; \u00abSignifican: \u2018Gente de verdad creando sue\u00f1os\u2019, nuestra filosof\u00eda de trabajo es la de crear arte; trabajar una vez al mes en exteriores; realizar cursos permanentemente; aprender y ense\u00f1ar toda clase de aprendizaje que nos permita crecer como artistas y como personas, sabemos ense\u00f1ar pero tambi\u00e9n sabemos aprender\u00bb.<\/p>\n<figure id=\"attachment_41784\" aria-describedby=\"caption-attachment-41784\" style=\"width: 190px\" class=\"wp-caption alignright\"><a href=\"https:\/\/i0.wp.com\/www.eltrabajo.cl\/portal\/wp-content\/uploads\/2014\/01\/Susana-Gallardo.jpg\"><img data-recalc-dims=\"1\" loading=\"lazy\" decoding=\"async\" class=\" wp-image-41784  \" title=\"Susana Gallardo Lobos, Directora de Re-Che Elun-Umaq, artista aconcag\u00fcina que tambi\u00e9n ser\u00e1 Jurado en el Festival Muralista 2014.\" alt=\"Susana Gallardo Lobos, Directora de Re-Che Elun-Umaq, artista aconcag\u00fcina que tambi\u00e9n ser\u00e1 Jurado en el Festival Muralista 2014.\" src=\"https:\/\/i0.wp.com\/www.eltrabajo.cl\/portal\/wp-content\/uploads\/2014\/01\/Susana-Gallardo.jpg?resize=190%2C217\" width=\"190\" height=\"217\" srcset=\"https:\/\/i0.wp.com\/eltrabajo.cl\/portal\/wp-content\/uploads\/2014\/01\/Susana-Gallardo.jpg?w=529&amp;ssl=1 529w, https:\/\/i0.wp.com\/eltrabajo.cl\/portal\/wp-content\/uploads\/2014\/01\/Susana-Gallardo.jpg?resize=131%2C150&amp;ssl=1 131w, https:\/\/i0.wp.com\/eltrabajo.cl\/portal\/wp-content\/uploads\/2014\/01\/Susana-Gallardo.jpg?resize=263%2C300&amp;ssl=1 263w, https:\/\/i0.wp.com\/eltrabajo.cl\/portal\/wp-content\/uploads\/2014\/01\/Susana-Gallardo.jpg?resize=400%2C455&amp;ssl=1 400w\" sizes=\"auto, (max-width: 190px) 100vw, 190px\" \/><\/a><figcaption id=\"caption-attachment-41784\" class=\"wp-caption-text\">Susana Gallardo Lobos, Directora de Re-Che Elun-Umaq, artista aconcag\u00fcina que tambi\u00e9n ser\u00e1 Jurado en el Festival Muralista 2014.<\/figcaption><\/figure>\n<p>&nbsp;<\/p>\n<p><strong>PARA HOY EN\u00a0SAN FELIPE<\/strong><\/p>\n<p>Seg\u00fan explic\u00f3 Gallardo, hoy viernes a las 19:00 horas en el sal\u00f3n de Tesorer\u00eda de la Municipalidad de San Felipe, se inaugurar\u00e1 la exposici\u00f3n fotogr\u00e1fica \u2018Putaendo y sus colores\u2019, de Yerco Vivar, misma que se prolongar\u00e1 durante diez d\u00edas.<\/p>\n<p>Roberto Gonz\u00e1lez Short<\/p>\n<p>rgonzalez@eltrabajo.cl<\/p>\n<p>&nbsp;<\/p>\n","protected":false},"excerpt":{"rendered":"<p>Hasta $350.000 para el ganador; $150.000 para el segundo y $100.000 para el tercer lugar, son los montos a ganar por quienes participen en esta colosal propuesta de Re-Che Elun-Umaq en Putaendo&#8230;.<\/p>\n","protected":false},"author":482,"featured_media":41781,"comment_status":"open","ping_status":"closed","sticky":false,"template":"","format":"standard","meta":{"advanced_seo_description":"","jetpack_seo_html_title":"","jetpack_seo_noindex":false,"_jetpack_memberships_contains_paid_content":false,"footnotes":""},"categories":[15],"tags":[],"class_list":["post-41780","post","type-post","status-publish","format-standard","has-post-thumbnail","hentry","category-comunidad"],"jetpack_featured_media_url":"https:\/\/i0.wp.com\/eltrabajo.cl\/portal\/wp-content\/uploads\/2014\/01\/Artistas1.jpg?fit=529%2C354&ssl=1","jetpack_sharing_enabled":true,"jetpack_likes_enabled":true,"jetpack-related-posts":[],"_links":{"self":[{"href":"https:\/\/eltrabajo.cl\/portal\/wp-json\/wp\/v2\/posts\/41780","targetHints":{"allow":["GET"]}}],"collection":[{"href":"https:\/\/eltrabajo.cl\/portal\/wp-json\/wp\/v2\/posts"}],"about":[{"href":"https:\/\/eltrabajo.cl\/portal\/wp-json\/wp\/v2\/types\/post"}],"author":[{"embeddable":true,"href":"https:\/\/eltrabajo.cl\/portal\/wp-json\/wp\/v2\/users\/482"}],"replies":[{"embeddable":true,"href":"https:\/\/eltrabajo.cl\/portal\/wp-json\/wp\/v2\/comments?post=41780"}],"version-history":[{"count":0,"href":"https:\/\/eltrabajo.cl\/portal\/wp-json\/wp\/v2\/posts\/41780\/revisions"}],"wp:featuredmedia":[{"embeddable":true,"href":"https:\/\/eltrabajo.cl\/portal\/wp-json\/wp\/v2\/media\/41781"}],"wp:attachment":[{"href":"https:\/\/eltrabajo.cl\/portal\/wp-json\/wp\/v2\/media?parent=41780"}],"wp:term":[{"taxonomy":"category","embeddable":true,"href":"https:\/\/eltrabajo.cl\/portal\/wp-json\/wp\/v2\/categories?post=41780"},{"taxonomy":"post_tag","embeddable":true,"href":"https:\/\/eltrabajo.cl\/portal\/wp-json\/wp\/v2\/tags?post=41780"}],"curies":[{"name":"wp","href":"https:\/\/api.w.org\/{rel}","templated":true}]}}