{"id":41791,"date":"2014-01-10T09:37:38","date_gmt":"2014-01-10T12:37:38","guid":{"rendered":"http:\/\/www.eltrabajo.cl\/portal\/?p=41791"},"modified":"2014-01-10T09:37:38","modified_gmt":"2014-01-10T12:37:38","slug":"bucalemu-y-san-rafael-contaran-este-2014-con-programa-de-integracion","status":"publish","type":"post","link":"https:\/\/eltrabajo.cl\/portal\/bucalemu-y-san-rafael-contaran-este-2014-con-programa-de-integracion\/","title":{"rendered":"Bucalemu y San Rafael contar\u00e1n este 2014 con Programa de Integraci\u00f3n"},"content":{"rendered":"<figure id=\"attachment_41792\" aria-describedby=\"caption-attachment-41792\" style=\"width: 528px\" class=\"wp-caption alignnone\"><a href=\"https:\/\/i0.wp.com\/www.eltrabajo.cl\/portal\/wp-content\/uploads\/2014\/01\/programa-PIE.jpg\"><img data-recalc-dims=\"1\" loading=\"lazy\" decoding=\"async\" class=\"size-full wp-image-41792\" title=\"El director de la DAEM, Iv\u00e1n Silva, junto a Carolina Gonz\u00e1lez y a los directores de los dos establecimientos. Aparece tambi\u00e9n el concejal y funcionario Daem, Juan Manuel Millanao.\" alt=\"El director de la DAEM, Iv\u00e1n Silva, junto a Carolina Gonz\u00e1lez y a los directores de los dos establecimientos. Aparece tambi\u00e9n el concejal y funcionario Daem, Juan Manuel Millanao.\" src=\"https:\/\/i0.wp.com\/www.eltrabajo.cl\/portal\/wp-content\/uploads\/2014\/01\/programa-PIE.jpg?resize=528%2C321\" width=\"528\" height=\"321\" srcset=\"https:\/\/i0.wp.com\/eltrabajo.cl\/portal\/wp-content\/uploads\/2014\/01\/programa-PIE.jpg?w=528&amp;ssl=1 528w, https:\/\/i0.wp.com\/eltrabajo.cl\/portal\/wp-content\/uploads\/2014\/01\/programa-PIE.jpg?resize=200%2C121&amp;ssl=1 200w, https:\/\/i0.wp.com\/eltrabajo.cl\/portal\/wp-content\/uploads\/2014\/01\/programa-PIE.jpg?resize=300%2C182&amp;ssl=1 300w, https:\/\/i0.wp.com\/eltrabajo.cl\/portal\/wp-content\/uploads\/2014\/01\/programa-PIE.jpg?resize=150%2C91&amp;ssl=1 150w, https:\/\/i0.wp.com\/eltrabajo.cl\/portal\/wp-content\/uploads\/2014\/01\/programa-PIE.jpg?resize=400%2C243&amp;ssl=1 400w\" sizes=\"auto, (max-width: 528px) 100vw, 528px\" \/><\/a><figcaption id=\"caption-attachment-41792\" class=\"wp-caption-text\">El director de la DAEM, Iv\u00e1n Silva, junto a Carolina Gonz\u00e1lez y a los directores de los dos establecimientos. Aparece tambi\u00e9n el concejal y funcionario Daem, Juan Manuel Millanao.<\/figcaption><\/figure>\n<p>Las Escuelas de San Rafael y de Bucalemu se sumar\u00e1n este a\u00f1o 2014 al Programa de Integraci\u00f3n Escolar PIE, lo que significa que se realizar\u00e1 un trabajo importante y de car\u00e1cter multidisciplinario con ni\u00f1os y ni\u00f1as que presenten necesidades educativas especiales.<\/p>\n<p>Seg\u00fan explic\u00f3 Carolina Gonz\u00e1lez, encargada del Programa PIE, esta iniciativa contempla un trabajo especializado con alumnos que presenten necesidades educativas, ya sea transitorias o permanentes, para lo cual en el arranque del programa en estas dos escuelas, se realizar\u00e1 un diagn\u00f3stico a los escolares.<\/p>\n<p>A trav\u00e9s de este diagn\u00f3stico se busca establecer por ejemplo si hay ni\u00f1os que presenten trastornos lim\u00edtrofes, trastornos espec\u00edficos del lenguaje, dificultades espec\u00edficas de aprendizaje, trastornos de hiperactividad o d\u00e9ficit atencional, casos que corresponden a necesidades educativas transitorias.<\/p>\n<p>Asimismo, puede ocurrir que entre el alumnado existan ni\u00f1os con necesidades educativas permanentes, como son aquellos que presentan discapacidad intelectual, con dificultad motora, auditiva o visual.<\/p>\n<p>\u201cCon la incorporaci\u00f3n de estas dos escuelas, el Programa de Integraci\u00f3n Escolar estar\u00eda ejecut\u00e1ndose en 21 establecimientos educacionales, completando las unidades de educaci\u00f3n regular de la comuna, que cuentan con esta iniciativa. En estos colegios estar\u00e1 trabajando un equipo multiprofesional, integrado por una asistente social, sic\u00f3logos, fonoaudi\u00f3logos, terapeutas ocupacionales, kinesi\u00f3logos y sicopedagogas\u201d, manifest\u00f3 Carolina Gonz\u00e1lez.<\/p>\n<p>En el caso de la Escuela San Rafael, la noticia acerca de la puesta en marcha del PIE gener\u00f3 gran satisfacci\u00f3n a nivel de direcci\u00f3n y plantel docente y funcionario. Esto, pues se entiende que este programa permitir\u00e1 realizar un trabajo mucho m\u00e1s acabado con los ni\u00f1os, a quienes se eval\u00faa de manera permanente para establecer si registra avances.<\/p>\n<p>El director de la escuela, Cristian Cruz, se\u00f1al\u00f3 que \u201ces fundamental tener los equipos multidisciplinarios necesarios para mejorar las condiciones de los alumnos\u201d.<\/p>\n<p>La escuela est\u00e1 en proceso de modificaci\u00f3n de sus programas y estructura f\u00edsica, por lo que la ejecuci\u00f3n de este programa constituye un plus para la comunidad de San Rafael, en t\u00e9rminos que a juicio del director, permitir\u00e1 una mayor valoraci\u00f3n de la gente, hacia el establecimiento educacional.<\/p>\n<p>&nbsp;<\/p>\n","protected":false},"excerpt":{"rendered":"<p>Las Escuelas de San Rafael y de Bucalemu se sumar\u00e1n este a\u00f1o 2014 al Programa de Integraci\u00f3n Escolar PIE, lo que significa que se realizar\u00e1 un trabajo importante y de car\u00e1cter multidisciplinario&#8230;<\/p>\n","protected":false},"author":482,"featured_media":41792,"comment_status":"open","ping_status":"closed","sticky":false,"template":"","format":"standard","meta":{"advanced_seo_description":"","jetpack_seo_html_title":"","jetpack_seo_noindex":false,"_jetpack_memberships_contains_paid_content":false,"footnotes":""},"categories":[1],"tags":[],"class_list":["post-41791","post","type-post","status-publish","format-standard","has-post-thumbnail","hentry","category-cronica"],"jetpack_featured_media_url":"https:\/\/i0.wp.com\/eltrabajo.cl\/portal\/wp-content\/uploads\/2014\/01\/programa-PIE.jpg?fit=528%2C321&ssl=1","jetpack_sharing_enabled":true,"jetpack_likes_enabled":true,"jetpack-related-posts":[],"_links":{"self":[{"href":"https:\/\/eltrabajo.cl\/portal\/wp-json\/wp\/v2\/posts\/41791","targetHints":{"allow":["GET"]}}],"collection":[{"href":"https:\/\/eltrabajo.cl\/portal\/wp-json\/wp\/v2\/posts"}],"about":[{"href":"https:\/\/eltrabajo.cl\/portal\/wp-json\/wp\/v2\/types\/post"}],"author":[{"embeddable":true,"href":"https:\/\/eltrabajo.cl\/portal\/wp-json\/wp\/v2\/users\/482"}],"replies":[{"embeddable":true,"href":"https:\/\/eltrabajo.cl\/portal\/wp-json\/wp\/v2\/comments?post=41791"}],"version-history":[{"count":0,"href":"https:\/\/eltrabajo.cl\/portal\/wp-json\/wp\/v2\/posts\/41791\/revisions"}],"wp:featuredmedia":[{"embeddable":true,"href":"https:\/\/eltrabajo.cl\/portal\/wp-json\/wp\/v2\/media\/41792"}],"wp:attachment":[{"href":"https:\/\/eltrabajo.cl\/portal\/wp-json\/wp\/v2\/media?parent=41791"}],"wp:term":[{"taxonomy":"category","embeddable":true,"href":"https:\/\/eltrabajo.cl\/portal\/wp-json\/wp\/v2\/categories?post=41791"},{"taxonomy":"post_tag","embeddable":true,"href":"https:\/\/eltrabajo.cl\/portal\/wp-json\/wp\/v2\/tags?post=41791"}],"curies":[{"name":"wp","href":"https:\/\/api.w.org\/{rel}","templated":true}]}}