{"id":41794,"date":"2014-01-10T09:38:52","date_gmt":"2014-01-10T12:38:52","guid":{"rendered":"http:\/\/www.eltrabajo.cl\/portal\/?p=41794"},"modified":"2014-01-10T09:38:52","modified_gmt":"2014-01-10T12:38:52","slug":"el-18-y-19-de-enero-sera-38a-version-de-trilla-a-yegua-suelta-de-calle-larga","status":"publish","type":"post","link":"https:\/\/eltrabajo.cl\/portal\/el-18-y-19-de-enero-sera-38a-version-de-trilla-a-yegua-suelta-de-calle-larga\/","title":{"rendered":"El 18 y 19 de enero ser\u00e1 38\u00aa versi\u00f3n de Trilla a Yegua Suelta de Calle Larga"},"content":{"rendered":"<figure id=\"attachment_41795\" aria-describedby=\"caption-attachment-41795\" style=\"width: 529px\" class=\"wp-caption alignnone\"><a href=\"https:\/\/i0.wp.com\/www.eltrabajo.cl\/portal\/wp-content\/uploads\/2014\/01\/trilla-callelarga2.jpg\"><img data-recalc-dims=\"1\" loading=\"lazy\" decoding=\"async\" class=\"size-full wp-image-41795\" title=\"El tradicional evento popular contar\u00e1 adem\u00e1s con gastronom\u00eda y juegos criollos.\" alt=\"El tradicional evento popular contar\u00e1 adem\u00e1s con gastronom\u00eda y juegos criollos.\" src=\"https:\/\/i0.wp.com\/www.eltrabajo.cl\/portal\/wp-content\/uploads\/2014\/01\/trilla-callelarga2.jpg?resize=529%2C353\" width=\"529\" height=\"353\" srcset=\"https:\/\/i0.wp.com\/eltrabajo.cl\/portal\/wp-content\/uploads\/2014\/01\/trilla-callelarga2.jpg?w=529&amp;ssl=1 529w, https:\/\/i0.wp.com\/eltrabajo.cl\/portal\/wp-content\/uploads\/2014\/01\/trilla-callelarga2.jpg?resize=200%2C133&amp;ssl=1 200w, https:\/\/i0.wp.com\/eltrabajo.cl\/portal\/wp-content\/uploads\/2014\/01\/trilla-callelarga2.jpg?resize=300%2C200&amp;ssl=1 300w, https:\/\/i0.wp.com\/eltrabajo.cl\/portal\/wp-content\/uploads\/2014\/01\/trilla-callelarga2.jpg?resize=150%2C100&amp;ssl=1 150w, https:\/\/i0.wp.com\/eltrabajo.cl\/portal\/wp-content\/uploads\/2014\/01\/trilla-callelarga2.jpg?resize=400%2C266&amp;ssl=1 400w\" sizes=\"auto, (max-width: 529px) 100vw, 529px\" \/><\/a><figcaption id=\"caption-attachment-41795\" class=\"wp-caption-text\">El tradicional evento popular contar\u00e1 adem\u00e1s con gastronom\u00eda y juegos criollos.<\/figcaption><\/figure>\n<p><strong>CALLE LARGA.<\/strong>&#8211; El s\u00e1bado 18 y domingo 19 se realizar\u00e1 en la escuela Granja de Pocuro, la versi\u00f3n n\u00famero 38 de esta trilla a yegua suelta de la comuna de Calle Larga.<\/p>\n<p>El alcalde de esa comuna, Nelson Venegas, indic\u00f3 que esta es una gran fiesta que desarrollan como comuna, \u201cno solo porque es una actividad netamente rural y como lo hemos se\u00f1alado en otras oportunidades, tiene que ver c\u00f3mo somos, en el sentido de pertenencia, como identidad de la comuna y que es esencialmente \u2018huasa\u2019\u201d.<\/p>\n<p>Venegas dijo que siempre han tratado de transformar esta trilla en una de las m\u00e1s importantes de la zona central, \u201cy creo que poco a poco lo hemos ido consiguiendo, cada vez hemos ido aumentando nuestra parrilla de artistas, la cantidad de gente que participa y no solo est\u00e1 la trilla sino que tambi\u00e9n hay domaduras, mucho folclor y de distintos lugares, ya sea del norte o del sur, por lo tanto vamos a tener exponentes de las m\u00e1s variada \u00edndole, pero tambi\u00e9n con la fiesta que corresponde y con las comidas tradicionales que tiene que ver con esta tradici\u00f3n que nosotros no queremos que se pierda\u201d.<\/p>\n<p>Para esta oportunidad, entre la parrilla de artistas invitados destacan el Grupo Alegr\u00eda, Reales del Valle, La gran Sonora, Banda Punto Cinco y Los Afuerinos.<\/p>\n<p>Para el d\u00eda domingo estar\u00e1 la presentaci\u00f3n de Illapu y la Agrupaci\u00f3n 3&#215;7=21 que rescata la tradici\u00f3n de la cueca chora, adem\u00e1s grupos folcl\u00f3ricos de la zona.<\/p>\n<p>El edil invit\u00f3 a todas las familias aconcag\u00fcinas a participar de esta actividad, ya que adem\u00e1s los asistentes podr\u00e1n visitar el centro cultural Pedro Aguirre Cerda.<\/p>\n<p>El precio de la entrada ser\u00e1 de $500 para los ni\u00f1os y $1000 los adultos.<\/p>\n<p>&nbsp;<\/p>\n","protected":false},"excerpt":{"rendered":"<p>CALLE LARGA.&#8211; El s\u00e1bado 18 y domingo 19 se realizar\u00e1 en la escuela Granja de Pocuro, la versi\u00f3n n\u00famero 38 de esta trilla a yegua suelta de la comuna de Calle Larga&#8230;.<\/p>\n","protected":false},"author":482,"featured_media":41795,"comment_status":"open","ping_status":"closed","sticky":false,"template":"","format":"standard","meta":{"advanced_seo_description":"","jetpack_seo_html_title":"","jetpack_seo_noindex":false,"_jetpack_memberships_contains_paid_content":false,"footnotes":""},"categories":[1],"tags":[],"class_list":["post-41794","post","type-post","status-publish","format-standard","has-post-thumbnail","hentry","category-cronica"],"jetpack_featured_media_url":"https:\/\/i0.wp.com\/eltrabajo.cl\/portal\/wp-content\/uploads\/2014\/01\/trilla-callelarga2.jpg?fit=529%2C353&ssl=1","jetpack_sharing_enabled":true,"jetpack_likes_enabled":true,"jetpack-related-posts":[],"_links":{"self":[{"href":"https:\/\/eltrabajo.cl\/portal\/wp-json\/wp\/v2\/posts\/41794","targetHints":{"allow":["GET"]}}],"collection":[{"href":"https:\/\/eltrabajo.cl\/portal\/wp-json\/wp\/v2\/posts"}],"about":[{"href":"https:\/\/eltrabajo.cl\/portal\/wp-json\/wp\/v2\/types\/post"}],"author":[{"embeddable":true,"href":"https:\/\/eltrabajo.cl\/portal\/wp-json\/wp\/v2\/users\/482"}],"replies":[{"embeddable":true,"href":"https:\/\/eltrabajo.cl\/portal\/wp-json\/wp\/v2\/comments?post=41794"}],"version-history":[{"count":0,"href":"https:\/\/eltrabajo.cl\/portal\/wp-json\/wp\/v2\/posts\/41794\/revisions"}],"wp:featuredmedia":[{"embeddable":true,"href":"https:\/\/eltrabajo.cl\/portal\/wp-json\/wp\/v2\/media\/41795"}],"wp:attachment":[{"href":"https:\/\/eltrabajo.cl\/portal\/wp-json\/wp\/v2\/media?parent=41794"}],"wp:term":[{"taxonomy":"category","embeddable":true,"href":"https:\/\/eltrabajo.cl\/portal\/wp-json\/wp\/v2\/categories?post=41794"},{"taxonomy":"post_tag","embeddable":true,"href":"https:\/\/eltrabajo.cl\/portal\/wp-json\/wp\/v2\/tags?post=41794"}],"curies":[{"name":"wp","href":"https:\/\/api.w.org\/{rel}","templated":true}]}}