{"id":41797,"date":"2014-01-10T09:56:36","date_gmt":"2014-01-10T12:56:36","guid":{"rendered":"http:\/\/www.eltrabajo.cl\/portal\/?p=41797"},"modified":"2014-01-10T09:56:36","modified_gmt":"2014-01-10T12:56:36","slug":"vecinos-de-el-senorial-claman-por-juegos-infantiles-para-sus-hijos","status":"publish","type":"post","link":"https:\/\/eltrabajo.cl\/portal\/vecinos-de-el-senorial-claman-por-juegos-infantiles-para-sus-hijos\/","title":{"rendered":"Vecinos de El Se\u00f1orial claman por juegos infantiles para sus hijos"},"content":{"rendered":"<figure id=\"attachment_41798\" aria-describedby=\"caption-attachment-41798\" style=\"width: 528px\" class=\"wp-caption alignnone\"><a href=\"https:\/\/i0.wp.com\/www.eltrabajo.cl\/portal\/wp-content\/uploads\/2014\/01\/Plaza1.jpg\"><img data-recalc-dims=\"1\" loading=\"lazy\" decoding=\"async\" class=\"size-full wp-image-41798\" title=\"PREOCUPACI\u00d3N.- Autoridades y vecinos de Villa El Se\u00f1orial, muestran a las c\u00e1maras de Diario El Trabajo el espacio de la plaza del sector, misma en la que s\u00f3lo quedan las bases de concreto abandonadas por el municipio, y que se convierten cada mes en un insoportable basural.\" alt=\"PREOCUPACI\u00d3N.- Autoridades y vecinos de Villa El Se\u00f1orial, muestran a las c\u00e1maras de Diario El Trabajo el espacio de la plaza del sector, misma en la que s\u00f3lo quedan las bases de concreto abandonadas por el municipio, y que se convierten cada mes en un insoportable basural.\" src=\"https:\/\/i0.wp.com\/www.eltrabajo.cl\/portal\/wp-content\/uploads\/2014\/01\/Plaza1.jpg?resize=528%2C313\" width=\"528\" height=\"313\" srcset=\"https:\/\/i0.wp.com\/eltrabajo.cl\/portal\/wp-content\/uploads\/2014\/01\/Plaza1.jpg?w=528&amp;ssl=1 528w, https:\/\/i0.wp.com\/eltrabajo.cl\/portal\/wp-content\/uploads\/2014\/01\/Plaza1.jpg?resize=200%2C118&amp;ssl=1 200w, https:\/\/i0.wp.com\/eltrabajo.cl\/portal\/wp-content\/uploads\/2014\/01\/Plaza1.jpg?resize=300%2C177&amp;ssl=1 300w, https:\/\/i0.wp.com\/eltrabajo.cl\/portal\/wp-content\/uploads\/2014\/01\/Plaza1.jpg?resize=150%2C88&amp;ssl=1 150w, https:\/\/i0.wp.com\/eltrabajo.cl\/portal\/wp-content\/uploads\/2014\/01\/Plaza1.jpg?resize=400%2C237&amp;ssl=1 400w\" sizes=\"auto, (max-width: 528px) 100vw, 528px\" \/><\/a><figcaption id=\"caption-attachment-41798\" class=\"wp-caption-text\">PREOCUPACI\u00d3N.- Autoridades y vecinos de Villa El Se\u00f1orial, muestran a las c\u00e1maras de Diario El Trabajo el espacio de la plaza del sector, misma en la que s\u00f3lo quedan las bases de concreto abandonadas por el municipio, y que se convierten cada mes en un insoportable basural.<\/figcaption><\/figure>\n<p>Luego que en Diario El Trabajo public\u00e1ramos esta semana la Foto-denuncia del micro-basural en la plaza de la Etapa 3 de Villa El Se\u00f1orial, denuncia que sac\u00f3 a la luz la problem\u00e1tica que los vecinos vienen enfrentando desde hace a\u00f1os y que representa el tener que soportar hasta gatos y perros muertos y otra clase de molestias, la ma\u00f1ana de este jueves decenas de familias salieron de sus casas para sostener un encuentro con el Concejal Basilio Muena y Rolando Stevenson, Core electo por Aconcagua, para juntos plantear y buscar soluciones a la situaci\u00f3n de contaminaci\u00f3n urbana.<\/p>\n<p><strong>TRABAJOS ABANDONADOS<\/strong><\/p>\n<figure id=\"attachment_41799\" aria-describedby=\"caption-attachment-41799\" style=\"width: 423px\" class=\"wp-caption alignright\"><a href=\"https:\/\/i0.wp.com\/www.eltrabajo.cl\/portal\/wp-content\/uploads\/2014\/01\/Hamaca1.jpg\"><img data-recalc-dims=\"1\" loading=\"lazy\" decoding=\"async\" class=\" wp-image-41799 \" title=\"UN SOLO COLUMPIO.- La regalona Aurora Rubio, en el \u00fanico columpio disponible para los ni\u00f1os en el sector, juega ante la mirada de preocupaci\u00f3n de los vecinos que claman por una soluci\u00f3n definitiva en materia de ornato y salud urbana.\" alt=\"UN SOLO COLUMPIO.- La regalona Aurora Rubio, en el \u00fanico columpio disponible para los ni\u00f1os en el sector, juega ante la mirada de preocupaci\u00f3n de los vecinos que claman por una soluci\u00f3n definitiva en materia de ornato y salud urbana.\" src=\"https:\/\/i0.wp.com\/www.eltrabajo.cl\/portal\/wp-content\/uploads\/2014\/01\/Hamaca1.jpg?resize=423%2C310\" width=\"423\" height=\"310\" srcset=\"https:\/\/i0.wp.com\/eltrabajo.cl\/portal\/wp-content\/uploads\/2014\/01\/Hamaca1.jpg?w=529&amp;ssl=1 529w, https:\/\/i0.wp.com\/eltrabajo.cl\/portal\/wp-content\/uploads\/2014\/01\/Hamaca1.jpg?resize=200%2C146&amp;ssl=1 200w, https:\/\/i0.wp.com\/eltrabajo.cl\/portal\/wp-content\/uploads\/2014\/01\/Hamaca1.jpg?resize=300%2C220&amp;ssl=1 300w, https:\/\/i0.wp.com\/eltrabajo.cl\/portal\/wp-content\/uploads\/2014\/01\/Hamaca1.jpg?resize=150%2C110&amp;ssl=1 150w, https:\/\/i0.wp.com\/eltrabajo.cl\/portal\/wp-content\/uploads\/2014\/01\/Hamaca1.jpg?resize=400%2C293&amp;ssl=1 400w\" sizes=\"auto, (max-width: 423px) 100vw, 423px\" \/><\/a><figcaption id=\"caption-attachment-41799\" class=\"wp-caption-text\">UN SOLO COLUMPIO.- La regalona Aurora Rubio, en el \u00fanico columpio disponible para los ni\u00f1os en el sector, juega ante la mirada de preocupaci\u00f3n de los vecinos que claman por una soluci\u00f3n definitiva en materia de ornato y salud urbana.<\/figcaption><\/figure>\n<p>&nbsp;<\/p>\n<p>Diario El Trabajo habl\u00f3 con Juan Ahumada, preocupado vecino del sector que siempre est\u00e1 alerta para denunciar y plantear soluciones a favor del vecindario.<\/p>\n<p><strong>&#8211; \u00bfQu\u00e9 es lo que pasa con este sector y la basura?<\/strong><\/p>\n<p>&#8211; \u00abLo que pasa es que ac\u00e1 hay unas bases que se hicieron para unos juegos infantiles, fue para los meses finales de la administraci\u00f3n de don Jaime Amar, juegos que nunca se instalaron en su totalidad y por lo que ahora algunos argumentan que originalmente ese proyecto no estaba destinado para nosotros, la Etapa 3 de El Se\u00f1orial\u00bb.<\/p>\n<figure id=\"attachment_41800\" aria-describedby=\"caption-attachment-41800\" style=\"width: 259px\" class=\"wp-caption alignleft\"><a href=\"https:\/\/i0.wp.com\/www.eltrabajo.cl\/portal\/wp-content\/uploads\/2014\/01\/abandono1.jpg\"><img data-recalc-dims=\"1\" loading=\"lazy\" decoding=\"async\" class=\" wp-image-41800  \" title=\"ABANDONADAS.- Abandonadas fueron las bases de concreto que se instalaron para crear el parque de juegos para los peques de El Se\u00f1orial.\" alt=\"ABANDONADAS.- Abandonadas fueron las bases de concreto que se instalaron para crear el parque de juegos para los peques de El Se\u00f1orial.\" src=\"https:\/\/i0.wp.com\/www.eltrabajo.cl\/portal\/wp-content\/uploads\/2014\/01\/abandono1.jpg?resize=259%2C353\" width=\"259\" height=\"353\" srcset=\"https:\/\/i0.wp.com\/eltrabajo.cl\/portal\/wp-content\/uploads\/2014\/01\/abandono1.jpg?w=529&amp;ssl=1 529w, https:\/\/i0.wp.com\/eltrabajo.cl\/portal\/wp-content\/uploads\/2014\/01\/abandono1.jpg?resize=110%2C150&amp;ssl=1 110w, https:\/\/i0.wp.com\/eltrabajo.cl\/portal\/wp-content\/uploads\/2014\/01\/abandono1.jpg?resize=220%2C300&amp;ssl=1 220w, https:\/\/i0.wp.com\/eltrabajo.cl\/portal\/wp-content\/uploads\/2014\/01\/abandono1.jpg?resize=400%2C544&amp;ssl=1 400w\" sizes=\"auto, (max-width: 259px) 100vw, 259px\" \/><\/a><figcaption id=\"caption-attachment-41800\" class=\"wp-caption-text\">ABANDONADAS.- Abandonadas fueron las bases de concreto que se instalaron para crear el parque de juegos para los peques de El Se\u00f1orial.<\/figcaption><\/figure>\n<p><strong>&#8211; \u00bfCu\u00e1l es el problema que enfrentan ustedes como vecinos?<\/strong><\/p>\n<p>&#8211; \u00abEl problema que tenemos es el siguiente, al no definir el municipio sembrar \u00e1rboles; instalar juegos o aparatos mec\u00e1nicos para ejercicios, lo que viene a ocurrir es que todo el espacio de nuestra placita es usado, por algunos vecinos y por gente de otros sectores, como basurero p\u00fablico, aqu\u00ed vienen a tirar perros y gatos muertos, sillones viejos, llantas usadas y hasta escombros de construcci\u00f3n. Necesitamos que alguien intervenga en este problema y que lo hagan pronto\u00bb.<\/p>\n<p><strong>&#8211; \u00bfY ustedes se han organizado para solucionar este asunto?<\/strong><\/p>\n<p>&#8211; \u00abPues no tenemos junta vecinal en Etapa 3, hace como 15 a\u00f1os Manuel Millanao fue presidente de nuestra junta vecinal, desde entonces no tenemos una, por lo que ya estamos tambi\u00e9n organiz\u00e1ndonos para crearla\u00bb.<\/p>\n<p>El Concejal Basilio Muena por su parte, fue claro al informar su preocupaci\u00f3n por el problema, mientras que anunci\u00f3 una eventual segunda etapa y quiz\u00e1 soluci\u00f3n definitiva para los pobladores de El Se\u00f1orial.<\/p>\n<p>&nbsp;<\/p>\n<figure id=\"attachment_41805\" aria-describedby=\"caption-attachment-41805\" style=\"width: 190px\" class=\"wp-caption alignright\"><a href=\"https:\/\/i0.wp.com\/www.eltrabajo.cl\/portal\/wp-content\/uploads\/2014\/01\/Rolando-Stevenson.jpg\"><img data-recalc-dims=\"1\" loading=\"lazy\" decoding=\"async\" class=\" wp-image-41805  \" title=\"Rolando Stevenson, Core electo de Aconcagua.\" alt=\"Rolando Stevenson, Core electo de Aconcagua.\" src=\"https:\/\/i0.wp.com\/www.eltrabajo.cl\/portal\/wp-content\/uploads\/2014\/01\/Rolando-Stevenson.jpg?resize=190%2C168\" width=\"190\" height=\"168\" srcset=\"https:\/\/i0.wp.com\/eltrabajo.cl\/portal\/wp-content\/uploads\/2014\/01\/Rolando-Stevenson.jpg?w=529&amp;ssl=1 529w, https:\/\/i0.wp.com\/eltrabajo.cl\/portal\/wp-content\/uploads\/2014\/01\/Rolando-Stevenson.jpg?resize=169%2C150&amp;ssl=1 169w, https:\/\/i0.wp.com\/eltrabajo.cl\/portal\/wp-content\/uploads\/2014\/01\/Rolando-Stevenson.jpg?resize=300%2C264&amp;ssl=1 300w, https:\/\/i0.wp.com\/eltrabajo.cl\/portal\/wp-content\/uploads\/2014\/01\/Rolando-Stevenson.jpg?resize=150%2C132&amp;ssl=1 150w, https:\/\/i0.wp.com\/eltrabajo.cl\/portal\/wp-content\/uploads\/2014\/01\/Rolando-Stevenson.jpg?resize=400%2C353&amp;ssl=1 400w\" sizes=\"auto, (max-width: 190px) 100vw, 190px\" \/><\/a><figcaption id=\"caption-attachment-41805\" class=\"wp-caption-text\">Rolando Stevenson, Core electo de Aconcagua.<\/figcaption><\/figure>\n<p>\u00abEl d\u00eda lunes me reun\u00ed con los vecinos para ver el problema de basura, el municipio dio soluci\u00f3n inmediata el martes, lo que pasa ahora es que estamos buscando gestionar una segunda parte en este sector, que es la recuperaci\u00f3n de los juegos infantiles en esta plaza, tambi\u00e9n quiero llamar a los vecinos para que no tiren basura ac\u00e1 y que anoten la patente de cuanto auto vean descargando escombros en la plaza, nosotros haremos el resto\u00bb, coment\u00f3 Muena.<\/p>\n<figure id=\"attachment_41806\" aria-describedby=\"caption-attachment-41806\" style=\"width: 190px\" class=\"wp-caption alignleft\"><a href=\"https:\/\/i0.wp.com\/www.eltrabajo.cl\/portal\/wp-content\/uploads\/2014\/01\/Basilio-Muena.jpg\"><img data-recalc-dims=\"1\" loading=\"lazy\" decoding=\"async\" class=\" wp-image-41806   \" title=\"Basilio Muena, Concejal de San Felipe.\" alt=\"Basilio Muena, Concejal de San Felipe.\" src=\"https:\/\/i0.wp.com\/www.eltrabajo.cl\/portal\/wp-content\/uploads\/2014\/01\/Basilio-Muena.jpg?resize=190%2C182\" width=\"190\" height=\"182\" srcset=\"https:\/\/i0.wp.com\/eltrabajo.cl\/portal\/wp-content\/uploads\/2014\/01\/Basilio-Muena.jpg?w=529&amp;ssl=1 529w, https:\/\/i0.wp.com\/eltrabajo.cl\/portal\/wp-content\/uploads\/2014\/01\/Basilio-Muena.jpg?resize=157%2C150&amp;ssl=1 157w, https:\/\/i0.wp.com\/eltrabajo.cl\/portal\/wp-content\/uploads\/2014\/01\/Basilio-Muena.jpg?resize=300%2C286&amp;ssl=1 300w, https:\/\/i0.wp.com\/eltrabajo.cl\/portal\/wp-content\/uploads\/2014\/01\/Basilio-Muena.jpg?resize=150%2C143&amp;ssl=1 150w, https:\/\/i0.wp.com\/eltrabajo.cl\/portal\/wp-content\/uploads\/2014\/01\/Basilio-Muena.jpg?resize=400%2C381&amp;ssl=1 400w\" sizes=\"auto, (max-width: 190px) 100vw, 190px\" \/><\/a><figcaption id=\"caption-attachment-41806\" class=\"wp-caption-text\">Basilio Muena, Concejal de San Felipe.<\/figcaption><\/figure>\n<p>Rolando Stevenson, Consejero Regional Electo, en tanto, hizo hincapi\u00e9 en que este no es el \u00fanico problema a solucionar en el valle, dijo tambi\u00e9n que \u00e9l est\u00e1 dispuesto a darle la prioridad necesaria a este caso y a los que sean posible atender.<\/p>\n<p>\u00abSon como 400 los proyectos similares que tengo que revisar en cuanto asuma mi cargo, espero que en la medida de nuestras posibilidades podamos trabajar para que esta clase de problem\u00e1tica en San Felipe disminuya r\u00e1pidamente\u00bb, detall\u00f3 Stevenson.<\/p>\n<figure id=\"attachment_41807\" aria-describedby=\"caption-attachment-41807\" style=\"width: 190px\" class=\"wp-caption alignright\"><a href=\"https:\/\/i0.wp.com\/www.eltrabajo.cl\/portal\/wp-content\/uploads\/2014\/01\/Juan-Ahumada.jpg\"><img data-recalc-dims=\"1\" loading=\"lazy\" decoding=\"async\" class=\" wp-image-41807  \" title=\"Juan Ahumada, vecino de Villa El Se\u00f1orial.\" alt=\"Juan Ahumada, vecino de Villa El Se\u00f1orial.\" src=\"https:\/\/i0.wp.com\/www.eltrabajo.cl\/portal\/wp-content\/uploads\/2014\/01\/Juan-Ahumada.jpg?resize=190%2C183\" width=\"190\" height=\"183\" srcset=\"https:\/\/i0.wp.com\/eltrabajo.cl\/portal\/wp-content\/uploads\/2014\/01\/Juan-Ahumada.jpg?w=529&amp;ssl=1 529w, https:\/\/i0.wp.com\/eltrabajo.cl\/portal\/wp-content\/uploads\/2014\/01\/Juan-Ahumada.jpg?resize=156%2C150&amp;ssl=1 156w, https:\/\/i0.wp.com\/eltrabajo.cl\/portal\/wp-content\/uploads\/2014\/01\/Juan-Ahumada.jpg?resize=300%2C288&amp;ssl=1 300w, https:\/\/i0.wp.com\/eltrabajo.cl\/portal\/wp-content\/uploads\/2014\/01\/Juan-Ahumada.jpg?resize=150%2C144&amp;ssl=1 150w, https:\/\/i0.wp.com\/eltrabajo.cl\/portal\/wp-content\/uploads\/2014\/01\/Juan-Ahumada.jpg?resize=400%2C384&amp;ssl=1 400w\" sizes=\"auto, (max-width: 190px) 100vw, 190px\" \/><\/a><figcaption id=\"caption-attachment-41807\" class=\"wp-caption-text\">Juan Ahumada, vecino de Villa El Se\u00f1orial.<\/figcaption><\/figure>\n<p>En los pocos juegos, que son dos, los ni\u00f1os tienen que hacer fila para poder jugar unos cinco minutos y darle espacio a otros, ya que s\u00f3lo hay un columpio para todo el sector, situaci\u00f3n que ha venido a generar gran malestar entre los vecinos, ya que el municipio ni usa los terrenos para finalizar lo que empez\u00f3, ni planta \u00e1rboles que eviten habilitar la plaza para los irresponsables que ensucian el barrio.<\/p>\n<p>Roberto Gonz\u00e1lez Short<\/p>\n<p>rgonzalez@eltrabajo.cl<\/p>\n<p>&nbsp;<\/p>\n","protected":false},"excerpt":{"rendered":"<p>Luego que en Diario El Trabajo public\u00e1ramos esta semana la Foto-denuncia del micro-basural en la plaza de la Etapa 3 de Villa El Se\u00f1orial, denuncia que sac\u00f3 a la luz la problem\u00e1tica&#8230;<\/p>\n","protected":false},"author":482,"featured_media":41798,"comment_status":"open","ping_status":"closed","sticky":false,"template":"","format":"standard","meta":{"advanced_seo_description":"","jetpack_seo_html_title":"","jetpack_seo_noindex":false,"_jetpack_memberships_contains_paid_content":false,"footnotes":""},"categories":[15],"tags":[],"class_list":["post-41797","post","type-post","status-publish","format-standard","has-post-thumbnail","hentry","category-comunidad"],"jetpack_featured_media_url":"https:\/\/i0.wp.com\/eltrabajo.cl\/portal\/wp-content\/uploads\/2014\/01\/Plaza1.jpg?fit=528%2C313&ssl=1","jetpack_sharing_enabled":true,"jetpack_likes_enabled":true,"jetpack-related-posts":[],"_links":{"self":[{"href":"https:\/\/eltrabajo.cl\/portal\/wp-json\/wp\/v2\/posts\/41797","targetHints":{"allow":["GET"]}}],"collection":[{"href":"https:\/\/eltrabajo.cl\/portal\/wp-json\/wp\/v2\/posts"}],"about":[{"href":"https:\/\/eltrabajo.cl\/portal\/wp-json\/wp\/v2\/types\/post"}],"author":[{"embeddable":true,"href":"https:\/\/eltrabajo.cl\/portal\/wp-json\/wp\/v2\/users\/482"}],"replies":[{"embeddable":true,"href":"https:\/\/eltrabajo.cl\/portal\/wp-json\/wp\/v2\/comments?post=41797"}],"version-history":[{"count":0,"href":"https:\/\/eltrabajo.cl\/portal\/wp-json\/wp\/v2\/posts\/41797\/revisions"}],"wp:featuredmedia":[{"embeddable":true,"href":"https:\/\/eltrabajo.cl\/portal\/wp-json\/wp\/v2\/media\/41798"}],"wp:attachment":[{"href":"https:\/\/eltrabajo.cl\/portal\/wp-json\/wp\/v2\/media?parent=41797"}],"wp:term":[{"taxonomy":"category","embeddable":true,"href":"https:\/\/eltrabajo.cl\/portal\/wp-json\/wp\/v2\/categories?post=41797"},{"taxonomy":"post_tag","embeddable":true,"href":"https:\/\/eltrabajo.cl\/portal\/wp-json\/wp\/v2\/tags?post=41797"}],"curies":[{"name":"wp","href":"https:\/\/api.w.org\/{rel}","templated":true}]}}