{"id":41810,"date":"2014-01-10T09:59:00","date_gmt":"2014-01-10T12:59:00","guid":{"rendered":"http:\/\/www.eltrabajo.cl\/portal\/?p=41810"},"modified":"2014-01-10T09:59:00","modified_gmt":"2014-01-10T12:59:00","slug":"confirman-fecha-para-la-coronacion-de-nuestra-reina-de-la-primavera","status":"publish","type":"post","link":"https:\/\/eltrabajo.cl\/portal\/confirman-fecha-para-la-coronacion-de-nuestra-reina-de-la-primavera\/","title":{"rendered":"Confirman fecha para la coronaci\u00f3n de nuestra Reina de la Primavera"},"content":{"rendered":"<figure id=\"attachment_41811\" aria-describedby=\"caption-attachment-41811\" style=\"width: 317px\" class=\"wp-caption alignleft\"><a href=\"https:\/\/i0.wp.com\/www.eltrabajo.cl\/portal\/wp-content\/uploads\/2014\/01\/Alicia-Dicloux.jpg\"><img data-recalc-dims=\"1\" loading=\"lazy\" decoding=\"async\" class=\"wp-image-41811 \" title=\"A PARTICIPAR.- Alicia Dicloux, Jefa del Departamento de Organizaciones Comunitarias de la Municipalidad de San Felipe, muestra uno de los afiches que ya se usan en las comunas y barrios de toda nuestra provincia.\" alt=\"A PARTICIPAR.- Alicia Dicloux, Jefa del Departamento de Organizaciones Comunitarias de la Municipalidad de San Felipe, muestra uno de los afiches que ya se usan en las comunas y barrios de toda nuestra provincia.\" src=\"https:\/\/i0.wp.com\/www.eltrabajo.cl\/portal\/wp-content\/uploads\/2014\/01\/Alicia-Dicloux.jpg?resize=317%2C238\" width=\"317\" height=\"238\" srcset=\"https:\/\/i0.wp.com\/eltrabajo.cl\/portal\/wp-content\/uploads\/2014\/01\/Alicia-Dicloux.jpg?w=529&amp;ssl=1 529w, https:\/\/i0.wp.com\/eltrabajo.cl\/portal\/wp-content\/uploads\/2014\/01\/Alicia-Dicloux.jpg?resize=200%2C150&amp;ssl=1 200w, https:\/\/i0.wp.com\/eltrabajo.cl\/portal\/wp-content\/uploads\/2014\/01\/Alicia-Dicloux.jpg?resize=300%2C225&amp;ssl=1 300w, https:\/\/i0.wp.com\/eltrabajo.cl\/portal\/wp-content\/uploads\/2014\/01\/Alicia-Dicloux.jpg?resize=150%2C112&amp;ssl=1 150w, https:\/\/i0.wp.com\/eltrabajo.cl\/portal\/wp-content\/uploads\/2014\/01\/Alicia-Dicloux.jpg?resize=400%2C300&amp;ssl=1 400w\" sizes=\"auto, (max-width: 317px) 100vw, 317px\" \/><\/a><figcaption id=\"caption-attachment-41811\" class=\"wp-caption-text\">A PARTICIPAR.- Alicia Dicloux, Jefa del Departamento de Organizaciones Comunitarias de la Municipalidad de San Felipe, muestra uno de los afiches que ya se usan en las comunas y barrios de toda nuestra provincia.<\/figcaption><\/figure>\n<p>La Fiesta de la Primavera 2013, si bien es cierto que se debi\u00f3 posponer algunos meses a ra\u00edz del paro de los municipales, siempre se realizar y la fecha del evento, fue confirmada la ma\u00f1ana de este jueves por Alicia Dicloux, Jefa del Departamento de Organizaciones Comunitarias de la Municipalidad de San Felipe. La funcionaria confirm\u00f3 a nuestro medio que, si bien es cierto que hay m\u00e1s de diez agrupaciones comunales inscritas para participar, s\u00f3lo dos de ellas est\u00e1n plenamente confirmadas, por lo que anim\u00f3 a todas las juntas vecinales a involucrarse m\u00e1s en el proceso.<\/p>\n<p>\u00abEl llamado es para todos los vecinos de la provincia, a que se interesen en esta actividad, pues s\u00f3lo as\u00ed podr\u00e1n las comunidades estar m\u00e1s unidas y mejorar sus relaciones sociales en la medida en que se relacionan en esta clase de actividades\u00bb, coment\u00f3 Dicloux a Diario El Trabajo.<\/p>\n<p>Seg\u00fan la funcionaria, la candidata que resulte Reina de la Primavera, recibir\u00e1 su corona; la banda de reina y algunos regalos, mismos que a\u00fan no son confirmados, \u00abel a\u00f1o 2012, cuando hicimos la otra fiesta, la reina recibi\u00f3 una computadora port\u00e1til y la junta vecinal ganadora disfrutaron de una cena en Enjoy Santiago, pueden participar hasta 30 vecinos en cada carroza\u00bb, agreg\u00f3 Alicia Dicloux. Ella report\u00f3 tambi\u00e9n, que el segundo lugar gan\u00f3 en 2012 un equipo de sonido para su sede vecinal y el tercer lugar recibi\u00f3 un televisor de plasma.<\/p>\n<p>Roberto Gonz\u00e1lez Short<\/p>\n<p>rgonzalez@eltrabajo.cl<\/p>\n<p>&nbsp;<\/p>\n","protected":false},"excerpt":{"rendered":"<p>La Fiesta de la Primavera 2013, si bien es cierto que se debi\u00f3 posponer algunos meses a ra\u00edz del paro de los municipales, siempre se realizar y la fecha del evento, fue&#8230;<\/p>\n","protected":false},"author":482,"featured_media":41811,"comment_status":"open","ping_status":"closed","sticky":false,"template":"","format":"standard","meta":{"advanced_seo_description":"","jetpack_seo_html_title":"","jetpack_seo_noindex":false,"_jetpack_memberships_contains_paid_content":false,"footnotes":""},"categories":[1],"tags":[],"class_list":["post-41810","post","type-post","status-publish","format-standard","has-post-thumbnail","hentry","category-cronica"],"jetpack_featured_media_url":"https:\/\/i0.wp.com\/eltrabajo.cl\/portal\/wp-content\/uploads\/2014\/01\/Alicia-Dicloux.jpg?fit=529%2C397&ssl=1","jetpack_sharing_enabled":true,"jetpack_likes_enabled":true,"jetpack-related-posts":[],"_links":{"self":[{"href":"https:\/\/eltrabajo.cl\/portal\/wp-json\/wp\/v2\/posts\/41810","targetHints":{"allow":["GET"]}}],"collection":[{"href":"https:\/\/eltrabajo.cl\/portal\/wp-json\/wp\/v2\/posts"}],"about":[{"href":"https:\/\/eltrabajo.cl\/portal\/wp-json\/wp\/v2\/types\/post"}],"author":[{"embeddable":true,"href":"https:\/\/eltrabajo.cl\/portal\/wp-json\/wp\/v2\/users\/482"}],"replies":[{"embeddable":true,"href":"https:\/\/eltrabajo.cl\/portal\/wp-json\/wp\/v2\/comments?post=41810"}],"version-history":[{"count":0,"href":"https:\/\/eltrabajo.cl\/portal\/wp-json\/wp\/v2\/posts\/41810\/revisions"}],"wp:featuredmedia":[{"embeddable":true,"href":"https:\/\/eltrabajo.cl\/portal\/wp-json\/wp\/v2\/media\/41811"}],"wp:attachment":[{"href":"https:\/\/eltrabajo.cl\/portal\/wp-json\/wp\/v2\/media?parent=41810"}],"wp:term":[{"taxonomy":"category","embeddable":true,"href":"https:\/\/eltrabajo.cl\/portal\/wp-json\/wp\/v2\/categories?post=41810"},{"taxonomy":"post_tag","embeddable":true,"href":"https:\/\/eltrabajo.cl\/portal\/wp-json\/wp\/v2\/tags?post=41810"}],"curies":[{"name":"wp","href":"https:\/\/api.w.org\/{rel}","templated":true}]}}