{"id":41813,"date":"2014-01-10T09:59:49","date_gmt":"2014-01-10T12:59:49","guid":{"rendered":"http:\/\/www.eltrabajo.cl\/portal\/?p=41813"},"modified":"2014-01-10T09:59:49","modified_gmt":"2014-01-10T12:59:49","slug":"el-deporte-se-toma-san-felipe-con-zumbaton-y-basquetbol-sub-13-y-sub-17","status":"publish","type":"post","link":"https:\/\/eltrabajo.cl\/portal\/el-deporte-se-toma-san-felipe-con-zumbaton-y-basquetbol-sub-13-y-sub-17\/","title":{"rendered":"El deporte se toma San Felipe con \u2018zumbaton\u2019 y b\u00e1squetbol sub 13 y sub 17"},"content":{"rendered":"<figure id=\"attachment_41814\" aria-describedby=\"caption-attachment-41814\" style=\"width: 529px\" class=\"wp-caption alignnone\"><a href=\"https:\/\/i0.wp.com\/www.eltrabajo.cl\/portal\/wp-content\/uploads\/2014\/01\/zumbaton.jpg\"><img data-recalc-dims=\"1\" loading=\"lazy\" decoding=\"async\" class=\"size-full wp-image-41814\" title=\"Este s\u00e1bado a partir de las 10 de la ma\u00f1ana se realizar\u00e1 la \u2018Zumbaton\u2019 en la esquina de Yungay con Chacabuco. (Archivo).\" alt=\"Este s\u00e1bado a partir de las 10 de la ma\u00f1ana se realizar\u00e1 la \u2018Zumbaton\u2019 en la esquina de Yungay con Chacabuco. (Archivo).\" src=\"https:\/\/i0.wp.com\/www.eltrabajo.cl\/portal\/wp-content\/uploads\/2014\/01\/zumbaton.jpg?resize=529%2C298\" width=\"529\" height=\"298\" srcset=\"https:\/\/i0.wp.com\/eltrabajo.cl\/portal\/wp-content\/uploads\/2014\/01\/zumbaton.jpg?w=529&amp;ssl=1 529w, https:\/\/i0.wp.com\/eltrabajo.cl\/portal\/wp-content\/uploads\/2014\/01\/zumbaton.jpg?resize=200%2C112&amp;ssl=1 200w, https:\/\/i0.wp.com\/eltrabajo.cl\/portal\/wp-content\/uploads\/2014\/01\/zumbaton.jpg?resize=300%2C168&amp;ssl=1 300w, https:\/\/i0.wp.com\/eltrabajo.cl\/portal\/wp-content\/uploads\/2014\/01\/zumbaton.jpg?resize=150%2C84&amp;ssl=1 150w, https:\/\/i0.wp.com\/eltrabajo.cl\/portal\/wp-content\/uploads\/2014\/01\/zumbaton.jpg?resize=400%2C225&amp;ssl=1 400w\" sizes=\"auto, (max-width: 529px) 100vw, 529px\" \/><\/a><figcaption id=\"caption-attachment-41814\" class=\"wp-caption-text\">Este s\u00e1bado a partir de las 10 de la ma\u00f1ana se realizar\u00e1 la \u2018Zumbaton\u2019 en la esquina de Yungay con Chacabuco. (Archivo).<\/figcaption><\/figure>\n<p>Un entretenido programa de actividades dio a conocer el Departamento de Deportes de la Municipalidad de San Felipe, el que comienza este s\u00e1bado 11 de enero con una masiva \u2018zumbaton\u2019 al aire libre.<\/p>\n<p>La actividad se realizar\u00e1 este s\u00e1bado desde las 10 de la ma\u00f1ana, en la esquina de Yungay con Chacabuco, en una alianza con el gimnasio Workout y la invitaci\u00f3n es a toda la comunidad a participar.<\/p>\n<p>\u201cNos vamos a juntar ah\u00ed y vamos a tener dos profesores de zumba, va a ser un evento de una hora y media de baile y actividad f\u00edsica para toda la comunidad, la idea es que vayan con la familia, con los amigos y el objetivo es pasarlo bien en torno a la actividad f\u00edsica\u201d, dijo Jorge Camponovo, due\u00f1o del gimnasio Workout.<\/p>\n<p>La actividad se repetir\u00e1 el segundo s\u00e1bado de cada mes y para esta primera jornada deportiva-recreativa, quienes asistan deben llevar agua y bloqueador solar, ya que aunque la actividad se realizar\u00e1 a la sombra de los \u00e1rboles de la avenida, siempre es importante proteger la piel en estos d\u00edas de extremo calor en la comuna.<\/p>\n<p>Y el mi\u00e9rcoles 14 se inicia el Campeonato Nacional de Basquetbol en categor\u00eda Sub-17, encuentro que se realizar\u00e1 en el gimnasio del Liceo Roberto Humeres y tambi\u00e9n en la sala Samuel Tapia Guerrero, donde se desarrollar\u00e1n dos partidos en la ma\u00f1ana y dos en la tarde.<\/p>\n<p>\u201cLa Asociaci\u00f3n de B\u00e1squetbol ha trabajado con mucho ah\u00ednco para tener este campeonato por lo que significa, son ocho equipos de los cuales uno solo es local y los otros siete son de afuera, donde hay todo un tema que tiene que ver con la parte operativa, por ello se ha trabajado para tener un lindo torneo\u201d, se\u00f1al\u00f3 Danilo Pe\u00f1a, coordinador de Deportes del municipio.<\/p>\n<p>Y a la semana siguiente el deporte seguir\u00e1 presente en la comuna, ya que se desarrollar\u00e1 un segundo campeonato de b\u00e1squetbol en la categor\u00eda sub 13, ambas en varones.<\/p>\n<p>&nbsp;<\/p>\n","protected":false},"excerpt":{"rendered":"<p>Un entretenido programa de actividades dio a conocer el Departamento de Deportes de la Municipalidad de San Felipe, el que comienza este s\u00e1bado 11 de enero con una masiva \u2018zumbaton\u2019 al aire&#8230;<\/p>\n","protected":false},"author":482,"featured_media":41814,"comment_status":"open","ping_status":"closed","sticky":false,"template":"","format":"standard","meta":{"advanced_seo_description":"","jetpack_seo_html_title":"","jetpack_seo_noindex":false,"_jetpack_memberships_contains_paid_content":false,"footnotes":""},"categories":[1],"tags":[],"class_list":["post-41813","post","type-post","status-publish","format-standard","has-post-thumbnail","hentry","category-cronica"],"jetpack_featured_media_url":"https:\/\/i0.wp.com\/eltrabajo.cl\/portal\/wp-content\/uploads\/2014\/01\/zumbaton.jpg?fit=529%2C298&ssl=1","jetpack_sharing_enabled":true,"jetpack_likes_enabled":true,"jetpack-related-posts":[],"_links":{"self":[{"href":"https:\/\/eltrabajo.cl\/portal\/wp-json\/wp\/v2\/posts\/41813","targetHints":{"allow":["GET"]}}],"collection":[{"href":"https:\/\/eltrabajo.cl\/portal\/wp-json\/wp\/v2\/posts"}],"about":[{"href":"https:\/\/eltrabajo.cl\/portal\/wp-json\/wp\/v2\/types\/post"}],"author":[{"embeddable":true,"href":"https:\/\/eltrabajo.cl\/portal\/wp-json\/wp\/v2\/users\/482"}],"replies":[{"embeddable":true,"href":"https:\/\/eltrabajo.cl\/portal\/wp-json\/wp\/v2\/comments?post=41813"}],"version-history":[{"count":0,"href":"https:\/\/eltrabajo.cl\/portal\/wp-json\/wp\/v2\/posts\/41813\/revisions"}],"wp:featuredmedia":[{"embeddable":true,"href":"https:\/\/eltrabajo.cl\/portal\/wp-json\/wp\/v2\/media\/41814"}],"wp:attachment":[{"href":"https:\/\/eltrabajo.cl\/portal\/wp-json\/wp\/v2\/media?parent=41813"}],"wp:term":[{"taxonomy":"category","embeddable":true,"href":"https:\/\/eltrabajo.cl\/portal\/wp-json\/wp\/v2\/categories?post=41813"},{"taxonomy":"post_tag","embeddable":true,"href":"https:\/\/eltrabajo.cl\/portal\/wp-json\/wp\/v2\/tags?post=41813"}],"curies":[{"name":"wp","href":"https:\/\/api.w.org\/{rel}","templated":true}]}}