{"id":41832,"date":"2014-01-10T10:10:14","date_gmt":"2014-01-10T13:10:14","guid":{"rendered":"http:\/\/www.eltrabajo.cl\/portal\/?p=41832"},"modified":"2014-01-10T10:10:14","modified_gmt":"2014-01-10T13:10:14","slug":"apedrean-a-carabineros-en-operativo-realizado-en-villa-250-anos","status":"publish","type":"post","link":"https:\/\/eltrabajo.cl\/portal\/apedrean-a-carabineros-en-operativo-realizado-en-villa-250-anos\/","title":{"rendered":"Apedrean a Carabineros en operativo realizado en Villa 250 A\u00f1os"},"content":{"rendered":"<figure id=\"attachment_41833\" aria-describedby=\"caption-attachment-41833\" style=\"width: 317px\" class=\"wp-caption alignleft\"><a href=\"https:\/\/i0.wp.com\/www.eltrabajo.cl\/portal\/wp-content\/uploads\/2014\/01\/Capitan-Alfredo-Castillo.jpg\"><img data-recalc-dims=\"1\" loading=\"lazy\" decoding=\"async\" class=\" wp-image-41833 \" title=\"Capit\u00e1n Alfredo Castillo, Comisario (S) de Carabineros de San Felipe.\" alt=\"Capit\u00e1n Alfredo Castillo, Comisario (S) de Carabineros de San Felipe.\" src=\"https:\/\/i0.wp.com\/www.eltrabajo.cl\/portal\/wp-content\/uploads\/2014\/01\/Capitan-Alfredo-Castillo.jpg?resize=317%2C212\" width=\"317\" height=\"212\" srcset=\"https:\/\/i0.wp.com\/eltrabajo.cl\/portal\/wp-content\/uploads\/2014\/01\/Capitan-Alfredo-Castillo.jpg?w=529&amp;ssl=1 529w, https:\/\/i0.wp.com\/eltrabajo.cl\/portal\/wp-content\/uploads\/2014\/01\/Capitan-Alfredo-Castillo.jpg?resize=200%2C133&amp;ssl=1 200w, https:\/\/i0.wp.com\/eltrabajo.cl\/portal\/wp-content\/uploads\/2014\/01\/Capitan-Alfredo-Castillo.jpg?resize=300%2C200&amp;ssl=1 300w, https:\/\/i0.wp.com\/eltrabajo.cl\/portal\/wp-content\/uploads\/2014\/01\/Capitan-Alfredo-Castillo.jpg?resize=150%2C100&amp;ssl=1 150w, https:\/\/i0.wp.com\/eltrabajo.cl\/portal\/wp-content\/uploads\/2014\/01\/Capitan-Alfredo-Castillo.jpg?resize=400%2C266&amp;ssl=1 400w\" sizes=\"auto, (max-width: 317px) 100vw, 317px\" \/><\/a><figcaption id=\"caption-attachment-41833\" class=\"wp-caption-text\">Capit\u00e1n Alfredo Castillo, Comisario (S) de Carabineros de San Felipe.<\/figcaption><\/figure>\n<ul>\n<li><strong>Tras denuncia por robo de veh\u00edculo que fue llevado al sector poblacional, desconocidos lanzaron piedras contra el personal policial.<\/strong><\/li>\n<\/ul>\n<p>Un nuevo ataque a pedradas sufri\u00f3 personal de Carabineros de la Segunda Comisar\u00eda de San Felipe, tras un operativo de recuperaci\u00f3n de un veh\u00edculo que fue robado anoche en esta misma comuna.<\/p>\n<p>Fue a prop\u00f3sito de una denuncia por el robo de un veh\u00edculo registrado pasadas las 00:00 horas de ayer, que Carabineros inici\u00f3 diversas diligencias tendientes a dar con la ubicaci\u00f3n del m\u00f3vil.<\/p>\n<p>Personal policial recibi\u00f3 antecedentes en torno a que este m\u00f3vil se encontraba en las inmediaciones de Villa 250 A\u00f1os, por lo que se dirigi\u00f3 a eso de la 01:30 horas al sector poblacional, donde se encontraba un numeroso grupo de personas que rodeaba el m\u00f3vil, y que ante la presencia de Carabineros se retir\u00f3 del lugar, ocult\u00e1ndose en distintos puntos cercanos desde donde comenzaron a apedrear a los funcionarios policiales.<\/p>\n<p>Seg\u00fan inform\u00f3 el Capit\u00e1n Alfredo Castillo, pese al ataque a pedradas, fue posible recuperar el veh\u00edculo y entregarlo a su due\u00f1o horas m\u00e1s tarde.<\/p>\n<p>\u201cSe recibi\u00f3 informaci\u00f3n en cuanto a que este veh\u00edculo se encontraba en las inmediaciones de Villa 250 A\u00f1os, llegando hasta el lugar y encontrando el veh\u00edculo con las caracter\u00edsticas se\u00f1aladas por el denunciante del robo, por lo que se inici\u00f3 un operativo para recuperar este m\u00f3vil, llegando hasta Villa Sol Naciente, a la cancha espec\u00edficamente\u201d, dijo el capit\u00e1n Castillo.<\/p>\n<p>A\u00f1adi\u00f3 que \u201cse realizaron todas las diligencias necesarias para recuperar el veh\u00edculo, pese a que hab\u00eda personas que intentaron desmantelarlo, sin que fuese necesario utilizar otro tipo de herramientas para controlar estas muchedumbres agresivas, que lanzaron piedras y provocaron da\u00f1os a los carros policiales\u201d.<\/p>\n<p>El comisario subrogante de Carabineros manifest\u00f3 que en la oportunidad no hubo detenidos, ya que a la llegada de personal policial, la multitud se dispers\u00f3, pero s\u00ed atac\u00f3 a pedradas a los funcionarios que practicaron esta diligencia.<\/p>\n<p>A ra\u00edz de este operativo no hubo detenidos ni tampoco personas lesionadas, aun cuando los veh\u00edculos policiales resultaron con algunos da\u00f1os producto del ataque a pedradas.<\/p>\n<p>Por fortuna, el hecho no pas\u00f3 a mayores, aun cuando el personal policial acudi\u00f3 en gran n\u00famero hasta el lugar para desarrollar este operativo.<\/p>\n<p>&nbsp;<\/p>\n","protected":false},"excerpt":{"rendered":"<p>Tras denuncia por robo de veh\u00edculo que fue llevado al sector poblacional, desconocidos lanzaron piedras contra el personal policial. Un nuevo ataque a pedradas sufri\u00f3 personal de Carabineros de la Segunda Comisar\u00eda&#8230;<\/p>\n","protected":false},"author":482,"featured_media":41833,"comment_status":"open","ping_status":"closed","sticky":false,"template":"","format":"standard","meta":{"advanced_seo_description":"","jetpack_seo_html_title":"","jetpack_seo_noindex":false,"_jetpack_memberships_contains_paid_content":false,"footnotes":""},"categories":[1],"tags":[],"class_list":["post-41832","post","type-post","status-publish","format-standard","has-post-thumbnail","hentry","category-cronica"],"jetpack_featured_media_url":"https:\/\/i0.wp.com\/eltrabajo.cl\/portal\/wp-content\/uploads\/2014\/01\/Capitan-Alfredo-Castillo.jpg?fit=529%2C353&ssl=1","jetpack_sharing_enabled":true,"jetpack_likes_enabled":true,"jetpack-related-posts":[],"_links":{"self":[{"href":"https:\/\/eltrabajo.cl\/portal\/wp-json\/wp\/v2\/posts\/41832","targetHints":{"allow":["GET"]}}],"collection":[{"href":"https:\/\/eltrabajo.cl\/portal\/wp-json\/wp\/v2\/posts"}],"about":[{"href":"https:\/\/eltrabajo.cl\/portal\/wp-json\/wp\/v2\/types\/post"}],"author":[{"embeddable":true,"href":"https:\/\/eltrabajo.cl\/portal\/wp-json\/wp\/v2\/users\/482"}],"replies":[{"embeddable":true,"href":"https:\/\/eltrabajo.cl\/portal\/wp-json\/wp\/v2\/comments?post=41832"}],"version-history":[{"count":0,"href":"https:\/\/eltrabajo.cl\/portal\/wp-json\/wp\/v2\/posts\/41832\/revisions"}],"wp:featuredmedia":[{"embeddable":true,"href":"https:\/\/eltrabajo.cl\/portal\/wp-json\/wp\/v2\/media\/41833"}],"wp:attachment":[{"href":"https:\/\/eltrabajo.cl\/portal\/wp-json\/wp\/v2\/media?parent=41832"}],"wp:term":[{"taxonomy":"category","embeddable":true,"href":"https:\/\/eltrabajo.cl\/portal\/wp-json\/wp\/v2\/categories?post=41832"},{"taxonomy":"post_tag","embeddable":true,"href":"https:\/\/eltrabajo.cl\/portal\/wp-json\/wp\/v2\/tags?post=41832"}],"curies":[{"name":"wp","href":"https:\/\/api.w.org\/{rel}","templated":true}]}}