{"id":41836,"date":"2014-01-13T09:43:36","date_gmt":"2014-01-13T12:43:36","guid":{"rendered":"http:\/\/www.eltrabajo.cl\/portal\/?p=41836"},"modified":"2014-01-13T09:43:36","modified_gmt":"2014-01-13T12:43:36","slug":"vecinos-de-villa-el-mirador-exigen-expulsion-de-gitanos-de-la-ex-aduana","status":"publish","type":"post","link":"https:\/\/eltrabajo.cl\/portal\/vecinos-de-villa-el-mirador-exigen-expulsion-de-gitanos-de-la-ex-aduana\/","title":{"rendered":"Vecinos de Villa El Mirador exigen expulsi\u00f3n de gitanos de la ex-Aduana"},"content":{"rendered":"<figure id=\"attachment_41837\" aria-describedby=\"caption-attachment-41837\" style=\"width: 529px\" class=\"wp-caption alignnone\"><a href=\"https:\/\/i0.wp.com\/www.eltrabajo.cl\/portal\/wp-content\/uploads\/2014\/01\/Gitanos1.jpg\"><img data-recalc-dims=\"1\" loading=\"lazy\" decoding=\"async\" class=\"size-full wp-image-41837\" title=\"EST\u00c1N HARTOS.- Decenas de vecinos de Villa El Mirador de Los Andes, decidieron protestar p\u00fablicamente exigiendo la salida de los gitanos de los terrenos de la ex-Aduana de Hermanos Clark.\" alt=\"EST\u00c1N HARTOS.- Decenas de vecinos de Villa El Mirador de Los Andes, decidieron protestar p\u00fablicamente exigiendo la salida de los gitanos de los terrenos de la ex-Aduana de Hermanos Clark.\" src=\"https:\/\/i0.wp.com\/www.eltrabajo.cl\/portal\/wp-content\/uploads\/2014\/01\/Gitanos1.jpg?resize=529%2C316\" width=\"529\" height=\"316\" srcset=\"https:\/\/i0.wp.com\/eltrabajo.cl\/portal\/wp-content\/uploads\/2014\/01\/Gitanos1.jpg?w=529&amp;ssl=1 529w, https:\/\/i0.wp.com\/eltrabajo.cl\/portal\/wp-content\/uploads\/2014\/01\/Gitanos1.jpg?resize=200%2C119&amp;ssl=1 200w, https:\/\/i0.wp.com\/eltrabajo.cl\/portal\/wp-content\/uploads\/2014\/01\/Gitanos1.jpg?resize=300%2C179&amp;ssl=1 300w, https:\/\/i0.wp.com\/eltrabajo.cl\/portal\/wp-content\/uploads\/2014\/01\/Gitanos1.jpg?resize=150%2C89&amp;ssl=1 150w, https:\/\/i0.wp.com\/eltrabajo.cl\/portal\/wp-content\/uploads\/2014\/01\/Gitanos1.jpg?resize=400%2C238&amp;ssl=1 400w\" sizes=\"auto, (max-width: 529px) 100vw, 529px\" \/><\/a><figcaption id=\"caption-attachment-41837\" class=\"wp-caption-text\">EST\u00c1N HARTOS.- Decenas de vecinos de Villa El Mirador de Los Andes, decidieron protestar p\u00fablicamente exigiendo la salida de los gitanos de los terrenos de la ex-Aduana de Hermanos Clark.<\/figcaption><\/figure>\n<p><strong>LOS ANDES<\/strong>.- Cansados de no ser escuchados por las autoridades, los vecinos de Villa El Mirador de Los Andes, decidieron protestar p\u00fablicamente exigiendo la salida de los gitanos de los terrenos de la ex-Aduana de Hermanos Clark, donde tienen levantadas sus carpas. A fin de llamar la atenci\u00f3n, se colocaron con pancartas y lienzos bloqueando por algunos momentos la circulaci\u00f3n de veh\u00edculos por Avenida Hermanos Clark.<\/p>\n<figure id=\"attachment_41838\" aria-describedby=\"caption-attachment-41838\" style=\"width: 422px\" class=\"wp-caption alignright\"><a href=\"https:\/\/i0.wp.com\/www.eltrabajo.cl\/portal\/wp-content\/uploads\/2014\/01\/Gitanos3.jpg\"><img data-recalc-dims=\"1\" loading=\"lazy\" decoding=\"async\" class=\" wp-image-41838 \" title=\"BASURALES.- Basurales, robos, amenazas y hasta excremento humano en los jardines, es lo que denuncian  los vecinos de Villa El Mirador, ente la evidente permisividad de las autoridades.\" alt=\"BASURALES.- Basurales, robos, amenazas y hasta excremento humano en los jardines, es lo que denuncian  los vecinos de Villa El Mirador, ente la evidente permisividad de las autoridades.\" src=\"https:\/\/i0.wp.com\/www.eltrabajo.cl\/portal\/wp-content\/uploads\/2014\/01\/Gitanos3.jpg?resize=422%2C232\" width=\"422\" height=\"232\" srcset=\"https:\/\/i0.wp.com\/eltrabajo.cl\/portal\/wp-content\/uploads\/2014\/01\/Gitanos3.jpg?w=528&amp;ssl=1 528w, https:\/\/i0.wp.com\/eltrabajo.cl\/portal\/wp-content\/uploads\/2014\/01\/Gitanos3.jpg?resize=200%2C109&amp;ssl=1 200w, https:\/\/i0.wp.com\/eltrabajo.cl\/portal\/wp-content\/uploads\/2014\/01\/Gitanos3.jpg?resize=300%2C164&amp;ssl=1 300w, https:\/\/i0.wp.com\/eltrabajo.cl\/portal\/wp-content\/uploads\/2014\/01\/Gitanos3.jpg?resize=150%2C82&amp;ssl=1 150w, https:\/\/i0.wp.com\/eltrabajo.cl\/portal\/wp-content\/uploads\/2014\/01\/Gitanos3.jpg?resize=400%2C219&amp;ssl=1 400w\" sizes=\"auto, (max-width: 422px) 100vw, 422px\" \/><\/a><figcaption id=\"caption-attachment-41838\" class=\"wp-caption-text\">BASURALES.- Basurales, robos, amenazas y hasta excremento humano en los jardines, es lo que denuncian los vecinos de Villa El Mirador, ente la evidente permisividad de las autoridades.<\/figcaption><\/figure>\n<p>La vocera de los vecinos, Raquel Osorio Fuentes, manifest\u00f3 que est\u00e1n cansados de tener que convivir y soportar las malas costumbres de los gitanos, quienes en forma insistente y grosera se acercan a pedir cosas a las casas y si no les dan, orinan y defecan en los antejardines. Adem\u00e1s, acus\u00f3 que muchos de ellos se juntan en plazoleta ubicada en Pasaje 14 Oriente a drogarse con bencina y beber alcohol, situaci\u00f3n que los tiene hartos.<\/p>\n<figure id=\"attachment_41839\" aria-describedby=\"caption-attachment-41839\" style=\"width: 422px\" class=\"wp-caption alignleft\"><a href=\"https:\/\/i0.wp.com\/www.eltrabajo.cl\/portal\/wp-content\/uploads\/2014\/01\/Gitanos2.jpg\"><img data-recalc-dims=\"1\" loading=\"lazy\" decoding=\"async\" class=\" wp-image-41839 \" title=\"\u00bfMALOS VECINOS?.- Los gitanos han instalado sus carpas en el sector, generando conflictos con los residentes.\" alt=\"\u00bfMALOS VECINOS?.- Los gitanos han instalado sus carpas en el sector, generando conflictos con los residentes.\" src=\"https:\/\/i0.wp.com\/www.eltrabajo.cl\/portal\/wp-content\/uploads\/2014\/01\/Gitanos2.jpg?resize=422%2C162\" width=\"422\" height=\"162\" srcset=\"https:\/\/i0.wp.com\/eltrabajo.cl\/portal\/wp-content\/uploads\/2014\/01\/Gitanos2.jpg?w=528&amp;ssl=1 528w, https:\/\/i0.wp.com\/eltrabajo.cl\/portal\/wp-content\/uploads\/2014\/01\/Gitanos2.jpg?resize=200%2C76&amp;ssl=1 200w, https:\/\/i0.wp.com\/eltrabajo.cl\/portal\/wp-content\/uploads\/2014\/01\/Gitanos2.jpg?resize=300%2C114&amp;ssl=1 300w, https:\/\/i0.wp.com\/eltrabajo.cl\/portal\/wp-content\/uploads\/2014\/01\/Gitanos2.jpg?resize=150%2C57&amp;ssl=1 150w, https:\/\/i0.wp.com\/eltrabajo.cl\/portal\/wp-content\/uploads\/2014\/01\/Gitanos2.jpg?resize=400%2C153&amp;ssl=1 400w\" sizes=\"auto, (max-width: 422px) 100vw, 422px\" \/><\/a><figcaption id=\"caption-attachment-41839\" class=\"wp-caption-text\">\u00bfMALOS VECINOS?.- Los gitanos han instalado sus carpas en el sector, generando conflictos con los residentes.<\/figcaption><\/figure>\n<p>\u00abEsta es una situaci\u00f3n insostenible hasta el momento y no hemos tenido respuesta ni del alcalde ni de la gobernadora, ya que nadie se hace presente y las cartas que mandamos no tienen respuesta, lo \u00fanico que queremos es que esta gente se vaya porque es demasiado el mugrer\u00edo, nos roban el agua, nos roban las cosas que tenemos en nuestras casas y si t\u00fa no le das lo que piden, te amenazan, se hacen caca y pich\u00ed en el antejard\u00edn\u00bb, fustig\u00f3.<\/p>\n<p>Osorio dijo que esta es una situaci\u00f3n inaceptable la que tienen que vivir, ya que incluso algunos gitanos cometen otros delitos como asaltos y lanzazos, adem\u00e1s de hacer fiestas hasta altas horas de la madrugada.<\/p>\n<p>\u00abEste tipo de gente se creen due\u00f1os y superiores a nosotros y eso no puede ser, esta es una villa tranquila, ordenada, pero ahora se puede ver el mugrer\u00edo que hay aqu\u00ed y tenemos muchos robos, se meten a las casas, si no les das algo te amenazan, asaltan a la gente, hacen esc\u00e1ndalos en la noche y fuman marihuana\u00bb, acus\u00f3. La residente afirm\u00f3 que uno de los hechos m\u00e1s graves, fueron las amenazas que recibieron los bomberos de la estaci\u00f3n de servicio Shell, que se ubica en el sector, a quienes les dijeron que quemar\u00edan la bomba si no les vend\u00edan bencina para drogarse.<\/p>\n<figure id=\"attachment_41841\" aria-describedby=\"caption-attachment-41841\" style=\"width: 190px\" class=\"wp-caption alignright\"><a href=\"https:\/\/i0.wp.com\/www.eltrabajo.cl\/portal\/wp-content\/uploads\/2014\/01\/Alcalde-Navarro.jpg\"><img data-recalc-dims=\"1\" loading=\"lazy\" decoding=\"async\" class=\"wp-image-41841 \" title=\"Mauricio Navarro, Alcalde de Los Andes.\" alt=\"Mauricio Navarro, Alcalde de Los Andes.\" src=\"https:\/\/i0.wp.com\/www.eltrabajo.cl\/portal\/wp-content\/uploads\/2014\/01\/Alcalde-Navarro.jpg?resize=190%2C143\" width=\"190\" height=\"143\" srcset=\"https:\/\/i0.wp.com\/eltrabajo.cl\/portal\/wp-content\/uploads\/2014\/01\/Alcalde-Navarro.jpg?w=529&amp;ssl=1 529w, https:\/\/i0.wp.com\/eltrabajo.cl\/portal\/wp-content\/uploads\/2014\/01\/Alcalde-Navarro.jpg?resize=200%2C150&amp;ssl=1 200w, https:\/\/i0.wp.com\/eltrabajo.cl\/portal\/wp-content\/uploads\/2014\/01\/Alcalde-Navarro.jpg?resize=300%2C225&amp;ssl=1 300w, https:\/\/i0.wp.com\/eltrabajo.cl\/portal\/wp-content\/uploads\/2014\/01\/Alcalde-Navarro.jpg?resize=150%2C112&amp;ssl=1 150w, https:\/\/i0.wp.com\/eltrabajo.cl\/portal\/wp-content\/uploads\/2014\/01\/Alcalde-Navarro.jpg?resize=400%2C300&amp;ssl=1 400w\" sizes=\"auto, (max-width: 190px) 100vw, 190px\" \/><\/a><figcaption id=\"caption-attachment-41841\" class=\"wp-caption-text\">Mauricio Navarro, Alcalde de Los Andes.<\/figcaption><\/figure>\n<p>Raquel Osorio manifest\u00f3 que en la villa vive mucha gente de la tercera edad que se siente atemorizada por estos sujetos y culp\u00f3 del apag\u00f3n del d\u00eda s\u00e1bado a los gitanos, \u00abporque ellos siempre se cuelgan del tendido el\u00e9ctrico. Chilquinta viene, los desconecta, pero a los cinco minutos se vuelven a colgar\u00bb.<\/p>\n<p>La vecina critic\u00f3 duramente a la Gobernadora Quiroz, quien se hab\u00eda comprometido a mantener mojado el by-pass que conecta hermanos Clark con Hermanas Hospitalarias (Ex Papudo Norte), pero eso dur\u00f3 una semana y despu\u00e9s nadie reg\u00f3 el camino y la poluci\u00f3n por el polvo en suspensi\u00f3n es muy grande, dada la cantidad de veh\u00edculos que cruza por el lugar.<\/p>\n<p>Tambi\u00e9n critic\u00f3 al Alcalde Navarro, porque cuando le plantearon la situaci\u00f3n de sacar a los gitanos, expres\u00f3 que no pod\u00eda hacerlo porque eso era discriminaci\u00f3n, \u00abpero \u00bfde qu\u00e9 discriminaci\u00f3n estamos hablando?, si queremos tener nuestro barrio limpio y ahora \u00e9l les facilit\u00f3 una parte de la piscina Quillagua\u00bb. Hasta el lugar lleg\u00f3 el Comisario de Carabineros, Mayor Edgardo Egli, quien se comprometi\u00f3 con los vecinos a reunirse con las autoridades para saber qu\u00e9 pasa con el terreno y as\u00ed poder adoptar medidas concretas en materia de seguridad.<\/p>\n<p>&nbsp;<\/p>\n<p><strong>HABLA EL\u00a0ALCALDE<\/strong><\/p>\n<p>En relaci\u00f3n a este conflicto vecinal, el Alcalde Mauricio Navarro, aludido por las cr\u00edticas de los pobladores, manifest\u00f3 que el municipio no tiene facultades para autorizar o sacar las carpas por encontrarse en terrenos que son de privados. \u00abLlamo a los dirigentes vecinales a ser muy responsables en las declaraciones que se emiten para solucionar los problemas y no provocar mayor confusi\u00f3n, ac\u00e1 tenemos una situaci\u00f3n en que se est\u00e1 afectando el orden p\u00fablico y en esta l\u00ednea he tenido la oportunidad de reunirme con el Comisario de Carabineros y le he encargado a la Jefa de la Unidad de Seguridad Ciudadana, que efect\u00fae las coordinaciones para efectos de elaborar una soluci\u00f3n de corto y mediano plazo respecto de esta problem\u00e1tica, que implica la colaboraci\u00f3n y el trabajo los \u00f3rganos llamados mantener el orden p\u00fablico que es la Gobernaci\u00f3n a trav\u00e9s de Carabineros\u00bb, se\u00f1al\u00f3 el edil.<\/p>\n<p>Seg\u00fan Navarro, \u00abpues aqu\u00ed no se trata de discriminar a la poblaci\u00f3n de gitanos, sin embargo cuando ac\u00e1 hay una afectaci\u00f3n del orden p\u00fablico y se pone en riesgo la seguridad de los vecinos, evidentemente se requiere de un actuar urgente y necesario para dar soluci\u00f3n a esta problem\u00e1tica\u00bb.<\/p>\n<p>&nbsp;<\/p>\n","protected":false},"excerpt":{"rendered":"<p>LOS ANDES.- Cansados de no ser escuchados por las autoridades, los vecinos de Villa El Mirador de Los Andes, decidieron protestar p\u00fablicamente exigiendo la salida de los gitanos de los terrenos de&#8230;<\/p>\n","protected":false},"author":482,"featured_media":41837,"comment_status":"open","ping_status":"closed","sticky":false,"template":"","format":"standard","meta":{"advanced_seo_description":"","jetpack_seo_html_title":"","jetpack_seo_noindex":false,"_jetpack_memberships_contains_paid_content":false,"footnotes":""},"categories":[15],"tags":[],"class_list":["post-41836","post","type-post","status-publish","format-standard","has-post-thumbnail","hentry","category-comunidad"],"jetpack_featured_media_url":"https:\/\/i0.wp.com\/eltrabajo.cl\/portal\/wp-content\/uploads\/2014\/01\/Gitanos1.jpg?fit=529%2C316&ssl=1","jetpack_sharing_enabled":true,"jetpack_likes_enabled":true,"jetpack-related-posts":[],"_links":{"self":[{"href":"https:\/\/eltrabajo.cl\/portal\/wp-json\/wp\/v2\/posts\/41836","targetHints":{"allow":["GET"]}}],"collection":[{"href":"https:\/\/eltrabajo.cl\/portal\/wp-json\/wp\/v2\/posts"}],"about":[{"href":"https:\/\/eltrabajo.cl\/portal\/wp-json\/wp\/v2\/types\/post"}],"author":[{"embeddable":true,"href":"https:\/\/eltrabajo.cl\/portal\/wp-json\/wp\/v2\/users\/482"}],"replies":[{"embeddable":true,"href":"https:\/\/eltrabajo.cl\/portal\/wp-json\/wp\/v2\/comments?post=41836"}],"version-history":[{"count":0,"href":"https:\/\/eltrabajo.cl\/portal\/wp-json\/wp\/v2\/posts\/41836\/revisions"}],"wp:featuredmedia":[{"embeddable":true,"href":"https:\/\/eltrabajo.cl\/portal\/wp-json\/wp\/v2\/media\/41837"}],"wp:attachment":[{"href":"https:\/\/eltrabajo.cl\/portal\/wp-json\/wp\/v2\/media?parent=41836"}],"wp:term":[{"taxonomy":"category","embeddable":true,"href":"https:\/\/eltrabajo.cl\/portal\/wp-json\/wp\/v2\/categories?post=41836"},{"taxonomy":"post_tag","embeddable":true,"href":"https:\/\/eltrabajo.cl\/portal\/wp-json\/wp\/v2\/tags?post=41836"}],"curies":[{"name":"wp","href":"https:\/\/api.w.org\/{rel}","templated":true}]}}