{"id":41850,"date":"2014-01-13T09:51:45","date_gmt":"2014-01-13T12:51:45","guid":{"rendered":"http:\/\/www.eltrabajo.cl\/portal\/?p=41850"},"modified":"2014-01-13T09:51:45","modified_gmt":"2014-01-13T12:51:45","slug":"escuelas-se-convierten-en-un-salon-de-aprendizaje-y-diversion","status":"publish","type":"post","link":"https:\/\/eltrabajo.cl\/portal\/escuelas-se-convierten-en-un-salon-de-aprendizaje-y-diversion\/","title":{"rendered":"Escuelas se convierten en un sal\u00f3n de aprendizaje y diversi\u00f3n"},"content":{"rendered":"<figure id=\"attachment_41851\" aria-describedby=\"caption-attachment-41851\" style=\"width: 528px\" class=\"wp-caption alignnone\"><a href=\"https:\/\/i0.wp.com\/www.eltrabajo.cl\/portal\/wp-content\/uploads\/2014\/01\/centros-2.jpg\"><img data-recalc-dims=\"1\" loading=\"lazy\" decoding=\"async\" class=\"size-full wp-image-41851\" title=\"A DIVERTIRSE.- Con su capacidad casi copada, ya est\u00e1n funcionando los centros para hijos de mujeres temporeras. El Alcalde Patricio Freire los visita regularmente a fin de supervisar el servicio que a los peque\u00f1os se brinda.\" alt=\"A DIVERTIRSE.- Con su capacidad casi copada, ya est\u00e1n funcionando los centros para hijos de mujeres temporeras. El Alcalde Patricio Freire los visita regularmente a fin de supervisar el servicio que a los peque\u00f1os se brinda.\" src=\"https:\/\/i0.wp.com\/www.eltrabajo.cl\/portal\/wp-content\/uploads\/2014\/01\/centros-2.jpg?resize=528%2C288\" width=\"528\" height=\"288\" srcset=\"https:\/\/i0.wp.com\/eltrabajo.cl\/portal\/wp-content\/uploads\/2014\/01\/centros-2.jpg?w=528&amp;ssl=1 528w, https:\/\/i0.wp.com\/eltrabajo.cl\/portal\/wp-content\/uploads\/2014\/01\/centros-2.jpg?resize=200%2C109&amp;ssl=1 200w, https:\/\/i0.wp.com\/eltrabajo.cl\/portal\/wp-content\/uploads\/2014\/01\/centros-2.jpg?resize=300%2C163&amp;ssl=1 300w, https:\/\/i0.wp.com\/eltrabajo.cl\/portal\/wp-content\/uploads\/2014\/01\/centros-2.jpg?resize=150%2C81&amp;ssl=1 150w, https:\/\/i0.wp.com\/eltrabajo.cl\/portal\/wp-content\/uploads\/2014\/01\/centros-2.jpg?resize=400%2C218&amp;ssl=1 400w\" sizes=\"auto, (max-width: 528px) 100vw, 528px\" \/><\/a><figcaption id=\"caption-attachment-41851\" class=\"wp-caption-text\">A DIVERTIRSE.- Con su capacidad casi copada, ya est\u00e1n funcionando los centros para hijos de mujeres temporeras. El Alcalde Patricio Freire los visita regularmente a fin de supervisar el servicio que a los peque\u00f1os se brinda.<\/figcaption><\/figure>\n<p>Con su capacidad casi copada, ya est\u00e1n funcionando los centros para hijos de mujeres temporeras, que se ubican en distintos establecimientos educacionales de la comuna, tanto rurales como urbanos y que tienen como objetivo ser una opci\u00f3n para las mujeres que trabajan durante la temporada. Los centros comenzaron a funcionar el lunes 6 de enero y el que se ubica en la Escuela Manuel Rodr\u00edguez, tiene su capacidad completa, al igual que la Escuela de Algarrobal, en tanto en la Escuela Carmela Carvajal en Curim\u00f3n y en la del sector de 21 de Mayo, todav\u00eda existen cupos para los ni\u00f1os que quieran asistir.<\/p>\n<figure id=\"attachment_41852\" aria-describedby=\"caption-attachment-41852\" style=\"width: 422px\" class=\"wp-caption alignright\"><a href=\"https:\/\/i0.wp.com\/www.eltrabajo.cl\/portal\/wp-content\/uploads\/2014\/01\/centros-3.jpg\"><img data-recalc-dims=\"1\" loading=\"lazy\" decoding=\"async\" class=\" wp-image-41852 \" title=\"SIGUEN APRENDIENDO.- Hasta Artes Marciales aprenden los peque\u00f1os en estas vacaciones de verano en las escuelas de la provincia.\" alt=\"SIGUEN APRENDIENDO.- Hasta Artes Marciales aprenden los peque\u00f1os en estas vacaciones de verano en las escuelas de la provincia.\" src=\"https:\/\/i0.wp.com\/www.eltrabajo.cl\/portal\/wp-content\/uploads\/2014\/01\/centros-3.jpg?resize=422%2C283\" width=\"422\" height=\"283\" srcset=\"https:\/\/i0.wp.com\/eltrabajo.cl\/portal\/wp-content\/uploads\/2014\/01\/centros-3.jpg?w=528&amp;ssl=1 528w, https:\/\/i0.wp.com\/eltrabajo.cl\/portal\/wp-content\/uploads\/2014\/01\/centros-3.jpg?resize=200%2C134&amp;ssl=1 200w, https:\/\/i0.wp.com\/eltrabajo.cl\/portal\/wp-content\/uploads\/2014\/01\/centros-3.jpg?resize=300%2C201&amp;ssl=1 300w, https:\/\/i0.wp.com\/eltrabajo.cl\/portal\/wp-content\/uploads\/2014\/01\/centros-3.jpg?resize=150%2C100&amp;ssl=1 150w, https:\/\/i0.wp.com\/eltrabajo.cl\/portal\/wp-content\/uploads\/2014\/01\/centros-3.jpg?resize=400%2C268&amp;ssl=1 400w\" sizes=\"auto, (max-width: 422px) 100vw, 422px\" \/><\/a><figcaption id=\"caption-attachment-41852\" class=\"wp-caption-text\">SIGUEN APRENDIENDO.- Hasta Artes Marciales aprenden los peque\u00f1os en estas vacaciones de verano en las escuelas de la provincia.<\/figcaption><\/figure>\n<p>&nbsp;<\/p>\n<p><strong>SERVICIO COMPLETO<\/strong><\/p>\n<p>Los peques participantes que van entre los seis y los doce a\u00f1os, ingresan a las 8:30 horas, luego toman desayuno, almuerzan y por la tarde toman once, siendo importante destacar que estos centros no son la extensi\u00f3n del colegio, sino que un lugar de esparcimiento y recreaci\u00f3n.<\/p>\n<p>\u00abAqu\u00ed las chicas y los chicos vienen a divertirse, tenemos un equipo de profesionales id\u00f3neos, que se dedican 100% a entretener a los ni\u00f1os que no tienen vacaciones durante todo el verano por la labor que tienen los padres de trabajar en esta \u00e9poca\u00bb, se\u00f1al\u00f3 Patricia Lolas, Coordinadora de Cultura y Recreaci\u00f3n.<\/p>\n<p>El Alcalde Patricio Freire, visit\u00f3 este jueves el centro ubicado en la Escuela Manuel Rodr\u00edguez y comparti\u00f3 con los peque\u00f1os, que a esa hora se encontraban realizando distintas actividades recreativas.<\/p>\n<p>\u00abEs de gran alegr\u00eda ver la cara de los ni\u00f1os disfrutando del verano mientras sus madres trabajan en faenas agr\u00edcolas, felices de esta labor que el municipio vuelve a hacer y sobre todo que los ni\u00f1os est\u00e1n en buenas manos, los estamos cuidando y tienen las tres comidas diarias, es decir una diera completa\u00bb, destaco el jefe comunal. Los ni\u00f1os han estado entretenidos realizando distintas actividades, entre los que cuentan juegos de agua para combatir las altas temperaturas, pintura, dibujo y clases de karate, entre otras.<\/p>\n","protected":false},"excerpt":{"rendered":"<p>Con su capacidad casi copada, ya est\u00e1n funcionando los centros para hijos de mujeres temporeras, que se ubican en distintos establecimientos educacionales de la comuna, tanto rurales como urbanos y que tienen&#8230;<\/p>\n","protected":false},"author":482,"featured_media":41851,"comment_status":"open","ping_status":"closed","sticky":false,"template":"","format":"standard","meta":{"advanced_seo_description":"","jetpack_seo_html_title":"","jetpack_seo_noindex":false,"_jetpack_memberships_contains_paid_content":false,"footnotes":""},"categories":[15],"tags":[],"class_list":["post-41850","post","type-post","status-publish","format-standard","has-post-thumbnail","hentry","category-comunidad"],"jetpack_featured_media_url":"https:\/\/i0.wp.com\/eltrabajo.cl\/portal\/wp-content\/uploads\/2014\/01\/centros-2.jpg?fit=528%2C288&ssl=1","jetpack_sharing_enabled":true,"jetpack_likes_enabled":true,"jetpack-related-posts":[],"_links":{"self":[{"href":"https:\/\/eltrabajo.cl\/portal\/wp-json\/wp\/v2\/posts\/41850","targetHints":{"allow":["GET"]}}],"collection":[{"href":"https:\/\/eltrabajo.cl\/portal\/wp-json\/wp\/v2\/posts"}],"about":[{"href":"https:\/\/eltrabajo.cl\/portal\/wp-json\/wp\/v2\/types\/post"}],"author":[{"embeddable":true,"href":"https:\/\/eltrabajo.cl\/portal\/wp-json\/wp\/v2\/users\/482"}],"replies":[{"embeddable":true,"href":"https:\/\/eltrabajo.cl\/portal\/wp-json\/wp\/v2\/comments?post=41850"}],"version-history":[{"count":0,"href":"https:\/\/eltrabajo.cl\/portal\/wp-json\/wp\/v2\/posts\/41850\/revisions"}],"wp:featuredmedia":[{"embeddable":true,"href":"https:\/\/eltrabajo.cl\/portal\/wp-json\/wp\/v2\/media\/41851"}],"wp:attachment":[{"href":"https:\/\/eltrabajo.cl\/portal\/wp-json\/wp\/v2\/media?parent=41850"}],"wp:term":[{"taxonomy":"category","embeddable":true,"href":"https:\/\/eltrabajo.cl\/portal\/wp-json\/wp\/v2\/categories?post=41850"},{"taxonomy":"post_tag","embeddable":true,"href":"https:\/\/eltrabajo.cl\/portal\/wp-json\/wp\/v2\/tags?post=41850"}],"curies":[{"name":"wp","href":"https:\/\/api.w.org\/{rel}","templated":true}]}}