{"id":41855,"date":"2014-01-13T09:56:01","date_gmt":"2014-01-13T12:56:01","guid":{"rendered":"http:\/\/www.eltrabajo.cl\/portal\/?p=41855"},"modified":"2014-01-13T09:56:01","modified_gmt":"2014-01-13T12:56:01","slug":"presidente-pinera-inauguraria-embalse-chacrillas-el-17-de-febrero","status":"publish","type":"post","link":"https:\/\/eltrabajo.cl\/portal\/presidente-pinera-inauguraria-embalse-chacrillas-el-17-de-febrero\/","title":{"rendered":"Presidente Pi\u00f1era inaugurar\u00eda Embalse Chacrillas el 17 de febrero"},"content":{"rendered":"<figure id=\"attachment_41856\" aria-describedby=\"caption-attachment-41856\" style=\"width: 222px\" class=\"wp-caption alignleft\"><a href=\"https:\/\/i0.wp.com\/www.eltrabajo.cl\/portal\/wp-content\/uploads\/2014\/01\/Sebastian-Pinera.jpg\"><img data-recalc-dims=\"1\" loading=\"lazy\" decoding=\"async\" class=\" wp-image-41856  \" title=\"Sebasti\u00e1n-Pinera, Presidente de Chile.\" alt=\"Sebasti\u00e1n-Pinera, Presidente de Chile.\" src=\"https:\/\/i0.wp.com\/www.eltrabajo.cl\/portal\/wp-content\/uploads\/2014\/01\/Sebastian-Pinera.jpg?resize=222%2C297\" width=\"222\" height=\"297\" srcset=\"https:\/\/i0.wp.com\/eltrabajo.cl\/portal\/wp-content\/uploads\/2014\/01\/Sebastian-Pinera.jpg?w=529&amp;ssl=1 529w, https:\/\/i0.wp.com\/eltrabajo.cl\/portal\/wp-content\/uploads\/2014\/01\/Sebastian-Pinera.jpg?resize=112%2C150&amp;ssl=1 112w, https:\/\/i0.wp.com\/eltrabajo.cl\/portal\/wp-content\/uploads\/2014\/01\/Sebastian-Pinera.jpg?resize=224%2C300&amp;ssl=1 224w, https:\/\/i0.wp.com\/eltrabajo.cl\/portal\/wp-content\/uploads\/2014\/01\/Sebastian-Pinera.jpg?resize=400%2C533&amp;ssl=1 400w\" sizes=\"auto, (max-width: 222px) 100vw, 222px\" \/><\/a><figcaption id=\"caption-attachment-41856\" class=\"wp-caption-text\">Sebasti\u00e1n-Pinera, Presidente de Chile.<\/figcaption><\/figure>\n<p><strong>PUTAENDO.<\/strong>&#8211; Diario El Trabajo ha tenido informaci\u00f3n que indica que durante las horas de la ma\u00f1ana de este viernes, personeros de la DOH y del Ministerio de Obras P\u00fablicas se habr\u00edan constituido en la zona de obras del Embalse Chacrillas para ir preparando con anticipaci\u00f3n lo que ser\u00eda la eventual inauguraci\u00f3n del Embalse Chacrillas el 17 de febrero.<\/p>\n<p>A pesar de que existe bastante hermetismo sobre el tema, ya el Diputado Marco Antonio N\u00fa\u00f1ez hab\u00eda anunciado que el Presidente Pi\u00f1era quer\u00eda inaugurar la obra antes de dejar el cargo, en un hecho que el parlamentario catalog\u00f3 como una falta de respeto hacia la presidenta electa Michelle Bachelet, palabras que tambi\u00e9n comparti\u00f3 el Concejal Miguel Vega, mientras que el Presidente de la Junta de Vigilancia del R\u00edo Putaendo, Jos\u00e9 Manuel Carter, tambi\u00e9n sali\u00f3 al paso de la situaci\u00f3n, se\u00f1alando que Pi\u00f1era tiene el mejor derecho de inaugurar el Embalse Chacrillas.<\/p>\n<p>Se habla de un 75% e incluso 90% de avance de las obras, pero seg\u00fan testimonio de los trabajadores que desempe\u00f1an labores en Chacrillas, todo indica que el embalse estar\u00e1 listo entre los meses de mayo y junio de este a\u00f1o. Recordemos que la \u00faltima visita del mandatario al Embalse Chacrillas, tambi\u00e9n estuvo marcada con el hermetismo con que las autoridades del Ministerio de Obras P\u00fablicas y provinciales manejaron la visita, la cual negaron incluso hasta horas antes de la llegada del presidente.<\/p>\n<p>Hoy hay claros indicios que se cumplir\u00eda lo dicho por el Diputado N\u00fa\u00f1ez en cuanto a que el Presidente Pi\u00f1era cortar\u00e1 la cinta de inauguraci\u00f3n del Embalse Chacrillas antes de dejar el cargo, lo que podr\u00eda materializarse oficialmente el pr\u00f3ximo 17 de febrero.<\/p>\n<p>Patricio Gallardo M.<\/p>\n<p>&nbsp;<\/p>\n","protected":false},"excerpt":{"rendered":"<p>PUTAENDO.&#8211; Diario El Trabajo ha tenido informaci\u00f3n que indica que durante las horas de la ma\u00f1ana de este viernes, personeros de la DOH y del Ministerio de Obras P\u00fablicas se habr\u00edan constituido&#8230;<\/p>\n","protected":false},"author":482,"featured_media":41856,"comment_status":"open","ping_status":"closed","sticky":false,"template":"","format":"standard","meta":{"advanced_seo_description":"","jetpack_seo_html_title":"","jetpack_seo_noindex":false,"_jetpack_memberships_contains_paid_content":false,"footnotes":""},"categories":[1],"tags":[],"class_list":["post-41855","post","type-post","status-publish","format-standard","has-post-thumbnail","hentry","category-cronica"],"jetpack_featured_media_url":"https:\/\/i0.wp.com\/eltrabajo.cl\/portal\/wp-content\/uploads\/2014\/01\/Sebastian-Pinera.jpg?fit=529%2C706&ssl=1","jetpack_sharing_enabled":true,"jetpack_likes_enabled":true,"jetpack-related-posts":[],"_links":{"self":[{"href":"https:\/\/eltrabajo.cl\/portal\/wp-json\/wp\/v2\/posts\/41855","targetHints":{"allow":["GET"]}}],"collection":[{"href":"https:\/\/eltrabajo.cl\/portal\/wp-json\/wp\/v2\/posts"}],"about":[{"href":"https:\/\/eltrabajo.cl\/portal\/wp-json\/wp\/v2\/types\/post"}],"author":[{"embeddable":true,"href":"https:\/\/eltrabajo.cl\/portal\/wp-json\/wp\/v2\/users\/482"}],"replies":[{"embeddable":true,"href":"https:\/\/eltrabajo.cl\/portal\/wp-json\/wp\/v2\/comments?post=41855"}],"version-history":[{"count":0,"href":"https:\/\/eltrabajo.cl\/portal\/wp-json\/wp\/v2\/posts\/41855\/revisions"}],"wp:featuredmedia":[{"embeddable":true,"href":"https:\/\/eltrabajo.cl\/portal\/wp-json\/wp\/v2\/media\/41856"}],"wp:attachment":[{"href":"https:\/\/eltrabajo.cl\/portal\/wp-json\/wp\/v2\/media?parent=41855"}],"wp:term":[{"taxonomy":"category","embeddable":true,"href":"https:\/\/eltrabajo.cl\/portal\/wp-json\/wp\/v2\/categories?post=41855"},{"taxonomy":"post_tag","embeddable":true,"href":"https:\/\/eltrabajo.cl\/portal\/wp-json\/wp\/v2\/tags?post=41855"}],"curies":[{"name":"wp","href":"https:\/\/api.w.org\/{rel}","templated":true}]}}