{"id":41870,"date":"2014-01-13T10:02:45","date_gmt":"2014-01-13T13:02:45","guid":{"rendered":"http:\/\/www.eltrabajo.cl\/portal\/?p=41870"},"modified":"2014-01-13T10:02:45","modified_gmt":"2014-01-13T13:02:45","slug":"con-eleccion-de-dos-temas-para-el-palmenia-pizarro-finaliza-la-chaya-2014","status":"publish","type":"post","link":"https:\/\/eltrabajo.cl\/portal\/con-eleccion-de-dos-temas-para-el-palmenia-pizarro-finaliza-la-chaya-2014\/","title":{"rendered":"Con elecci\u00f3n de dos temas para el Palmenia Pizarro Finaliza la Chaya 2014"},"content":{"rendered":"<figure id=\"attachment_41871\" aria-describedby=\"caption-attachment-41871\" style=\"width: 422px\" class=\"wp-caption alignleft\"><a href=\"https:\/\/i0.wp.com\/www.eltrabajo.cl\/portal\/wp-content\/uploads\/2014\/01\/Ganadores1.jpg\"><img data-recalc-dims=\"1\" loading=\"lazy\" decoding=\"async\" class=\" wp-image-41871 \" title=\"LOS MEJORES.- Constanza Espinoza V\u00e1squez y Miguel C\u00e1diz, resultaron elegidos para representar a Aconcagua en el pr\u00f3ximo Festival Palmenia Pizarro.\" alt=\"LOS MEJORES.- Constanza Espinoza V\u00e1squez y Miguel C\u00e1diz, resultaron elegidos para representar a Aconcagua en el pr\u00f3ximo Festival Palmenia Pizarro.\" src=\"https:\/\/i0.wp.com\/www.eltrabajo.cl\/portal\/wp-content\/uploads\/2014\/01\/Ganadores1.jpg?resize=422%2C266\" width=\"422\" height=\"266\" srcset=\"https:\/\/i0.wp.com\/eltrabajo.cl\/portal\/wp-content\/uploads\/2014\/01\/Ganadores1.jpg?w=528&amp;ssl=1 528w, https:\/\/i0.wp.com\/eltrabajo.cl\/portal\/wp-content\/uploads\/2014\/01\/Ganadores1.jpg?resize=200%2C125&amp;ssl=1 200w, https:\/\/i0.wp.com\/eltrabajo.cl\/portal\/wp-content\/uploads\/2014\/01\/Ganadores1.jpg?resize=300%2C188&amp;ssl=1 300w, https:\/\/i0.wp.com\/eltrabajo.cl\/portal\/wp-content\/uploads\/2014\/01\/Ganadores1.jpg?resize=150%2C94&amp;ssl=1 150w, https:\/\/i0.wp.com\/eltrabajo.cl\/portal\/wp-content\/uploads\/2014\/01\/Ganadores1.jpg?resize=400%2C251&amp;ssl=1 400w\" sizes=\"auto, (max-width: 422px) 100vw, 422px\" \/><\/a><figcaption id=\"caption-attachment-41871\" class=\"wp-caption-text\">LOS MEJORES.- Constanza Espinoza V\u00e1squez y Miguel C\u00e1diz, resultaron elegidos para representar a Aconcagua en el pr\u00f3ximo Festival Palmenia Pizarro.<\/figcaption><\/figure>\n<p>Constanza Espinoza V\u00e1squez y Miguel C\u00e1diz, resultaron elegidos para representar a Aconcagua en el pr\u00f3ximo Festival Palmenia Pizarro, cuya elecci\u00f3n se realiz\u00f3 en la \u00faltima noche del Carnaval de la Chaya, que congreg\u00f3 durante toda la semana a m\u00e1s de 20.000 personas.<\/p>\n<p>Diferentes artistas y grupos musicales dieron vida a una nueva versi\u00f3n del Festival de la Chaya 2014, que este a\u00f1o result\u00f3 todo un \u00e9xito y congreg\u00f3 a alrededor de 5.000 personas cada noche, quienes disfrutaron de la m\u00fasica de Sol y Lluvia; Alexitico y La Noche; Kumb\u00e1 y Difuntos Correa y la belleza y el ritmo de los bailarines del ballet folkl\u00f3rico municipal y los integrantes de Talento San Felipe, entre otros artistas. Calificado como familiar, este s\u00e1bado adem\u00e1s los ni\u00f1os pudieron disfrutar de juegos inflables y de una clase de zumba.<\/p>\n<figure id=\"attachment_41873\" aria-describedby=\"caption-attachment-41873\" style=\"width: 423px\" class=\"wp-caption alignleft\"><a href=\"https:\/\/i0.wp.com\/www.eltrabajo.cl\/portal\/wp-content\/uploads\/2014\/01\/Chaya2.jpg\"><img data-recalc-dims=\"1\" loading=\"lazy\" decoding=\"async\" class=\" wp-image-41873 \" title=\"Diferentes artistas y grupos musicales dieron vida a una nueva versi\u00f3n del Festival de la Chaya 2014.\" alt=\"Diferentes artistas y grupos musicales dieron vida a una nueva versi\u00f3n del Festival de la Chaya 2014.\" src=\"https:\/\/i0.wp.com\/www.eltrabajo.cl\/portal\/wp-content\/uploads\/2014\/01\/Chaya2.jpg?resize=423%2C200\" width=\"423\" height=\"200\" srcset=\"https:\/\/i0.wp.com\/eltrabajo.cl\/portal\/wp-content\/uploads\/2014\/01\/Chaya2.jpg?w=529&amp;ssl=1 529w, https:\/\/i0.wp.com\/eltrabajo.cl\/portal\/wp-content\/uploads\/2014\/01\/Chaya2.jpg?resize=200%2C94&amp;ssl=1 200w, https:\/\/i0.wp.com\/eltrabajo.cl\/portal\/wp-content\/uploads\/2014\/01\/Chaya2.jpg?resize=300%2C141&amp;ssl=1 300w, https:\/\/i0.wp.com\/eltrabajo.cl\/portal\/wp-content\/uploads\/2014\/01\/Chaya2.jpg?resize=150%2C70&amp;ssl=1 150w, https:\/\/i0.wp.com\/eltrabajo.cl\/portal\/wp-content\/uploads\/2014\/01\/Chaya2.jpg?resize=400%2C189&amp;ssl=1 400w\" sizes=\"auto, (max-width: 423px) 100vw, 423px\" \/><\/a><figcaption id=\"caption-attachment-41873\" class=\"wp-caption-text\">Diferentes artistas y grupos musicales dieron vida a una nueva versi\u00f3n del Festival de la Chaya 2014.<\/figcaption><\/figure>\n<figure id=\"attachment_41872\" aria-describedby=\"caption-attachment-41872\" style=\"width: 423px\" class=\"wp-caption alignright\"><a href=\"https:\/\/i0.wp.com\/www.eltrabajo.cl\/portal\/wp-content\/uploads\/2014\/01\/Chaya3.jpg\"><img data-recalc-dims=\"1\" loading=\"lazy\" decoding=\"async\" class=\" wp-image-41872 \" title=\"FIN DE LA CHAYA.- Con la elecci\u00f3n de las dos canciones que representan a Aconcagua en el Festival Palmenia Pizarro y con \u00e9xito de p\u00fablico, culmin\u00f3 el Festival de la Chaya 2014.\" alt=\"FIN DE LA CHAYA.- Con la elecci\u00f3n de las dos canciones que representan a Aconcagua en el Festival Palmenia Pizarro y con \u00e9xito de p\u00fablico, culmin\u00f3 el Festival de la Chaya 2014.\" src=\"https:\/\/i0.wp.com\/www.eltrabajo.cl\/portal\/wp-content\/uploads\/2014\/01\/Chaya3.jpg?resize=423%2C218\" width=\"423\" height=\"218\" srcset=\"https:\/\/i0.wp.com\/eltrabajo.cl\/portal\/wp-content\/uploads\/2014\/01\/Chaya3.jpg?w=529&amp;ssl=1 529w, https:\/\/i0.wp.com\/eltrabajo.cl\/portal\/wp-content\/uploads\/2014\/01\/Chaya3.jpg?resize=200%2C102&amp;ssl=1 200w, https:\/\/i0.wp.com\/eltrabajo.cl\/portal\/wp-content\/uploads\/2014\/01\/Chaya3.jpg?resize=300%2C154&amp;ssl=1 300w, https:\/\/i0.wp.com\/eltrabajo.cl\/portal\/wp-content\/uploads\/2014\/01\/Chaya3.jpg?resize=150%2C77&amp;ssl=1 150w, https:\/\/i0.wp.com\/eltrabajo.cl\/portal\/wp-content\/uploads\/2014\/01\/Chaya3.jpg?resize=400%2C205&amp;ssl=1 400w\" sizes=\"auto, (max-width: 423px) 100vw, 423px\" \/><\/a><figcaption id=\"caption-attachment-41872\" class=\"wp-caption-text\">FIN DE LA CHAYA.- Con la elecci\u00f3n de las dos canciones que representan a Aconcagua en el Festival Palmenia Pizarro y con \u00e9xito de p\u00fablico, culmin\u00f3 el Festival de la Chaya 2014.<\/figcaption><\/figure>\n<p>Durante la \u00faltima noche fueron elegidos los dos temas que representar\u00e1n a Aconcagua en el Festival Palmenia Pizarro 2014, artistas que se mostraron muy contentos con esta oportunidad de poder subirse a este importante escenario.<\/p>\n<p>\u00ab\u2018Mi canci\u00f3n se llama T\u00fa\u2019, est\u00e1 dedicada a mi hija Isidora y es un honor para m\u00ed representar a esta ciudad, ya que es uno de mis sue\u00f1os como cantante y como artista sanfelipe\u00f1a\u00bb, dijo Constanza. Esta es la segunda vez que la artista participa en el certamen y en estos d\u00edas que faltan para el Festival Palmenia Pizarro se continuar\u00e1 preparando para lograr un buen lugar en la competencia.<\/p>\n<p>Miguel C\u00e1diz tambi\u00e9n se mostr\u00f3 feliz de representar a San Felipe con la canci\u00f3n \u2018T\u00fa me pides\u2019. \u00abEs un honor representar y cantar en ese escenario, la canci\u00f3n est\u00e1 dedicada al amor que todos los varones le tienen a sus amadas y el hecho de que somos capaces de dar todo lo que tenemos y m\u00e1s cuando amamos\u00bb, dijo C\u00e1diz. El cantante se\u00f1al\u00f3 que tambi\u00e9n se preparar\u00e1 en este tiempo, especialmente trabajando en la interpretaci\u00f3n.<\/p>\n<p>&nbsp;<\/p>\n","protected":false},"excerpt":{"rendered":"<p>Constanza Espinoza V\u00e1squez y Miguel C\u00e1diz, resultaron elegidos para representar a Aconcagua en el pr\u00f3ximo Festival Palmenia Pizarro, cuya elecci\u00f3n se realiz\u00f3 en la \u00faltima noche del Carnaval de la Chaya, que&#8230;<\/p>\n","protected":false},"author":482,"featured_media":41871,"comment_status":"open","ping_status":"closed","sticky":false,"template":"","format":"standard","meta":{"advanced_seo_description":"","jetpack_seo_html_title":"","jetpack_seo_noindex":false,"_jetpack_memberships_contains_paid_content":false,"footnotes":""},"categories":[15],"tags":[],"class_list":["post-41870","post","type-post","status-publish","format-standard","has-post-thumbnail","hentry","category-comunidad"],"jetpack_featured_media_url":"https:\/\/i0.wp.com\/eltrabajo.cl\/portal\/wp-content\/uploads\/2014\/01\/Ganadores1.jpg?fit=528%2C332&ssl=1","jetpack_sharing_enabled":true,"jetpack_likes_enabled":true,"jetpack-related-posts":[],"_links":{"self":[{"href":"https:\/\/eltrabajo.cl\/portal\/wp-json\/wp\/v2\/posts\/41870","targetHints":{"allow":["GET"]}}],"collection":[{"href":"https:\/\/eltrabajo.cl\/portal\/wp-json\/wp\/v2\/posts"}],"about":[{"href":"https:\/\/eltrabajo.cl\/portal\/wp-json\/wp\/v2\/types\/post"}],"author":[{"embeddable":true,"href":"https:\/\/eltrabajo.cl\/portal\/wp-json\/wp\/v2\/users\/482"}],"replies":[{"embeddable":true,"href":"https:\/\/eltrabajo.cl\/portal\/wp-json\/wp\/v2\/comments?post=41870"}],"version-history":[{"count":0,"href":"https:\/\/eltrabajo.cl\/portal\/wp-json\/wp\/v2\/posts\/41870\/revisions"}],"wp:featuredmedia":[{"embeddable":true,"href":"https:\/\/eltrabajo.cl\/portal\/wp-json\/wp\/v2\/media\/41871"}],"wp:attachment":[{"href":"https:\/\/eltrabajo.cl\/portal\/wp-json\/wp\/v2\/media?parent=41870"}],"wp:term":[{"taxonomy":"category","embeddable":true,"href":"https:\/\/eltrabajo.cl\/portal\/wp-json\/wp\/v2\/categories?post=41870"},{"taxonomy":"post_tag","embeddable":true,"href":"https:\/\/eltrabajo.cl\/portal\/wp-json\/wp\/v2\/tags?post=41870"}],"curies":[{"name":"wp","href":"https:\/\/api.w.org\/{rel}","templated":true}]}}