{"id":41878,"date":"2014-01-13T10:09:55","date_gmt":"2014-01-13T13:09:55","guid":{"rendered":"http:\/\/www.eltrabajo.cl\/portal\/?p=41878"},"modified":"2014-01-13T10:09:55","modified_gmt":"2014-01-13T13:09:55","slug":"edificio-florencia-sufre-anegamiento-de-canal-el-sauce","status":"publish","type":"post","link":"https:\/\/eltrabajo.cl\/portal\/edificio-florencia-sufre-anegamiento-de-canal-el-sauce\/","title":{"rendered":"Edificio Florencia sufre anegamiento de Canal El Sauce"},"content":{"rendered":"<figure id=\"attachment_41879\" aria-describedby=\"caption-attachment-41879\" style=\"width: 528px\" class=\"wp-caption alignnone\"><a href=\"https:\/\/i0.wp.com\/www.eltrabajo.cl\/portal\/wp-content\/uploads\/2014\/01\/Veredas-anegadas.jpg\"><img data-recalc-dims=\"1\" loading=\"lazy\" decoding=\"async\" class=\"size-full wp-image-41879\" title=\"Personal municipal debi\u00f3 trabajar arduamente para controlar la emergencia que afect\u00f3 al Edificio Florencia.\" alt=\"Personal municipal debi\u00f3 trabajar arduamente para controlar la emergencia que afect\u00f3 al Edificio Florencia.\" src=\"https:\/\/i0.wp.com\/www.eltrabajo.cl\/portal\/wp-content\/uploads\/2014\/01\/Veredas-anegadas.jpg?resize=528%2C329\" width=\"528\" height=\"329\" srcset=\"https:\/\/i0.wp.com\/eltrabajo.cl\/portal\/wp-content\/uploads\/2014\/01\/Veredas-anegadas.jpg?w=528&amp;ssl=1 528w, https:\/\/i0.wp.com\/eltrabajo.cl\/portal\/wp-content\/uploads\/2014\/01\/Veredas-anegadas.jpg?resize=200%2C124&amp;ssl=1 200w, https:\/\/i0.wp.com\/eltrabajo.cl\/portal\/wp-content\/uploads\/2014\/01\/Veredas-anegadas.jpg?resize=300%2C186&amp;ssl=1 300w, https:\/\/i0.wp.com\/eltrabajo.cl\/portal\/wp-content\/uploads\/2014\/01\/Veredas-anegadas.jpg?resize=150%2C93&amp;ssl=1 150w, https:\/\/i0.wp.com\/eltrabajo.cl\/portal\/wp-content\/uploads\/2014\/01\/Veredas-anegadas.jpg?resize=400%2C249&amp;ssl=1 400w\" sizes=\"auto, (max-width: 528px) 100vw, 528px\" \/><\/a><figcaption id=\"caption-attachment-41879\" class=\"wp-caption-text\">Personal municipal debi\u00f3 trabajar arduamente para controlar la emergencia que afect\u00f3 al Edificio Florencia.<\/figcaption><\/figure>\n<p>Bastante molestos estaban los habitantes del Edificio Florencia, en Villa Aconcagua, por el anegamiento que comenz\u00f3 a registrarse la noche del jueves y que gener\u00f3 una emergencia que, finalmente, debi\u00f3 ser atendida por el personal de aseo de la Municipalidad de San Felipe. Seg\u00fan explic\u00f3 el Jefe de Operaciones de la corporaci\u00f3n edilicia, Ricardo Le\u00f3n, los problemas se produjeron por efectos de sobre agua del Canal El Sauce, que pasa por un predio con alfalfa colindante.<\/p>\n<figure id=\"attachment_41880\" aria-describedby=\"caption-attachment-41880\" style=\"width: 422px\" class=\"wp-caption alignright\"><a href=\"https:\/\/i0.wp.com\/www.eltrabajo.cl\/portal\/wp-content\/uploads\/2014\/01\/Personal-municipal-trabajando1.jpg\"><img data-recalc-dims=\"1\" loading=\"lazy\" decoding=\"async\" class=\" wp-image-41880 \" title=\"Hasta las veredas resultaron anegadas, producto del rebalse del Canal El Sauce.\" alt=\"Hasta las veredas resultaron anegadas, producto del rebalse del Canal El Sauce.\" src=\"https:\/\/i0.wp.com\/www.eltrabajo.cl\/portal\/wp-content\/uploads\/2014\/01\/Personal-municipal-trabajando1.jpg?resize=422%2C245\" width=\"422\" height=\"245\" srcset=\"https:\/\/i0.wp.com\/eltrabajo.cl\/portal\/wp-content\/uploads\/2014\/01\/Personal-municipal-trabajando1.jpg?w=528&amp;ssl=1 528w, https:\/\/i0.wp.com\/eltrabajo.cl\/portal\/wp-content\/uploads\/2014\/01\/Personal-municipal-trabajando1.jpg?resize=200%2C115&amp;ssl=1 200w, https:\/\/i0.wp.com\/eltrabajo.cl\/portal\/wp-content\/uploads\/2014\/01\/Personal-municipal-trabajando1.jpg?resize=300%2C173&amp;ssl=1 300w, https:\/\/i0.wp.com\/eltrabajo.cl\/portal\/wp-content\/uploads\/2014\/01\/Personal-municipal-trabajando1.jpg?resize=150%2C86&amp;ssl=1 150w, https:\/\/i0.wp.com\/eltrabajo.cl\/portal\/wp-content\/uploads\/2014\/01\/Personal-municipal-trabajando1.jpg?resize=400%2C231&amp;ssl=1 400w\" sizes=\"auto, (max-width: 422px) 100vw, 422px\" \/><\/a><figcaption id=\"caption-attachment-41880\" class=\"wp-caption-text\">Hasta las veredas resultaron anegadas, producto del rebalse del Canal El Sauce.<\/figcaption><\/figure>\n<p>\u00abJustamente a la entrada del edificio hay una suerte de sistema de evacuaci\u00f3n, pero por un sobre uso del agua, se produjo el aniego del edificio. Nosotros estamos desde temprano, hemos conversado con la gente que administra el edificio, pero este es un problema hist\u00f3rico, ya que cuando viene mucha agua por el canal, pasa esto, en que el agua sale por la puerta principal, llega hasta Alameda Yungay, derivando en que la gente no tenga una vida tranquila\u00bb, precis\u00f3 Le\u00f3n.<\/p>\n<p>Se\u00f1al\u00f3 adem\u00e1s, que \u00abhemos conversado con el se\u00f1or Carroza, que est\u00e1 a cargo del predio del se\u00f1or Porfiri, y me dice que puede disminuir, pero no cortar el agua, porque tiene que regar el predio de alfalfa. Todo eso es entendible, pero un beneficio no puede generar un perjuicio para los vecinos y nosotros le hemos pedido que corte el flujo del agua, lo que finalmente hizo\u00bb.<\/p>\n<p>Personal municipal realiz\u00f3 trabajos de limpieza, dado que por tratarse de aguas que corren a campo abierto, arrastran piedras, sedimentos, tapando el ducto que se hizo hace muchos a\u00f1os y que pasa por debajo de los antejardines del edificio, en Hermanos Carrera, con Guillermo Echeverr\u00eda.<\/p>\n<p>\u00abAs\u00ed que tuvimos que pedir el cami\u00f3n aljibe, para meter agua a presi\u00f3n, a objeto de limpiar estos ductos y no registren problemas, al menos en el corto plazo\u00bb, manifest\u00f3 el funcionario municipal.<\/p>\n<p>Advirti\u00f3 que este problema se volver\u00e1 a repetir, en la medida que los canalistas hagan correr m\u00e1s agua de la que soportan los canales, situaci\u00f3n que ha significado en otras oportunidades, que adem\u00e1s de anegarse el estacionamiento del edificio, tambi\u00e9n se aneguen otras instalaciones del primer piso. La oportuna intervenci\u00f3n del personal de la municipalidad, permiti\u00f3 evitar que siguiera escurriendo agua en la zona de estacionamientos, no obstante Ricardo Le\u00f3n reiter\u00f3 que el problema volver\u00e1 a repetirse si se sobre utiliza el canal.<\/p>\n","protected":false},"excerpt":{"rendered":"<p>Bastante molestos estaban los habitantes del Edificio Florencia, en Villa Aconcagua, por el anegamiento que comenz\u00f3 a registrarse la noche del jueves y que gener\u00f3 una emergencia que, finalmente, debi\u00f3 ser atendida&#8230;<\/p>\n","protected":false},"author":482,"featured_media":41879,"comment_status":"open","ping_status":"closed","sticky":false,"template":"","format":"standard","meta":{"advanced_seo_description":"","jetpack_seo_html_title":"","jetpack_seo_noindex":false,"_jetpack_memberships_contains_paid_content":false,"footnotes":""},"categories":[1],"tags":[],"class_list":["post-41878","post","type-post","status-publish","format-standard","has-post-thumbnail","hentry","category-cronica"],"jetpack_featured_media_url":"https:\/\/i0.wp.com\/eltrabajo.cl\/portal\/wp-content\/uploads\/2014\/01\/Veredas-anegadas.jpg?fit=528%2C329&ssl=1","jetpack_sharing_enabled":true,"jetpack_likes_enabled":true,"jetpack-related-posts":[],"_links":{"self":[{"href":"https:\/\/eltrabajo.cl\/portal\/wp-json\/wp\/v2\/posts\/41878","targetHints":{"allow":["GET"]}}],"collection":[{"href":"https:\/\/eltrabajo.cl\/portal\/wp-json\/wp\/v2\/posts"}],"about":[{"href":"https:\/\/eltrabajo.cl\/portal\/wp-json\/wp\/v2\/types\/post"}],"author":[{"embeddable":true,"href":"https:\/\/eltrabajo.cl\/portal\/wp-json\/wp\/v2\/users\/482"}],"replies":[{"embeddable":true,"href":"https:\/\/eltrabajo.cl\/portal\/wp-json\/wp\/v2\/comments?post=41878"}],"version-history":[{"count":0,"href":"https:\/\/eltrabajo.cl\/portal\/wp-json\/wp\/v2\/posts\/41878\/revisions"}],"wp:featuredmedia":[{"embeddable":true,"href":"https:\/\/eltrabajo.cl\/portal\/wp-json\/wp\/v2\/media\/41879"}],"wp:attachment":[{"href":"https:\/\/eltrabajo.cl\/portal\/wp-json\/wp\/v2\/media?parent=41878"}],"wp:term":[{"taxonomy":"category","embeddable":true,"href":"https:\/\/eltrabajo.cl\/portal\/wp-json\/wp\/v2\/categories?post=41878"},{"taxonomy":"post_tag","embeddable":true,"href":"https:\/\/eltrabajo.cl\/portal\/wp-json\/wp\/v2\/tags?post=41878"}],"curies":[{"name":"wp","href":"https:\/\/api.w.org\/{rel}","templated":true}]}}