{"id":41891,"date":"2014-01-13T10:14:32","date_gmt":"2014-01-13T13:14:32","guid":{"rendered":"http:\/\/www.eltrabajo.cl\/portal\/?p=41891"},"modified":"2014-01-13T10:14:32","modified_gmt":"2014-01-13T13:14:32","slug":"mas-de-160-millones-de-pesos-adeudan-a-emprendedores-de-llay-llay","status":"publish","type":"post","link":"https:\/\/eltrabajo.cl\/portal\/mas-de-160-millones-de-pesos-adeudan-a-emprendedores-de-llay-llay\/","title":{"rendered":"M\u00e1s de 160 millones de pesos adeudan a emprendedores de Llay Llay"},"content":{"rendered":"<figure id=\"attachment_41892\" aria-describedby=\"caption-attachment-41892\" style=\"width: 528px\" class=\"wp-caption alignnone\"><a href=\"https:\/\/i0.wp.com\/www.eltrabajo.cl\/portal\/wp-content\/uploads\/2014\/01\/Reclaman1.jpg\"><img data-recalc-dims=\"1\" loading=\"lazy\" decoding=\"async\" class=\"size-full wp-image-41892\" title=\"El Concejal Mesala Gonz\u00e1lez, junto a algunos de los emprendedores de Llay Llay que fueron estafados.\" alt=\"El Concejal Mesala Gonz\u00e1lez, junto a algunos de los emprendedores de Llay Llay que fueron estafados.\" src=\"https:\/\/i0.wp.com\/www.eltrabajo.cl\/portal\/wp-content\/uploads\/2014\/01\/Reclaman1.jpg?resize=528%2C394\" width=\"528\" height=\"394\" srcset=\"https:\/\/i0.wp.com\/eltrabajo.cl\/portal\/wp-content\/uploads\/2014\/01\/Reclaman1.jpg?w=528&amp;ssl=1 528w, https:\/\/i0.wp.com\/eltrabajo.cl\/portal\/wp-content\/uploads\/2014\/01\/Reclaman1.jpg?resize=200%2C150&amp;ssl=1 200w, https:\/\/i0.wp.com\/eltrabajo.cl\/portal\/wp-content\/uploads\/2014\/01\/Reclaman1.jpg?resize=300%2C223&amp;ssl=1 300w, https:\/\/i0.wp.com\/eltrabajo.cl\/portal\/wp-content\/uploads\/2014\/01\/Reclaman1.jpg?resize=150%2C111&amp;ssl=1 150w, https:\/\/i0.wp.com\/eltrabajo.cl\/portal\/wp-content\/uploads\/2014\/01\/Reclaman1.jpg?resize=400%2C298&amp;ssl=1 400w\" sizes=\"auto, (max-width: 528px) 100vw, 528px\" \/><\/a><figcaption id=\"caption-attachment-41892\" class=\"wp-caption-text\">El Concejal Mesala Gonz\u00e1lez, junto a algunos de los emprendedores de Llay Llay que fueron estafados.<\/figcaption><\/figure>\n<ul>\n<li><strong>Cerca de diez emprendedores prestaron servicios de transporte de pasajeros y alojamiento y alimentaci\u00f3n, sin embargo no se les ha cancelado. El viernes la empresa que se adjudic\u00f3 el proyecto, la espa\u00f1ola FCC, se comprometi\u00f3 a pagarles.<\/strong><\/li>\n<\/ul>\n<p>Indignados y tambi\u00e9n muy desilusionados, est\u00e1n los emprendedores de la comuna de Llay Llay, a quienes en junio de 2013 la empresa Melerec se les acerc\u00f3 para solicitarles sus servicios en el marco de la ejecuci\u00f3n del Proyecto de Mejoramiento de la Ruta 5 Norte, en el sector de la Cuesta Las Chilcas. La empresa les solicit\u00f3 la prestaci\u00f3n de servicios de transporte de pasajeros, alojamiento y alimentaci\u00f3n, por los que si bien en principio pag\u00f3, posteriormente comenz\u00f3 a postergar las cancelaciones, al nivel de adeudar \u2013a enero de 2014- la suma total de 166 millones de pesos.<\/p>\n<p>Gonzalo Rojas es uno de los afectados. A \u00e9l se le debe la cuantiosa suma de 50 millones de pesos, por los servicios de transporte de pasajeros. Seg\u00fan cuenta, la empresa le comenz\u00f3 a pagar abonos, sin cumplir con el pago del 100% de los montos que facturaba, pero llegado un momento, se negaron a pagarle.<\/p>\n<p>\u00abLa deuda total conmigo es de 50 millones de pesos, pero no soy el \u00fanico al que le deben. Hay compa\u00f1eras que entregaban pensi\u00f3n, a quienes les deben entre nueve y 16 millones. Tengo un compa\u00f1ero que cuenta con maquinaria pesada, Mario P\u00e9rez, a quien se le revent\u00f3 una \u00falcera de los puros nervios, ya que tampoco le han pagado los casi 30 millones de pesos\u00bb, se\u00f1al\u00f3 Rojas.<\/p>\n<p><strong>\u00abSE LAVAN\u00a0LAS MANOS\u00bb<\/strong><\/p>\n<p>Consultado sobre la respuesta que les ha entregado la empresa Melerec, se\u00f1al\u00f3 Gonzalo Rojas que \u00abellos se lavan las manos, dicen que no tienen plata y que tenemos libertad de hacer lo que queramos\u00bb. Mar\u00eda Astorga es otra de las afectadas. Ella prest\u00f3 los servicios de alojamiento y pensi\u00f3n completa a 34 trabajadores de la empresa Melerec a contar de marzo del a\u00f1o pasado. Tal como le ocurri\u00f3 a Gonzalo Rojas, a esta microempresaria la empresa nunca le pag\u00f3 una factura completa, haci\u00e9ndole s\u00f3lo abonos, por lo que la deuda que registran con ella alcanza los 16 millones de pesos.<\/p>\n<p>Cuenta que su problema es complejo, porque al no pagarle Melerec, ella no cuenta con los recursos para cancelar el IVA, por ejemplo, as\u00ed como mercader\u00eda y otras cosas que adquiri\u00f3 para entregar un mejor servicio a la empresa.<\/p>\n<p>\u00abNo nos han pagado y eso nos ha afectado mucho en la parte econ\u00f3mica. Nos sentimos estafados, sentimos que no nos apoyan, ni FCC, ni Global V\u00eda (administrador de la Ruta 5 Norte), ni mucho menos el Ministerio de Obras P\u00fablicas. Me pregunto \u00bfc\u00f3mo ellos no fiscalizaron a Melerec, que sigue recibiendo su plata, pero no le paga a la gente que le presta servicios?. En todo caso, nosotros no nos vamos a dar por vencidos, vamos a seguir luchando, porque es nuestra plata, es nuestro sacrificio, nosotros nos levant\u00e1bamos a las cinco de la ma\u00f1ana para darles desayuno, todos los d\u00edas trabajando para que la gente estuviera conforme\u00bb, manifest\u00f3 Astorga.<\/p>\n<p>Las complicaciones no s\u00f3lo las enfrentan estos emprendedores llaylla\u00ednos. Cerca de 80 trabajadores de Melerec, hasta el viernes al menos, no hab\u00edan recibido sus sueldos de diciembre, lo que significa que pasaron la Navidad y el A\u00f1o Nuevo sin un peso en los bolsillos.<\/p>\n<p><strong>SER\u00cdA UNA ESTAFA<\/strong><\/p>\n<p>Seg\u00fan explic\u00f3 el Concejal Mesala Gonz\u00e1lez, quien ha acompa\u00f1ado a los emprendedores en este tema, manifest\u00f3 que esta situaci\u00f3n constituye derechamente una estafa, por lo que ya se han reunido con abogados que les estar\u00edan asesorando en la presentaci\u00f3n de una demanda colectiva.<\/p>\n<p>\u00abEsto es preocupante, porque es una obra p\u00fablica, una obra que tiene como mandante al Estado, donde no hay nadie que est\u00e9 fiscalizando. Est\u00e1n los trabajadores impagos desde diciembre, est\u00e1n los proveedores de estos servicios impagos, hay empresas de combustibles que tambi\u00e9n est\u00e1n impagas, en tanto que Melerec ya registra demandas importantes en los tribunales de Santiago, por cerca de 400 millones de pesos\u00bb, indic\u00f3 el edil llaylla\u00edno.<\/p>\n<p>A juicio de Gonz\u00e1lez, la empresa tiene mal flujo de cajas o bien, los recursos que percibe por esta obra los est\u00e1 trasladando a otros temas, lo que resulta preocupante, porque est\u00e1 afectando a peque\u00f1os comerciantes, a vecinos que poseen negocios familiares, que ve\u00edan en esta instancia la posibilidad de hacer negocios nuevos. Cabe consignar que en la tarde del viernes, el Concejal Mesala Gonz\u00e1lez inform\u00f3 que tras reuniones sostenidas entre los comerciantes y FCC, la empresa espa\u00f1ola que se adjudic\u00f3 el proyecto, se lleg\u00f3 a un pre acuerdo de pago. En tres semanas como m\u00e1ximo, esta multinacional se har\u00e1 cargo del pago a los emprendedores de Llay Llay.<\/p>\n","protected":false},"excerpt":{"rendered":"<p>Cerca de diez emprendedores prestaron servicios de transporte de pasajeros y alojamiento y alimentaci\u00f3n, sin embargo no se les ha cancelado. El viernes la empresa que se adjudic\u00f3 el proyecto, la espa\u00f1ola&#8230;<\/p>\n","protected":false},"author":482,"featured_media":41892,"comment_status":"open","ping_status":"closed","sticky":false,"template":"","format":"standard","meta":{"advanced_seo_description":"","jetpack_seo_html_title":"","jetpack_seo_noindex":false,"_jetpack_memberships_contains_paid_content":false,"footnotes":""},"categories":[1],"tags":[],"class_list":["post-41891","post","type-post","status-publish","format-standard","has-post-thumbnail","hentry","category-cronica"],"jetpack_featured_media_url":"https:\/\/i0.wp.com\/eltrabajo.cl\/portal\/wp-content\/uploads\/2014\/01\/Reclaman1.jpg?fit=528%2C394&ssl=1","jetpack_sharing_enabled":true,"jetpack_likes_enabled":true,"jetpack-related-posts":[],"_links":{"self":[{"href":"https:\/\/eltrabajo.cl\/portal\/wp-json\/wp\/v2\/posts\/41891","targetHints":{"allow":["GET"]}}],"collection":[{"href":"https:\/\/eltrabajo.cl\/portal\/wp-json\/wp\/v2\/posts"}],"about":[{"href":"https:\/\/eltrabajo.cl\/portal\/wp-json\/wp\/v2\/types\/post"}],"author":[{"embeddable":true,"href":"https:\/\/eltrabajo.cl\/portal\/wp-json\/wp\/v2\/users\/482"}],"replies":[{"embeddable":true,"href":"https:\/\/eltrabajo.cl\/portal\/wp-json\/wp\/v2\/comments?post=41891"}],"version-history":[{"count":0,"href":"https:\/\/eltrabajo.cl\/portal\/wp-json\/wp\/v2\/posts\/41891\/revisions"}],"wp:featuredmedia":[{"embeddable":true,"href":"https:\/\/eltrabajo.cl\/portal\/wp-json\/wp\/v2\/media\/41892"}],"wp:attachment":[{"href":"https:\/\/eltrabajo.cl\/portal\/wp-json\/wp\/v2\/media?parent=41891"}],"wp:term":[{"taxonomy":"category","embeddable":true,"href":"https:\/\/eltrabajo.cl\/portal\/wp-json\/wp\/v2\/categories?post=41891"},{"taxonomy":"post_tag","embeddable":true,"href":"https:\/\/eltrabajo.cl\/portal\/wp-json\/wp\/v2\/tags?post=41891"}],"curies":[{"name":"wp","href":"https:\/\/api.w.org\/{rel}","templated":true}]}}