{"id":41903,"date":"2014-01-14T09:37:02","date_gmt":"2014-01-14T12:37:02","guid":{"rendered":"http:\/\/www.eltrabajo.cl\/portal\/?p=41903"},"modified":"2014-01-14T09:37:02","modified_gmt":"2014-01-14T12:37:02","slug":"idolo-del-futbol-amateur-se-retira-tras-40-anos-de-no-soltar-el-balon","status":"publish","type":"post","link":"https:\/\/eltrabajo.cl\/portal\/idolo-del-futbol-amateur-se-retira-tras-40-anos-de-no-soltar-el-balon\/","title":{"rendered":"\u00cddolo del F\u00fatbol Amateur se retira tras 40 a\u00f1os de no soltar el bal\u00f3n"},"content":{"rendered":"<figure id=\"attachment_41904\" aria-describedby=\"caption-attachment-41904\" style=\"width: 317px\" class=\"wp-caption alignleft\"><a href=\"https:\/\/i0.wp.com\/www.eltrabajo.cl\/portal\/wp-content\/uploads\/2014\/01\/Mario-Rivero.jpg\"><img data-recalc-dims=\"1\" loading=\"lazy\" decoding=\"async\" class=\" wp-image-41904 \" title=\"Ex-mediocampista de contenci\u00f3n del Club Deportivo Central de Rinconada De Silva, Mario Francisco Rivero G\u00f3mez, se retira del f\u00fatbol Amateur tras 40 a\u00f1os de no soltar el bal\u00f3n.\" alt=\"Ex-mediocampista de contenci\u00f3n del Club Deportivo Central de Rinconada De Silva, Mario Francisco Rivero G\u00f3mez, se retira del f\u00fatbol Amateur tras 40 a\u00f1os de no soltar el bal\u00f3n.\" src=\"https:\/\/i0.wp.com\/www.eltrabajo.cl\/portal\/wp-content\/uploads\/2014\/01\/Mario-Rivero.jpg?resize=317%2C238\" width=\"317\" height=\"238\" srcset=\"https:\/\/i0.wp.com\/eltrabajo.cl\/portal\/wp-content\/uploads\/2014\/01\/Mario-Rivero.jpg?w=528&amp;ssl=1 528w, https:\/\/i0.wp.com\/eltrabajo.cl\/portal\/wp-content\/uploads\/2014\/01\/Mario-Rivero.jpg?resize=200%2C150&amp;ssl=1 200w, https:\/\/i0.wp.com\/eltrabajo.cl\/portal\/wp-content\/uploads\/2014\/01\/Mario-Rivero.jpg?resize=300%2C225&amp;ssl=1 300w, https:\/\/i0.wp.com\/eltrabajo.cl\/portal\/wp-content\/uploads\/2014\/01\/Mario-Rivero.jpg?resize=150%2C112&amp;ssl=1 150w, https:\/\/i0.wp.com\/eltrabajo.cl\/portal\/wp-content\/uploads\/2014\/01\/Mario-Rivero.jpg?resize=400%2C300&amp;ssl=1 400w\" sizes=\"auto, (max-width: 317px) 100vw, 317px\" \/><\/a><figcaption id=\"caption-attachment-41904\" class=\"wp-caption-text\">Ex-mediocampista de contenci\u00f3n del Club Deportivo Central de Rinconada De Silva, Mario Francisco Rivero G\u00f3mez, se retira del f\u00fatbol Amateur tras 40 a\u00f1os de no soltar el bal\u00f3n.<\/figcaption><\/figure>\n<p>Pocos deportistas del mundo, no importa en qu\u00e9 disciplina sea, logran salir \u2018por la puerta grande\u2019 y con honores, como lo har\u00e1 este s\u00e1bado en el estadio de Rinconada de Silva, a sus 64 a\u00f1os de edad, el popular ex mediocampista de contenci\u00f3n del Club Deportivo Central de Rinconada de Silva, Mario Francisco Rivero G\u00f3mez, quien decidi\u00f3 retirarse del f\u00fatbol competitivo tras 40 a\u00f1os de no soltar el bal\u00f3n en el f\u00fatbol Amateur.<\/p>\n<p>Se trata de uno de los deportistas m\u00e1s apreciados en el mundo del f\u00fatbol regional durante muchos a\u00f1os, es padre de dos hijos, Geovanni y Fabiola. Abuelo de dos nietos y quien por mucho tiempo figurara como uno de los referentes m\u00e1s connotados dentro y fuera de la cancha a nivel deportivo en el Club Central.<\/p>\n<figure id=\"attachment_41905\" aria-describedby=\"caption-attachment-41905\" style=\"width: 423px\" class=\"wp-caption alignright\"><a href=\"https:\/\/i0.wp.com\/www.eltrabajo.cl\/portal\/wp-content\/uploads\/2014\/01\/Equipo2.jpg\"><img data-recalc-dims=\"1\" loading=\"lazy\" decoding=\"async\" class=\" wp-image-41905 \" title=\"DEL RECUERDO.- En esta foto del Recuerdo tenemos en sus a\u00f1os de juventud, a Mario Rivero dentro del c\u00edrculo, un mediocampista de contenci\u00f3n que nunca lo pens\u00f3 dos veces para meter el pie y frenar al contrario.\" alt=\"DEL RECUERDO.- En esta foto del Recuerdo tenemos en sus a\u00f1os de juventud, a Mario Rivero dentro del c\u00edrculo, un mediocampista de contenci\u00f3n que nunca lo pens\u00f3 dos veces para meter el pie y frenar al contrario.\" src=\"https:\/\/i0.wp.com\/www.eltrabajo.cl\/portal\/wp-content\/uploads\/2014\/01\/Equipo2.jpg?resize=423%2C239\" width=\"423\" height=\"239\" srcset=\"https:\/\/i0.wp.com\/eltrabajo.cl\/portal\/wp-content\/uploads\/2014\/01\/Equipo2.jpg?w=529&amp;ssl=1 529w, https:\/\/i0.wp.com\/eltrabajo.cl\/portal\/wp-content\/uploads\/2014\/01\/Equipo2.jpg?resize=200%2C113&amp;ssl=1 200w, https:\/\/i0.wp.com\/eltrabajo.cl\/portal\/wp-content\/uploads\/2014\/01\/Equipo2.jpg?resize=300%2C169&amp;ssl=1 300w, https:\/\/i0.wp.com\/eltrabajo.cl\/portal\/wp-content\/uploads\/2014\/01\/Equipo2.jpg?resize=150%2C84&amp;ssl=1 150w, https:\/\/i0.wp.com\/eltrabajo.cl\/portal\/wp-content\/uploads\/2014\/01\/Equipo2.jpg?resize=400%2C226&amp;ssl=1 400w\" sizes=\"auto, (max-width: 423px) 100vw, 423px\" \/><\/a><figcaption id=\"caption-attachment-41905\" class=\"wp-caption-text\">DEL RECUERDO.- En esta foto del Recuerdo tenemos en sus a\u00f1os de juventud, a Mario Rivero dentro del c\u00edrculo, un mediocampista de contenci\u00f3n que nunca lo pens\u00f3 dos veces para meter el pie y frenar al contrario.<\/figcaption><\/figure>\n<p>&nbsp;<\/p>\n<p><strong>A SOLAS CON\u00a0MARIO RIVERO<\/strong><\/p>\n<p>Diario El Trabajo habl\u00f3 con el futbolista a quien la Junta Directiva del Club Central rendir\u00e1 homenaje y digna despedida el pr\u00f3ximo s\u00e1bado 18 de enero a las 16:00 horas y en su propio estadio. Mario Rivero habl\u00f3 de sus logros y sue\u00f1os cumplidos en estas cuatro d\u00e9cadas de entregarlo todo en cada partido.<\/p>\n<figure id=\"attachment_41907\" aria-describedby=\"caption-attachment-41907\" style=\"width: 422px\" class=\"wp-caption alignleft\"><a href=\"https:\/\/i0.wp.com\/www.eltrabajo.cl\/portal\/wp-content\/uploads\/2014\/01\/Directiva1.jpg\"><img data-recalc-dims=\"1\" loading=\"lazy\" decoding=\"async\" class=\" wp-image-41907 \" title=\"PIONEROS.- Como directivo, Mario tambi\u00e9n brill\u00f3 en su momento, pues aqu\u00ed lo vemos al lado de Fernando Gonz\u00e1lez, Sergio Ferrada y Andr\u00e9s Casas en 2008.\" alt=\"PIONEROS.- Como directivo, Mario tambi\u00e9n brill\u00f3 en su momento, pues aqu\u00ed lo vemos al lado de Fernando Gonz\u00e1lez, Sergio Ferrada y Andr\u00e9s Casas en 2008.\" src=\"https:\/\/i0.wp.com\/www.eltrabajo.cl\/portal\/wp-content\/uploads\/2014\/01\/Directiva1.jpg?resize=422%2C246\" width=\"422\" height=\"246\" srcset=\"https:\/\/i0.wp.com\/eltrabajo.cl\/portal\/wp-content\/uploads\/2014\/01\/Directiva1.jpg?w=528&amp;ssl=1 528w, https:\/\/i0.wp.com\/eltrabajo.cl\/portal\/wp-content\/uploads\/2014\/01\/Directiva1.jpg?resize=200%2C116&amp;ssl=1 200w, https:\/\/i0.wp.com\/eltrabajo.cl\/portal\/wp-content\/uploads\/2014\/01\/Directiva1.jpg?resize=300%2C174&amp;ssl=1 300w, https:\/\/i0.wp.com\/eltrabajo.cl\/portal\/wp-content\/uploads\/2014\/01\/Directiva1.jpg?resize=150%2C87&amp;ssl=1 150w, https:\/\/i0.wp.com\/eltrabajo.cl\/portal\/wp-content\/uploads\/2014\/01\/Directiva1.jpg?resize=400%2C232&amp;ssl=1 400w\" sizes=\"auto, (max-width: 422px) 100vw, 422px\" \/><\/a><figcaption id=\"caption-attachment-41907\" class=\"wp-caption-text\">PIONEROS.- Como directivo, Mario tambi\u00e9n brill\u00f3 en su momento, pues aqu\u00ed lo vemos al lado de Fernando Gonz\u00e1lez, Sergio Ferrada y Andr\u00e9s Casas en 2008.<\/figcaption><\/figure>\n<p><strong>&#8211; \u00bfC\u00f3mo empez\u00f3 esta aventura de futbolista?<\/strong><\/p>\n<p>&#8211; \u00abLa primera vez que toqu\u00e9 un bal\u00f3n, fue en las Ligas Menores del Club Deportivo Iberia, muy poco estuve ah\u00ed y r\u00e1pidamente me vincul\u00e9 al Club Central. Llegu\u00e9 en diciembre de 1973\u00bb.<\/p>\n<p><strong>&#8211; \u00bfC\u00f3mo eran esas jornadas en aquellos a\u00f1os?<\/strong><\/p>\n<p>&#8211; \u00abEran otros tiempos, recuerdo que jug\u00e1bamos en pura tierra, sin pasto y en condiciones muy diferentes, no hab\u00edan camarines y por eso nos ba\u00f1\u00e1bamos en los canales de riego, no importaba si el agua no era limpia, lo importante era refrescarnos y quitarnos el calor\u00bb.<\/p>\n<figure id=\"attachment_41908\" aria-describedby=\"caption-attachment-41908\" style=\"width: 423px\" class=\"wp-caption alignright\"><a href=\"https:\/\/i0.wp.com\/www.eltrabajo.cl\/portal\/wp-content\/uploads\/2014\/01\/Copa1.jpg\"><img data-recalc-dims=\"1\" loading=\"lazy\" decoding=\"async\" class=\"wp-image-41908 \" title=\"UN CAMPE\u00d3N.- Los trofeos y medallas siempre han buscado el camino para llegar a las manos de Mario Rivero, \u00bfo ser\u00e1 que \u00e9l busc\u00f3 la senda para llegar a las conquistas logradas?\" alt=\"UN CAMPE\u00d3N.- Los trofeos y medallas siempre han buscado el camino para llegar a las manos de Mario Rivero, \u00bfo ser\u00e1 que \u00e9l busc\u00f3 la senda para llegar a las conquistas logradas?\" src=\"https:\/\/i0.wp.com\/www.eltrabajo.cl\/portal\/wp-content\/uploads\/2014\/01\/Copa1.jpg?resize=423%2C286\" width=\"423\" height=\"286\" srcset=\"https:\/\/i0.wp.com\/eltrabajo.cl\/portal\/wp-content\/uploads\/2014\/01\/Copa1.jpg?w=529&amp;ssl=1 529w, https:\/\/i0.wp.com\/eltrabajo.cl\/portal\/wp-content\/uploads\/2014\/01\/Copa1.jpg?resize=200%2C135&amp;ssl=1 200w, https:\/\/i0.wp.com\/eltrabajo.cl\/portal\/wp-content\/uploads\/2014\/01\/Copa1.jpg?resize=300%2C203&amp;ssl=1 300w, https:\/\/i0.wp.com\/eltrabajo.cl\/portal\/wp-content\/uploads\/2014\/01\/Copa1.jpg?resize=150%2C101&amp;ssl=1 150w, https:\/\/i0.wp.com\/eltrabajo.cl\/portal\/wp-content\/uploads\/2014\/01\/Copa1.jpg?resize=400%2C270&amp;ssl=1 400w\" sizes=\"auto, (max-width: 423px) 100vw, 423px\" \/><\/a><figcaption id=\"caption-attachment-41908\" class=\"wp-caption-text\">UN CAMPE\u00d3N.- Los trofeos y medallas siempre han buscado el camino para llegar a las manos de Mario Rivero, \u00bfo ser\u00e1 que \u00e9l busc\u00f3 la senda para llegar a las conquistas logradas?<\/figcaption><\/figure>\n<p><strong>&#8211; \u00bfPero usted tambi\u00e9n trabajaba?<\/strong><\/p>\n<p>&#8211; \u00abClaro que yo ten\u00eda un trabajo. Labor\u00e9 26 a\u00f1os como Administrador del Departamento de Transportes de la desaparecida empresa Productos Pl\u00e1sticos del Pac\u00edfico S.A., actualmente ahora soy comerciante, compro y vendo autos usados\u00bb.<\/p>\n<p><strong>&#8211; \u00bfCobraba usted por sus servicios como jugador?<\/strong><\/p>\n<p>&#8211; \u00abNo. Nunca cobr\u00e9 un solo peso por jugar, entiendo que ahora cuando se puede, se les paga a los jugadores en el f\u00fatbol Amateur, pero en aquellos tiempos nadie cobraba, m\u00e1s bien a veces hab\u00eda que poner dinero para comprar un trofeo o lo que hiciera falta en alguna actividad\u00bb.<\/p>\n<p><strong>&#8211; \u00bfQu\u00e9 logros obtuvo en estas cuatro d\u00e9cadas?<\/strong><\/p>\n<p>&#8211; \u00abEn estos 40 a\u00f1os de estar con el Club Central, recuerdo que logr\u00e9 siete t\u00edtulos de Campeones con el Primer Equipo y cuatro t\u00edtulos de Campeones con la categor\u00eda Junior. Recuerdo tambi\u00e9n que fuimos el primer estadio de Putaendo que tuvimos camarines 4X4 y que yo sepa, nuestro club cuenta con el mejor estadio de todo el Valle de Aconcagua\u00bb.<\/p>\n<p><strong>&#8211; \u00bfQu\u00e9 recuerdos tienes de tu paso por el Club Central?<\/strong><\/p>\n<p>&#8211; \u00abHice de todo en el club, a veces dirigente; otras veces de jugador; en otras ocasiones DT y hasta presidente del club llegu\u00e9 a ser el a\u00f1o 1988, jugar f\u00fatbol es mi vida, aunque me retire ahora del f\u00fatbol competitivo, que es por la disputa de puntos, s\u00e9 que nadie me sacar\u00e1 de las canchas ayudando en lo que sea\u00bb.<\/p>\n<p><strong>&#8211; \u00bfQu\u00e9 clase de homenaje es el que le har\u00e1n el s\u00e1bado?<\/strong><\/p>\n<p>&#8211; \u00abYo anunci\u00e9 mi retiro en diciembre, pero luego que firm\u00e9 mis papeles, la Directiva del Central me plantearon este homenaje, por lo que tambi\u00e9n me ofrecieron la posibilidad de armar un partido a mi gusto y con los jugadores que yo quiera, por lo que convoqu\u00e9 a 25 veteranos de mi \u00e9poca, con los que jugu\u00e9 y a los que tambi\u00e9n enfrent\u00e9 de otros clubes, todos estaremos ah\u00ed para disfrutar y recordar aquellos tiempos de sana juventud, por eso y mucho m\u00e1s es que doy gracias a Dios y a todos los que me han acompa\u00f1ado en estos 40 a\u00f1os de f\u00fatbol\u00bb.<\/p>\n<p>Efectivamente, pocos deportistas logran tener las ganas de triunfar y el amor a la Camiseta, que durante toda su vida ha profesado Don Mario Rivero, es por ello que todos los que laboramos en Diario El Trabajo, hoy le felicitamos p\u00fablicamente por su sana trayectoria y gran amor al f\u00fatbol.<\/p>\n<p>Roberto Gonz\u00e1lez Short<\/p>\n<p>rgonzalez@eltrabajo.cl<\/p>\n<p>&nbsp;<\/p>\n","protected":false},"excerpt":{"rendered":"<p>Pocos deportistas del mundo, no importa en qu\u00e9 disciplina sea, logran salir \u2018por la puerta grande\u2019 y con honores, como lo har\u00e1 este s\u00e1bado en el estadio de Rinconada de Silva, a&#8230;<\/p>\n","protected":false},"author":482,"featured_media":41904,"comment_status":"open","ping_status":"closed","sticky":false,"template":"","format":"standard","meta":{"advanced_seo_description":"","jetpack_seo_html_title":"","jetpack_seo_noindex":false,"_jetpack_memberships_contains_paid_content":false,"footnotes":""},"categories":[15],"tags":[],"class_list":["post-41903","post","type-post","status-publish","format-standard","has-post-thumbnail","hentry","category-comunidad"],"jetpack_featured_media_url":"https:\/\/i0.wp.com\/eltrabajo.cl\/portal\/wp-content\/uploads\/2014\/01\/Mario-Rivero.jpg?fit=528%2C396&ssl=1","jetpack_sharing_enabled":true,"jetpack_likes_enabled":true,"jetpack-related-posts":[],"_links":{"self":[{"href":"https:\/\/eltrabajo.cl\/portal\/wp-json\/wp\/v2\/posts\/41903","targetHints":{"allow":["GET"]}}],"collection":[{"href":"https:\/\/eltrabajo.cl\/portal\/wp-json\/wp\/v2\/posts"}],"about":[{"href":"https:\/\/eltrabajo.cl\/portal\/wp-json\/wp\/v2\/types\/post"}],"author":[{"embeddable":true,"href":"https:\/\/eltrabajo.cl\/portal\/wp-json\/wp\/v2\/users\/482"}],"replies":[{"embeddable":true,"href":"https:\/\/eltrabajo.cl\/portal\/wp-json\/wp\/v2\/comments?post=41903"}],"version-history":[{"count":0,"href":"https:\/\/eltrabajo.cl\/portal\/wp-json\/wp\/v2\/posts\/41903\/revisions"}],"wp:featuredmedia":[{"embeddable":true,"href":"https:\/\/eltrabajo.cl\/portal\/wp-json\/wp\/v2\/media\/41904"}],"wp:attachment":[{"href":"https:\/\/eltrabajo.cl\/portal\/wp-json\/wp\/v2\/media?parent=41903"}],"wp:term":[{"taxonomy":"category","embeddable":true,"href":"https:\/\/eltrabajo.cl\/portal\/wp-json\/wp\/v2\/categories?post=41903"},{"taxonomy":"post_tag","embeddable":true,"href":"https:\/\/eltrabajo.cl\/portal\/wp-json\/wp\/v2\/tags?post=41903"}],"curies":[{"name":"wp","href":"https:\/\/api.w.org\/{rel}","templated":true}]}}