{"id":41911,"date":"2014-01-14T09:40:19","date_gmt":"2014-01-14T12:40:19","guid":{"rendered":"http:\/\/www.eltrabajo.cl\/portal\/?p=41911"},"modified":"2014-01-14T09:40:19","modified_gmt":"2014-01-14T12:40:19","slug":"musica-afroperuana-y-la-magia-del-oriente-esta-semana-en-san-felipe","status":"publish","type":"post","link":"https:\/\/eltrabajo.cl\/portal\/musica-afroperuana-y-la-magia-del-oriente-esta-semana-en-san-felipe\/","title":{"rendered":"M\u00fasica afroperuana y la magia del oriente esta semana en San Felipe"},"content":{"rendered":"<figure id=\"attachment_41912\" aria-describedby=\"caption-attachment-41912\" style=\"width: 529px\" class=\"wp-caption alignnone\"><a href=\"https:\/\/i0.wp.com\/www.eltrabajo.cl\/portal\/wp-content\/uploads\/2014\/01\/a_golpe_de_tierra_04.jpg\"><img data-recalc-dims=\"1\" loading=\"lazy\" decoding=\"async\" class=\"size-full wp-image-41912\" title=\"El musical peruano \u2018Golpe de tierra\u2019 se presentar\u00e1 este mi\u00e9rcoles con alrededor de 20 m\u00fasicos que brindan un espect\u00e1culo de primer nivel.\" alt=\"El musical peruano \u2018Golpe de tierra\u2019 se presentar\u00e1 este mi\u00e9rcoles con alrededor de 20 m\u00fasicos que brindan un espect\u00e1culo de primer nivel.\" src=\"https:\/\/i0.wp.com\/www.eltrabajo.cl\/portal\/wp-content\/uploads\/2014\/01\/a_golpe_de_tierra_04.jpg?resize=529%2C354\" width=\"529\" height=\"354\" srcset=\"https:\/\/i0.wp.com\/eltrabajo.cl\/portal\/wp-content\/uploads\/2014\/01\/a_golpe_de_tierra_04.jpg?w=529&amp;ssl=1 529w, https:\/\/i0.wp.com\/eltrabajo.cl\/portal\/wp-content\/uploads\/2014\/01\/a_golpe_de_tierra_04.jpg?resize=200%2C133&amp;ssl=1 200w, https:\/\/i0.wp.com\/eltrabajo.cl\/portal\/wp-content\/uploads\/2014\/01\/a_golpe_de_tierra_04.jpg?resize=300%2C200&amp;ssl=1 300w, https:\/\/i0.wp.com\/eltrabajo.cl\/portal\/wp-content\/uploads\/2014\/01\/a_golpe_de_tierra_04.jpg?resize=150%2C100&amp;ssl=1 150w, https:\/\/i0.wp.com\/eltrabajo.cl\/portal\/wp-content\/uploads\/2014\/01\/a_golpe_de_tierra_04.jpg?resize=400%2C267&amp;ssl=1 400w\" sizes=\"auto, (max-width: 529px) 100vw, 529px\" \/><\/a><figcaption id=\"caption-attachment-41912\" class=\"wp-caption-text\">El musical peruano \u2018Golpe de tierra\u2019 se presentar\u00e1 este mi\u00e9rcoles con alrededor de 20 m\u00fasicos que brindan un espect\u00e1culo de primer nivel.<\/figcaption><\/figure>\n<ul>\n<li><strong>Se presentan en el marco del convenio firmado por el Alcalde Patricio Freire y la Fundaci\u00f3n Teatro a Mil.<\/strong><\/li>\n<\/ul>\n<p>Dos espect\u00e1culos de nivel internacional se presentar\u00e1n el mi\u00e9rcoles y el viernes de esta semana en la comuna de San Felipe, en el marco del convenio firmado con la Fundaci\u00f3n Teatro a Mil.<\/p>\n<figure id=\"attachment_41913\" aria-describedby=\"caption-attachment-41913\" style=\"width: 423px\" class=\"wp-caption alignright\"><a href=\"https:\/\/i0.wp.com\/www.eltrabajo.cl\/portal\/wp-content\/uploads\/2014\/01\/summer-fanta.jpg\"><img data-recalc-dims=\"1\" loading=\"lazy\" decoding=\"async\" class=\" wp-image-41913 \" title=\"Este viernes 17 San Felipe podr\u00e1 disfrutar del espect\u00e1culo \u2018Summer Fantasies\u2019 en la Plaza C\u00edvica y que contempla la presentaci\u00f3n de un espect\u00e1culo chino de magia y malabarismo.\" alt=\"Este viernes 17 San Felipe podr\u00e1 disfrutar del espect\u00e1culo \u2018Summer Fantasies\u2019 en la Plaza C\u00edvica y que contempla la presentaci\u00f3n de un espect\u00e1culo chino de magia y malabarismo.\" src=\"https:\/\/i0.wp.com\/www.eltrabajo.cl\/portal\/wp-content\/uploads\/2014\/01\/summer-fanta.jpg?resize=423%2C231\" width=\"423\" height=\"231\" srcset=\"https:\/\/i0.wp.com\/eltrabajo.cl\/portal\/wp-content\/uploads\/2014\/01\/summer-fanta.jpg?w=529&amp;ssl=1 529w, https:\/\/i0.wp.com\/eltrabajo.cl\/portal\/wp-content\/uploads\/2014\/01\/summer-fanta.jpg?resize=200%2C109&amp;ssl=1 200w, https:\/\/i0.wp.com\/eltrabajo.cl\/portal\/wp-content\/uploads\/2014\/01\/summer-fanta.jpg?resize=300%2C163&amp;ssl=1 300w, https:\/\/i0.wp.com\/eltrabajo.cl\/portal\/wp-content\/uploads\/2014\/01\/summer-fanta.jpg?resize=150%2C81&amp;ssl=1 150w, https:\/\/i0.wp.com\/eltrabajo.cl\/portal\/wp-content\/uploads\/2014\/01\/summer-fanta.jpg?resize=400%2C218&amp;ssl=1 400w\" sizes=\"auto, (max-width: 423px) 100vw, 423px\" \/><\/a><figcaption id=\"caption-attachment-41913\" class=\"wp-caption-text\">Este viernes 17 San Felipe podr\u00e1 disfrutar del espect\u00e1culo \u2018Summer Fantasies\u2019 en la Plaza C\u00edvica y que contempla la presentaci\u00f3n de un espect\u00e1culo chino de magia y malabarismo.<\/figcaption><\/figure>\n<p>Este mi\u00e9rcoles se presentar\u00e1 el musical peruano llamado \u2018Golpe de tierra\u2019, a cargo de Mar\u00eda Carmen Dongo, una artista que rescata los sonidos de la m\u00fasica afroperuana y que se ha presentado en los m\u00e1s importantes escenarios y que este mi\u00e9rcoles actuar\u00e1 junto a alrededor de 20 m\u00fasicos en un espect\u00e1culo de primer nivel.<\/p>\n<p>Luego el viernes 17 de enero se presentar\u00e1 la delegaci\u00f3n china con el espect\u00e1culo Summer Fantasies, que son parte de la programaci\u00f3n de Teatro a Mil, agrupaci\u00f3n que actuar\u00e1 en la Plaza C\u00edvica y que contempla la presentaci\u00f3n de un espect\u00e1culo de magia y malabarismo.<\/p>\n<p>\u201cAmbos espect\u00e1culos comienzan a las 20 horas, la entrada es liberada y la invitaci\u00f3n es a todos los sanfelipe\u00f1os para que participen y a todos los aconcag\u00fcinos por la relevancia y por ser espect\u00e1culos de primer orden a nivel mundial\u201d, dijo el coordinador comunal de Cultura, Ricardo Ruiz.<\/p>\n<p>La presentaci\u00f3n de este tipo de espect\u00e1culos se da en el marco del convenio firmado por el Alcalde Patricio Freire y la Fundaci\u00f3n Teatro a Mil, que permite que las distintas delegaciones que se presentan en Santiago, lo hagan tambi\u00e9n en San Felipe, una de las pocas comunas en las cuales los vecinos pueden admirar el nivel art\u00edstico internacional.<\/p>\n","protected":false},"excerpt":{"rendered":"<p>Se presentan en el marco del convenio firmado por el Alcalde Patricio Freire y la Fundaci\u00f3n Teatro a Mil. Dos espect\u00e1culos de nivel internacional se presentar\u00e1n el mi\u00e9rcoles y el viernes de&#8230;<\/p>\n","protected":false},"author":482,"featured_media":41912,"comment_status":"open","ping_status":"closed","sticky":false,"template":"","format":"standard","meta":{"advanced_seo_description":"","jetpack_seo_html_title":"","jetpack_seo_noindex":false,"_jetpack_memberships_contains_paid_content":false,"footnotes":""},"categories":[15],"tags":[],"class_list":["post-41911","post","type-post","status-publish","format-standard","has-post-thumbnail","hentry","category-comunidad"],"jetpack_featured_media_url":"https:\/\/i0.wp.com\/eltrabajo.cl\/portal\/wp-content\/uploads\/2014\/01\/a_golpe_de_tierra_04.jpg?fit=529%2C354&ssl=1","jetpack_sharing_enabled":true,"jetpack_likes_enabled":true,"jetpack-related-posts":[],"_links":{"self":[{"href":"https:\/\/eltrabajo.cl\/portal\/wp-json\/wp\/v2\/posts\/41911","targetHints":{"allow":["GET"]}}],"collection":[{"href":"https:\/\/eltrabajo.cl\/portal\/wp-json\/wp\/v2\/posts"}],"about":[{"href":"https:\/\/eltrabajo.cl\/portal\/wp-json\/wp\/v2\/types\/post"}],"author":[{"embeddable":true,"href":"https:\/\/eltrabajo.cl\/portal\/wp-json\/wp\/v2\/users\/482"}],"replies":[{"embeddable":true,"href":"https:\/\/eltrabajo.cl\/portal\/wp-json\/wp\/v2\/comments?post=41911"}],"version-history":[{"count":0,"href":"https:\/\/eltrabajo.cl\/portal\/wp-json\/wp\/v2\/posts\/41911\/revisions"}],"wp:featuredmedia":[{"embeddable":true,"href":"https:\/\/eltrabajo.cl\/portal\/wp-json\/wp\/v2\/media\/41912"}],"wp:attachment":[{"href":"https:\/\/eltrabajo.cl\/portal\/wp-json\/wp\/v2\/media?parent=41911"}],"wp:term":[{"taxonomy":"category","embeddable":true,"href":"https:\/\/eltrabajo.cl\/portal\/wp-json\/wp\/v2\/categories?post=41911"},{"taxonomy":"post_tag","embeddable":true,"href":"https:\/\/eltrabajo.cl\/portal\/wp-json\/wp\/v2\/tags?post=41911"}],"curies":[{"name":"wp","href":"https:\/\/api.w.org\/{rel}","templated":true}]}}